{"id":384,"date":"2026-09-05T10:03:14","date_gmt":"2026-09-05T08:03:14","guid":{"rendered":"https:\/\/gazetteinfos.net\/?p=384"},"modified":"2026-09-05T10:03:18","modified_gmt":"2026-09-05T08:03:18","slug":"lambert-mende-desavoue-sauvons-le-congo-et-conteste-son-statut-dans-lopposition","status":"publish","type":"post","link":"https:\/\/gazetteinfos.net\/index.php\/2026\/09\/05\/lambert-mende-desavoue-sauvons-le-congo-et-conteste-son-statut-dans-lopposition\/","title":{"rendered":"Lambert Mende d\u00e9savoue \u00ab Sauvons le Congo \u00bb et conteste son statut dans l\u2019opposition"},"content":{"rendered":"\n<p class=\"wp-block-paragraph\">Kinshasa \u2014 Le d\u00e9bat politique en R\u00e9publique d\u00e9mocratique du Congo conna\u00eet une nouvelle passe d\u2019armes autour du mouvement \u00ab Sauvons le Congo \u00bb. Sur top Congo Fm,Lambert Mende a vivement contest\u00e9 la l\u00e9gitimit\u00e9 de ses membres \u00e0 se pr\u00e9senter comme des acteurs de l\u2019opposition congolaise.\u200e\u200e<\/p>\n\n\n\n<p class=\"wp-block-paragraph\">Selon l\u2019ancien ministre et cadre politique, les membres de \u00ab Sauvons le Congo \u00bb ne disposeraient pas d\u2019un statut leur permettant d\u2019\u00eatre consid\u00e9r\u00e9s comme faisant partie de l\u2019opposition politique en R\u00e9publique d\u00e9mocratique du Congo.\u200e\u200e<\/p>\n\n\n\n<p class=\"wp-block-paragraph\">\u00ab\u00ab Ils ne font pas partie de l\u2019opposition parce qu\u2019ils n\u2019ont pas un statut au Congo. Ils sont hors circuit \u00bb, a d\u00e9clar\u00e9 Lambert Mende.\u00bb<\/p>\n\n\n\n<p class=\"wp-block-paragraph\">\u200e\u200ePoursuivant son propos, il a \u00e9galement formul\u00e9 de graves accusations \u00e0 l\u2019encontre de ce mouvement, affirmant que ses membres auraient \u00e9t\u00e9 \u00e9cart\u00e9s de la sc\u00e8ne politique parce qu\u2019ils travailleraient, selon lui, \u00ab pour les Rwandais \u00bb.\u200e\u200e<\/p>\n\n\n\n<p class=\"wp-block-paragraph\">Ces d\u00e9clarations interviennent dans un contexte politique particuli\u00e8rement tendu en RDC, o\u00f9 les prises de position des diff\u00e9rents acteurs de l\u2019opposition et de la majorit\u00e9 suscitent r\u00e9guli\u00e8rement de vifs \u00e9changes.\u200e\u200e<\/p>\n\n\n\n<p class=\"wp-block-paragraph\"><strong><em>R\u00e9daction<\/em><\/strong><\/p>\n","protected":false},"excerpt":{"rendered":"<p>Kinshasa \u2014 Le d\u00e9bat politique en R\u00e9publique d\u00e9mocratique du Congo conna\u00eet une nouvelle passe d\u2019armes autour du mouvement \u00ab Sauvons le Congo \u00bb. Sur top Congo Fm,Lambert\u2026<\/p>\n","protected":false},"author":1,"featured_media":385,"comment_status":"open","ping_status":"open","sticky":false,"template":"","format":"standard","meta":{"footnotes":""},"categories":[2],"tags":[],"gi_province":[16],"class_list":["post-384","post","type-post","status-publish","format-standard","has-post-thumbnail","hentry","category-actualite","gi_province-kinshasa"],"yoast_head":"<!-- This site is optimized with the Yoast SEO plugin v28.4 - https:\/\/yoast.com\/product\/yoast-seo-wordpress\/ -->\n<title>Lambert Mende d\u00e9savoue \u00ab Sauvons le Congo \u00bb et conteste son statut dans l\u2019opposition - Gazette Info<\/title>\n<meta name=\"robots\" content=\"index, follow, max-snippet:-1, max-image-preview:large, max-video-preview:-1\" \/>\n<link rel=\"canonical\" href=\"https:\/\/gazetteinfos.net\/index.php\/2026\/09\/05\/lambert-mende-desavoue-sauvons-le-congo-et-conteste-son-statut-dans-lopposition\/\" \/>\n<meta property=\"og:locale\" content=\"fr_FR\" \/>\n<meta property=\"og:type\" content=\"article\" \/>\n<meta property=\"og:title\" content=\"Lambert Mende d\u00e9savoue \u00ab Sauvons le Congo \u00bb et conteste son statut dans l\u2019opposition - Gazette Info\" \/>\n<meta property=\"og:description\" content=\"Kinshasa \u2014 Le d\u00e9bat politique en R\u00e9publique d\u00e9mocratique du Congo conna\u00eet une nouvelle passe d\u2019armes autour du mouvement \u00ab Sauvons le Congo \u00bb. Sur top Congo Fm,Lambert\u2026\" \/>\n<meta property=\"og:url\" content=\"https:\/\/gazetteinfos.net\/index.php\/2026\/09\/05\/lambert-mende-desavoue-sauvons-le-congo-et-conteste-son-statut-dans-lopposition\/\" \/>\n<meta property=\"og:site_name\" content=\"Gazette Info\" \/>\n<meta property=\"article:published_time\" content=\"2026-09-05T08:03:14+00:00\" \/>\n<meta property=\"article:modified_time\" content=\"2026-09-05T08:03:18+00:00\" \/>\n<meta property=\"og:image\" content=\"https:\/\/gazetteinfos.net\/wp-content\/uploads\/2026\/09\/1788594945766.jpg\" \/>\n\t<meta property=\"og:image:width\" content=\"720\" \/>\n\t<meta property=\"og:image:height\" content=\"377\" \/>\n\t<meta property=\"og:image:type\" content=\"image\/jpeg\" \/>\n<meta name=\"author\" content=\"gazettead2024gmailcom\" \/>\n<meta name=\"twitter:card\" content=\"summary_large_image\" \/>\n<meta name=\"twitter:label1\" content=\"\u00c9crit par\" \/>\n\t<meta name=\"twitter:data1\" content=\"gazettead2024gmailcom\" \/>\n\t<meta name=\"twitter:label2\" content=\"Dur\u00e9e de lecture estim\u00e9e\" \/>\n\t<meta name=\"twitter:data2\" content=\"2 minutes\" \/>\n<script type=\"application\/ld+json\" class=\"yoast-schema-graph\">{\"@context\":\"https:\\\/\\\/schema.org\",\"@graph\":[{\"@type\":\"Article\",\"@id\":\"https:\\\/\\\/gazetteinfos.net\\\/index.php\\\/2026\\\/09\\\/05\\\/lambert-mende-desavoue-sauvons-le-congo-et-conteste-son-statut-dans-lopposition\\\/#article\",\"isPartOf\":{\"@id\":\"https:\\\/\\\/gazetteinfos.net\\\/index.php\\\/2026\\\/09\\\/05\\\/lambert-mende-desavoue-sauvons-le-congo-et-conteste-son-statut-dans-lopposition\\\/\"},\"author\":{\"name\":\"gazettead2024gmailcom\",\"@id\":\"https:\\\/\\\/gazetteinfos.net\\\/#\\\/schema\\\/person\\\/d73ae61684083b98fa750c4800983201\"},\"headline\":\"Lambert Mende d\u00e9savoue \u00ab Sauvons le Congo \u00bb et conteste son statut dans l\u2019opposition\",\"datePublished\":\"2026-09-05T08:03:14+00:00\",\"dateModified\":\"2026-09-05T08:03:18+00:00\",\"mainEntityOfPage\":{\"@id\":\"https:\\\/\\\/gazetteinfos.net\\\/index.php\\\/2026\\\/09\\\/05\\\/lambert-mende-desavoue-sauvons-le-congo-et-conteste-son-statut-dans-lopposition\\\/\"},\"wordCount\":206,\"commentCount\":0,\"publisher\":{\"@id\":\"https:\\\/\\\/gazetteinfos.net\\\/#organization\"},\"image\":{\"@id\":\"https:\\\/\\\/gazetteinfos.net\\\/index.php\\\/2026\\\/09\\\/05\\\/lambert-mende-desavoue-sauvons-le-congo-et-conteste-son-statut-dans-lopposition\\\/#primaryimage\"},\"thumbnailUrl\":\"https:\\\/\\\/gazetteinfos.net\\\/wp-content\\\/uploads\\\/2026\\\/09\\\/1788594945766.jpg\",\"articleSection\":[\"Actualit\u00e9\"],\"inLanguage\":\"fr-FR\",\"potentialAction\":[{\"@type\":\"CommentAction\",\"name\":\"Comment\",\"target\":[\"https:\\\/\\\/gazetteinfos.net\\\/index.php\\\/2026\\\/09\\\/05\\\/lambert-mende-desavoue-sauvons-le-congo-et-conteste-son-statut-dans-lopposition\\\/#respond\"]}]},{\"@type\":\"WebPage\",\"@id\":\"https:\\\/\\\/gazetteinfos.net\\\/index.php\\\/2026\\\/09\\\/05\\\/lambert-mende-desavoue-sauvons-le-congo-et-conteste-son-statut-dans-lopposition\\\/\",\"url\":\"https:\\\/\\\/gazetteinfos.net\\\/index.php\\\/2026\\\/09\\\/05\\\/lambert-mende-desavoue-sauvons-le-congo-et-conteste-son-statut-dans-lopposition\\\/\",\"name\":\"Lambert Mende d\u00e9savoue \u00ab Sauvons le Congo \u00bb et conteste son statut dans l\u2019opposition - Gazette Info\",\"isPartOf\":{\"@id\":\"https:\\\/\\\/gazetteinfos.net\\\/#website\"},\"primaryImageOfPage\":{\"@id\":\"https:\\\/\\\/gazetteinfos.net\\\/index.php\\\/2026\\\/09\\\/05\\\/lambert-mende-desavoue-sauvons-le-congo-et-conteste-son-statut-dans-lopposition\\\/#primaryimage\"},\"image\":{\"@id\":\"https:\\\/\\\/gazetteinfos.net\\\/index.php\\\/2026\\\/09\\\/05\\\/lambert-mende-desavoue-sauvons-le-congo-et-conteste-son-statut-dans-lopposition\\\/#primaryimage\"},\"thumbnailUrl\":\"https:\\\/\\\/gazetteinfos.net\\\/wp-content\\\/uploads\\\/2026\\\/09\\\/1788594945766.jpg\",\"datePublished\":\"2026-09-05T08:03:14+00:00\",\"dateModified\":\"2026-09-05T08:03:18+00:00\",\"breadcrumb\":{\"@id\":\"https:\\\/\\\/gazetteinfos.net\\\/index.php\\\/2026\\\/09\\\/05\\\/lambert-mende-desavoue-sauvons-le-congo-et-conteste-son-statut-dans-lopposition\\\/#breadcrumb\"},\"inLanguage\":\"fr-FR\",\"potentialAction\":[{\"@type\":\"ReadAction\",\"target\":[\"https:\\\/\\\/gazetteinfos.net\\\/index.php\\\/2026\\\/09\\\/05\\\/lambert-mende-desavoue-sauvons-le-congo-et-conteste-son-statut-dans-lopposition\\\/\"]}]},{\"@type\":\"ImageObject\",\"inLanguage\":\"fr-FR\",\"@id\":\"https:\\\/\\\/gazetteinfos.net\\\/index.php\\\/2026\\\/09\\\/05\\\/lambert-mende-desavoue-sauvons-le-congo-et-conteste-son-statut-dans-lopposition\\\/#primaryimage\",\"url\":\"https:\\\/\\\/gazetteinfos.net\\\/wp-content\\\/uploads\\\/2026\\\/09\\\/1788594945766.jpg\",\"contentUrl\":\"https:\\\/\\\/gazetteinfos.net\\\/wp-content\\\/uploads\\\/2026\\\/09\\\/1788594945766.jpg\",\"width\":720,\"height\":377},{\"@type\":\"BreadcrumbList\",\"@id\":\"https:\\\/\\\/gazetteinfos.net\\\/index.php\\\/2026\\\/09\\\/05\\\/lambert-mende-desavoue-sauvons-le-congo-et-conteste-son-statut-dans-lopposition\\\/#breadcrumb\",\"itemListElement\":[{\"@type\":\"ListItem\",\"position\":1,\"name\":\"Home\",\"item\":\"https:\\\/\\\/gazetteinfos.net\\\/index.php\\\/accueil\\\/?lang=fr\"},{\"@type\":\"ListItem\",\"position\":2,\"name\":\"Lambert Mende d\u00e9savoue \u00ab Sauvons le Congo \u00bb et conteste son statut dans l\u2019opposition\"}]},{\"@type\":\"WebSite\",\"@id\":\"https:\\\/\\\/gazetteinfos.net\\\/#website\",\"url\":\"https:\\\/\\\/gazetteinfos.net\\\/\",\"name\":\"Gazette Info\",\"description\":\"L&#039;actualit\u00e9 au galop du cheval.\",\"publisher\":{\"@id\":\"https:\\\/\\\/gazetteinfos.net\\\/#organization\"},\"potentialAction\":[{\"@type\":\"SearchAction\",\"target\":{\"@type\":\"EntryPoint\",\"urlTemplate\":\"https:\\\/\\\/gazetteinfos.net\\\/?s={search_term_string}\"},\"query-input\":{\"@type\":\"PropertyValueSpecification\",\"valueRequired\":true,\"valueName\":\"search_term_string\"}}],\"inLanguage\":\"fr-FR\"},{\"@type\":\"Organization\",\"@id\":\"https:\\\/\\\/gazetteinfos.net\\\/#organization\",\"name\":\"Gazette Info\",\"url\":\"https:\\\/\\\/gazetteinfos.net\\\/\",\"logo\":{\"@type\":\"ImageObject\",\"inLanguage\":\"fr-FR\",\"@id\":\"https:\\\/\\\/gazetteinfos.net\\\/#\\\/schema\\\/logo\\\/image\\\/\",\"url\":\"https:\\\/\\\/gazetteinfos.net\\\/wp-content\\\/uploads\\\/2026\\\/08\\\/gazetteinfos-logo.png\",\"contentUrl\":\"https:\\\/\\\/gazetteinfos.net\\\/wp-content\\\/uploads\\\/2026\\\/08\\\/gazetteinfos-logo.png\",\"width\":1000,\"height\":250,\"caption\":\"Gazette Info\"},\"image\":{\"@id\":\"https:\\\/\\\/gazetteinfos.net\\\/#\\\/schema\\\/logo\\\/image\\\/\"}},{\"@type\":\"Person\",\"@id\":\"https:\\\/\\\/gazetteinfos.net\\\/#\\\/schema\\\/person\\\/d73ae61684083b98fa750c4800983201\",\"name\":\"gazettead2024gmailcom\",\"image\":{\"@type\":\"ImageObject\",\"inLanguage\":\"fr-FR\",\"@id\":\"https:\\\/\\\/secure.gravatar.com\\\/avatar\\\/8048ee0a120df59b2e841e99cd89588ad9a8b630732b434146f25e14cc0a442f?s=96&d=mm&r=g\",\"url\":\"https:\\\/\\\/secure.gravatar.com\\\/avatar\\\/8048ee0a120df59b2e841e99cd89588ad9a8b630732b434146f25e14cc0a442f?s=96&d=mm&r=g\",\"contentUrl\":\"https:\\\/\\\/secure.gravatar.com\\\/avatar\\\/8048ee0a120df59b2e841e99cd89588ad9a8b630732b434146f25e14cc0a442f?s=96&d=mm&r=g\",\"caption\":\"gazettead2024gmailcom\"},\"sameAs\":[\"https:\\\/\\\/gazetteinfos.net\"],\"url\":\"https:\\\/\\\/gazetteinfos.net\\\/index.php\\\/author\\\/gazettead2024gmailcom\\\/\"}]}<\/script>\n<!-- \/ Yoast SEO plugin. -->","yoast_head_json":{"title":"Lambert Mende d\u00e9savoue \u00ab Sauvons le Congo \u00bb et conteste son statut dans l\u2019opposition - Gazette Info","robots":{"index":"index","follow":"follow","max-snippet":"max-snippet:-1","max-image-preview":"max-image-preview:large","max-video-preview":"max-video-preview:-1"},"canonical":"https:\/\/gazetteinfos.net\/index.php\/2026\/09\/05\/lambert-mende-desavoue-sauvons-le-congo-et-conteste-son-statut-dans-lopposition\/","og_locale":"fr_FR","og_type":"article","og_title":"Lambert Mende d\u00e9savoue \u00ab Sauvons le Congo \u00bb et conteste son statut dans l\u2019opposition - Gazette Info","og_description":"Kinshasa \u2014 Le d\u00e9bat politique en R\u00e9publique d\u00e9mocratique du Congo conna\u00eet une nouvelle passe d\u2019armes autour du mouvement \u00ab Sauvons le Congo \u00bb. Sur top Congo Fm,Lambert\u2026","og_url":"https:\/\/gazetteinfos.net\/index.php\/2026\/09\/05\/lambert-mende-desavoue-sauvons-le-congo-et-conteste-son-statut-dans-lopposition\/","og_site_name":"Gazette Info","article_published_time":"2026-09-05T08:03:14+00:00","article_modified_time":"2026-09-05T08:03:18+00:00","og_image":[{"width":720,"height":377,"url":"https:\/\/gazetteinfos.net\/wp-content\/uploads\/2026\/09\/1788594945766.jpg","type":"image\/jpeg"}],"author":"gazettead2024gmailcom","twitter_card":"summary_large_image","twitter_misc":{"\u00c9crit par":"gazettead2024gmailcom","Dur\u00e9e de lecture estim\u00e9e":"2 minutes"},"schema":{"@context":"https:\/\/schema.org","@graph":[{"@type":"Article","@id":"https:\/\/gazetteinfos.net\/index.php\/2026\/09\/05\/lambert-mende-desavoue-sauvons-le-congo-et-conteste-son-statut-dans-lopposition\/#article","isPartOf":{"@id":"https:\/\/gazetteinfos.net\/index.php\/2026\/09\/05\/lambert-mende-desavoue-sauvons-le-congo-et-conteste-son-statut-dans-lopposition\/"},"author":{"name":"gazettead2024gmailcom","@id":"https:\/\/gazetteinfos.net\/#\/schema\/person\/d73ae61684083b98fa750c4800983201"},"headline":"Lambert Mende d\u00e9savoue \u00ab Sauvons le Congo \u00bb et conteste son statut dans l\u2019opposition","datePublished":"2026-09-05T08:03:14+00:00","dateModified":"2026-09-05T08:03:18+00:00","mainEntityOfPage":{"@id":"https:\/\/gazetteinfos.net\/index.php\/2026\/09\/05\/lambert-mende-desavoue-sauvons-le-congo-et-conteste-son-statut-dans-lopposition\/"},"wordCount":206,"commentCount":0,"publisher":{"@id":"https:\/\/gazetteinfos.net\/#organization"},"image":{"@id":"https:\/\/gazetteinfos.net\/index.php\/2026\/09\/05\/lambert-mende-desavoue-sauvons-le-congo-et-conteste-son-statut-dans-lopposition\/#primaryimage"},"thumbnailUrl":"https:\/\/gazetteinfos.net\/wp-content\/uploads\/2026\/09\/1788594945766.jpg","articleSection":["Actualit\u00e9"],"inLanguage":"fr-FR","potentialAction":[{"@type":"CommentAction","name":"Comment","target":["https:\/\/gazetteinfos.net\/index.php\/2026\/09\/05\/lambert-mende-desavoue-sauvons-le-congo-et-conteste-son-statut-dans-lopposition\/#respond"]}]},{"@type":"WebPage","@id":"https:\/\/gazetteinfos.net\/index.php\/2026\/09\/05\/lambert-mende-desavoue-sauvons-le-congo-et-conteste-son-statut-dans-lopposition\/","url":"https:\/\/gazetteinfos.net\/index.php\/2026\/09\/05\/lambert-mende-desavoue-sauvons-le-congo-et-conteste-son-statut-dans-lopposition\/","name":"Lambert Mende d\u00e9savoue \u00ab Sauvons le Congo \u00bb et conteste son statut dans l\u2019opposition - Gazette Info","isPartOf":{"@id":"https:\/\/gazetteinfos.net\/#website"},"primaryImageOfPage":{"@id":"https:\/\/gazetteinfos.net\/index.php\/2026\/09\/05\/lambert-mende-desavoue-sauvons-le-congo-et-conteste-son-statut-dans-lopposition\/#primaryimage"},"image":{"@id":"https:\/\/gazetteinfos.net\/index.php\/2026\/09\/05\/lambert-mende-desavoue-sauvons-le-congo-et-conteste-son-statut-dans-lopposition\/#primaryimage"},"thumbnailUrl":"https:\/\/gazetteinfos.net\/wp-content\/uploads\/2026\/09\/1788594945766.jpg","datePublished":"2026-09-05T08:03:14+00:00","dateModified":"2026-09-05T08:03:18+00:00","breadcrumb":{"@id":"https:\/\/gazetteinfos.net\/index.php\/2026\/09\/05\/lambert-mende-desavoue-sauvons-le-congo-et-conteste-son-statut-dans-lopposition\/#breadcrumb"},"inLanguage":"fr-FR","potentialAction":[{"@type":"ReadAction","target":["https:\/\/gazetteinfos.net\/index.php\/2026\/09\/05\/lambert-mende-desavoue-sauvons-le-congo-et-conteste-son-statut-dans-lopposition\/"]}]},{"@type":"ImageObject","inLanguage":"fr-FR","@id":"https:\/\/gazetteinfos.net\/index.php\/2026\/09\/05\/lambert-mende-desavoue-sauvons-le-congo-et-conteste-son-statut-dans-lopposition\/#primaryimage","url":"https:\/\/gazetteinfos.net\/wp-content\/uploads\/2026\/09\/1788594945766.jpg","contentUrl":"https:\/\/gazetteinfos.net\/wp-content\/uploads\/2026\/09\/1788594945766.jpg","width":720,"height":377},{"@type":"BreadcrumbList","@id":"https:\/\/gazetteinfos.net\/index.php\/2026\/09\/05\/lambert-mende-desavoue-sauvons-le-congo-et-conteste-son-statut-dans-lopposition\/#breadcrumb","itemListElement":[{"@type":"ListItem","position":1,"name":"Home","item":"https:\/\/gazetteinfos.net\/index.php\/accueil\/?lang=fr"},{"@type":"ListItem","position":2,"name":"Lambert Mende d\u00e9savoue \u00ab Sauvons le Congo \u00bb et conteste son statut dans l\u2019opposition"}]},{"@type":"WebSite","@id":"https:\/\/gazetteinfos.net\/#website","url":"https:\/\/gazetteinfos.net\/","name":"Gazette Info","description":"L&#039;actualit\u00e9 au galop du cheval.","publisher":{"@id":"https:\/\/gazetteinfos.net\/#organization"},"potentialAction":[{"@type":"SearchAction","target":{"@type":"EntryPoint","urlTemplate":"https:\/\/gazetteinfos.net\/?s={search_term_string}"},"query-input":{"@type":"PropertyValueSpecification","valueRequired":true,"valueName":"search_term_string"}}],"inLanguage":"fr-FR"},{"@type":"Organization","@id":"https:\/\/gazetteinfos.net\/#organization","name":"Gazette Info","url":"https:\/\/gazetteinfos.net\/","logo":{"@type":"ImageObject","inLanguage":"fr-FR","@id":"https:\/\/gazetteinfos.net\/#\/schema\/logo\/image\/","url":"https:\/\/gazetteinfos.net\/wp-content\/uploads\/2026\/08\/gazetteinfos-logo.png","contentUrl":"https:\/\/gazetteinfos.net\/wp-content\/uploads\/2026\/08\/gazetteinfos-logo.png","width":1000,"height":250,"caption":"Gazette Info"},"image":{"@id":"https:\/\/gazetteinfos.net\/#\/schema\/logo\/image\/"}},{"@type":"Person","@id":"https:\/\/gazetteinfos.net\/#\/schema\/person\/d73ae61684083b98fa750c4800983201","name":"gazettead2024gmailcom","image":{"@type":"ImageObject","inLanguage":"fr-FR","@id":"https:\/\/secure.gravatar.com\/avatar\/8048ee0a120df59b2e841e99cd89588ad9a8b630732b434146f25e14cc0a442f?s=96&d=mm&r=g","url":"https:\/\/secure.gravatar.com\/avatar\/8048ee0a120df59b2e841e99cd89588ad9a8b630732b434146f25e14cc0a442f?s=96&d=mm&r=g","contentUrl":"https:\/\/secure.gravatar.com\/avatar\/8048ee0a120df59b2e841e99cd89588ad9a8b630732b434146f25e14cc0a442f?s=96&d=mm&r=g","caption":"gazettead2024gmailcom"},"sameAs":["https:\/\/gazetteinfos.net"],"url":"https:\/\/gazetteinfos.net\/index.php\/author\/gazettead2024gmailcom\/"}]}},"_links":{"self":[{"href":"https:\/\/gazetteinfos.net\/index.php\/wp-json\/wp\/v2\/posts\/384","targetHints":{"allow":["GET"]}}],"collection":[{"href":"https:\/\/gazetteinfos.net\/index.php\/wp-json\/wp\/v2\/posts"}],"about":[{"href":"https:\/\/gazetteinfos.net\/index.php\/wp-json\/wp\/v2\/types\/post"}],"author":[{"embeddable":true,"href":"https:\/\/gazetteinfos.net\/index.php\/wp-json\/wp\/v2\/users\/1"}],"replies":[{"embeddable":true,"href":"https:\/\/gazetteinfos.net\/index.php\/wp-json\/wp\/v2\/comments?post=384"}],"version-history":[{"count":1,"href":"https:\/\/gazetteinfos.net\/index.php\/wp-json\/wp\/v2\/posts\/384\/revisions"}],"predecessor-version":[{"id":386,"href":"https:\/\/gazetteinfos.net\/index.php\/wp-json\/wp\/v2\/posts\/384\/revisions\/386"}],"wp:featuredmedia":[{"embeddable":true,"href":"https:\/\/gazetteinfos.net\/index.php\/wp-json\/wp\/v2\/media\/385"}],"wp:attachment":[{"href":"https:\/\/gazetteinfos.net\/index.php\/wp-json\/wp\/v2\/media?parent=384"}],"wp:term":[{"taxonomy":"category","embeddable":true,"href":"https:\/\/gazetteinfos.net\/index.php\/wp-json\/wp\/v2\/categories?post=384"},{"taxonomy":"post_tag","embeddable":true,"href":"https:\/\/gazetteinfos.net\/index.php\/wp-json\/wp\/v2\/tags?post=384"},{"taxonomy":"gi_province","embeddable":true,"href":"https:\/\/gazetteinfos.net\/index.php\/wp-json\/wp\/v2\/gi_province?post=384"}],"curies":[{"name":"wp","href":"https:\/\/api.w.org\/{rel}","templated":true}]}}