{"id":381,"date":"2026-09-05T09:37:14","date_gmt":"2026-09-05T07:37:14","guid":{"rendered":"https:\/\/gazetteinfos.net\/?p=381"},"modified":"2026-09-05T09:37:18","modified_gmt":"2026-09-05T07:37:18","slug":"rdc-le-concours-national-dacces-aux-ecoles-militaires-se-tient-les-5-et-6-septembre-2026","status":"publish","type":"post","link":"https:\/\/gazetteinfos.net\/index.php\/2026\/09\/05\/rdc-le-concours-national-dacces-aux-ecoles-militaires-se-tient-les-5-et-6-septembre-2026\/","title":{"rendered":"RDC : le Concours national d\u2019acc\u00e8s aux \u00e9coles militaires se tient les 5 et 6 septembre 2026"},"content":{"rendered":"\n<p class=\"wp-block-paragraph\">Kinshasa, 5 septembre 2026 \u2014 Le Commandement g\u00e9n\u00e9ral des \u00e9coles militaires de la R\u00e9publique d\u00e9mocratique du Congo (RDC) annonce la tenue du Concours national d\u2019acc\u00e8s aux \u00e9coles militaires (CoNat 2026) les samedi 5 et dimanche 6 septembre 2026.\u200e\u200e<\/p>\n\n\n\n<p class=\"wp-block-paragraph\">Organis\u00e9 sur l\u2019ensemble du territoire national, le concours se d\u00e9roulera dans 33 centres d\u2019examen r\u00e9partis \u00e0 travers le pays. Cette \u00e9preuve nationale est destin\u00e9e aux candidats, civils comme militaires, souhaitant acc\u00e9der aux \u00e9coles militaires de la RDC.\u200e\u200e<\/p>\n\n\n\n<p class=\"wp-block-paragraph\">Le Commandement g\u00e9n\u00e9ral des \u00e9coles militaires pr\u00e9cise que l\u2019acc\u00e8s aux salles d\u2019examen sera strictement r\u00e9serv\u00e9 aux candidats d\u00fbment enregistr\u00e9s aupr\u00e8s des services comp\u00e9tents, notamment la DISO\/CISO des diff\u00e9rentes r\u00e9gions militaires.<\/p>\n\n\n\n<p class=\"wp-block-paragraph\">\u200e\u200eLes listes provisoires des candidats, publi\u00e9es le 25 ao\u00fbt 2026, doivent notamment permettre la r\u00e9gularisation des dossiers avant le d\u00e9but des \u00e9preuves. Les listes d\u00e9finitives seront, quant \u00e0 elles, affich\u00e9es dans chaque centre d\u2019examen \u00e0 la veille du concours.\u200e\u200e<\/p>\n","protected":false},"excerpt":{"rendered":"<p>Kinshasa, 5 septembre 2026 \u2014 Le Commandement g\u00e9n\u00e9ral des \u00e9coles militaires de la R\u00e9publique d\u00e9mocratique du Congo (RDC) annonce la tenue du Concours national d\u2019acc\u00e8s aux \u00e9coles\u2026<\/p>\n","protected":false},"author":1,"featured_media":382,"comment_status":"open","ping_status":"open","sticky":false,"template":"","format":"standard","meta":{"footnotes":""},"categories":[2],"tags":[],"gi_province":[16],"class_list":["post-381","post","type-post","status-publish","format-standard","has-post-thumbnail","hentry","category-actualite","gi_province-kinshasa"],"yoast_head":"<!-- This site is optimized with the Yoast SEO plugin v28.4 - https:\/\/yoast.com\/product\/yoast-seo-wordpress\/ -->\n<title>RDC : le Concours national d\u2019acc\u00e8s aux \u00e9coles militaires se tient les 5 et 6 septembre 2026 - Gazette Info<\/title>\n<meta name=\"robots\" content=\"index, follow, max-snippet:-1, max-image-preview:large, max-video-preview:-1\" \/>\n<link rel=\"canonical\" href=\"https:\/\/gazetteinfos.net\/index.php\/2026\/09\/05\/rdc-le-concours-national-dacces-aux-ecoles-militaires-se-tient-les-5-et-6-septembre-2026\/\" \/>\n<meta property=\"og:locale\" content=\"fr_FR\" \/>\n<meta property=\"og:type\" content=\"article\" \/>\n<meta property=\"og:title\" content=\"RDC : le Concours national d\u2019acc\u00e8s aux \u00e9coles militaires se tient les 5 et 6 septembre 2026 - Gazette Info\" \/>\n<meta property=\"og:description\" content=\"Kinshasa, 5 septembre 2026 \u2014 Le Commandement g\u00e9n\u00e9ral des \u00e9coles militaires de la R\u00e9publique d\u00e9mocratique du Congo (RDC) annonce la tenue du Concours national d\u2019acc\u00e8s aux \u00e9coles\u2026\" \/>\n<meta property=\"og:url\" content=\"https:\/\/gazetteinfos.net\/index.php\/2026\/09\/05\/rdc-le-concours-national-dacces-aux-ecoles-militaires-se-tient-les-5-et-6-septembre-2026\/\" \/>\n<meta property=\"og:site_name\" content=\"Gazette Info\" \/>\n<meta property=\"article:published_time\" content=\"2026-09-05T07:37:14+00:00\" \/>\n<meta property=\"article:modified_time\" content=\"2026-09-05T07:37:18+00:00\" \/>\n<meta property=\"og:image\" content=\"https:\/\/gazetteinfos.net\/wp-content\/uploads\/2026\/09\/1788592964054.jpg\" \/>\n\t<meta property=\"og:image:width\" content=\"720\" \/>\n\t<meta property=\"og:image:height\" content=\"513\" \/>\n\t<meta property=\"og:image:type\" content=\"image\/jpeg\" \/>\n<meta name=\"author\" content=\"gazettead2024gmailcom\" \/>\n<meta name=\"twitter:card\" content=\"summary_large_image\" \/>\n<meta name=\"twitter:label1\" content=\"\u00c9crit par\" \/>\n\t<meta name=\"twitter:data1\" content=\"gazettead2024gmailcom\" \/>\n\t<meta name=\"twitter:label2\" content=\"Dur\u00e9e de lecture estim\u00e9e\" \/>\n\t<meta name=\"twitter:data2\" content=\"1 minute\" \/>\n<script type=\"application\/ld+json\" class=\"yoast-schema-graph\">{\"@context\":\"https:\\\/\\\/schema.org\",\"@graph\":[{\"@type\":\"Article\",\"@id\":\"https:\\\/\\\/gazetteinfos.net\\\/index.php\\\/2026\\\/09\\\/05\\\/rdc-le-concours-national-dacces-aux-ecoles-militaires-se-tient-les-5-et-6-septembre-2026\\\/#article\",\"isPartOf\":{\"@id\":\"https:\\\/\\\/gazetteinfos.net\\\/index.php\\\/2026\\\/09\\\/05\\\/rdc-le-concours-national-dacces-aux-ecoles-militaires-se-tient-les-5-et-6-septembre-2026\\\/\"},\"author\":{\"name\":\"gazettead2024gmailcom\",\"@id\":\"https:\\\/\\\/gazetteinfos.net\\\/#\\\/schema\\\/person\\\/d73ae61684083b98fa750c4800983201\"},\"headline\":\"RDC : le Concours national d\u2019acc\u00e8s aux \u00e9coles militaires se tient les 5 et 6 septembre 2026\",\"datePublished\":\"2026-09-05T07:37:14+00:00\",\"dateModified\":\"2026-09-05T07:37:18+00:00\",\"mainEntityOfPage\":{\"@id\":\"https:\\\/\\\/gazetteinfos.net\\\/index.php\\\/2026\\\/09\\\/05\\\/rdc-le-concours-national-dacces-aux-ecoles-militaires-se-tient-les-5-et-6-septembre-2026\\\/\"},\"wordCount\":179,\"commentCount\":0,\"publisher\":{\"@id\":\"https:\\\/\\\/gazetteinfos.net\\\/#organization\"},\"image\":{\"@id\":\"https:\\\/\\\/gazetteinfos.net\\\/index.php\\\/2026\\\/09\\\/05\\\/rdc-le-concours-national-dacces-aux-ecoles-militaires-se-tient-les-5-et-6-septembre-2026\\\/#primaryimage\"},\"thumbnailUrl\":\"https:\\\/\\\/gazetteinfos.net\\\/wp-content\\\/uploads\\\/2026\\\/09\\\/1788592964054.jpg\",\"articleSection\":[\"Actualit\u00e9\"],\"inLanguage\":\"fr-FR\",\"potentialAction\":[{\"@type\":\"CommentAction\",\"name\":\"Comment\",\"target\":[\"https:\\\/\\\/gazetteinfos.net\\\/index.php\\\/2026\\\/09\\\/05\\\/rdc-le-concours-national-dacces-aux-ecoles-militaires-se-tient-les-5-et-6-septembre-2026\\\/#respond\"]}]},{\"@type\":\"WebPage\",\"@id\":\"https:\\\/\\\/gazetteinfos.net\\\/index.php\\\/2026\\\/09\\\/05\\\/rdc-le-concours-national-dacces-aux-ecoles-militaires-se-tient-les-5-et-6-septembre-2026\\\/\",\"url\":\"https:\\\/\\\/gazetteinfos.net\\\/index.php\\\/2026\\\/09\\\/05\\\/rdc-le-concours-national-dacces-aux-ecoles-militaires-se-tient-les-5-et-6-septembre-2026\\\/\",\"name\":\"RDC : le Concours national d\u2019acc\u00e8s aux \u00e9coles militaires se tient les 5 et 6 septembre 2026 - Gazette Info\",\"isPartOf\":{\"@id\":\"https:\\\/\\\/gazetteinfos.net\\\/#website\"},\"primaryImageOfPage\":{\"@id\":\"https:\\\/\\\/gazetteinfos.net\\\/index.php\\\/2026\\\/09\\\/05\\\/rdc-le-concours-national-dacces-aux-ecoles-militaires-se-tient-les-5-et-6-septembre-2026\\\/#primaryimage\"},\"image\":{\"@id\":\"https:\\\/\\\/gazetteinfos.net\\\/index.php\\\/2026\\\/09\\\/05\\\/rdc-le-concours-national-dacces-aux-ecoles-militaires-se-tient-les-5-et-6-septembre-2026\\\/#primaryimage\"},\"thumbnailUrl\":\"https:\\\/\\\/gazetteinfos.net\\\/wp-content\\\/uploads\\\/2026\\\/09\\\/1788592964054.jpg\",\"datePublished\":\"2026-09-05T07:37:14+00:00\",\"dateModified\":\"2026-09-05T07:37:18+00:00\",\"breadcrumb\":{\"@id\":\"https:\\\/\\\/gazetteinfos.net\\\/index.php\\\/2026\\\/09\\\/05\\\/rdc-le-concours-national-dacces-aux-ecoles-militaires-se-tient-les-5-et-6-septembre-2026\\\/#breadcrumb\"},\"inLanguage\":\"fr-FR\",\"potentialAction\":[{\"@type\":\"ReadAction\",\"target\":[\"https:\\\/\\\/gazetteinfos.net\\\/index.php\\\/2026\\\/09\\\/05\\\/rdc-le-concours-national-dacces-aux-ecoles-militaires-se-tient-les-5-et-6-septembre-2026\\\/\"]}]},{\"@type\":\"ImageObject\",\"inLanguage\":\"fr-FR\",\"@id\":\"https:\\\/\\\/gazetteinfos.net\\\/index.php\\\/2026\\\/09\\\/05\\\/rdc-le-concours-national-dacces-aux-ecoles-militaires-se-tient-les-5-et-6-septembre-2026\\\/#primaryimage\",\"url\":\"https:\\\/\\\/gazetteinfos.net\\\/wp-content\\\/uploads\\\/2026\\\/09\\\/1788592964054.jpg\",\"contentUrl\":\"https:\\\/\\\/gazetteinfos.net\\\/wp-content\\\/uploads\\\/2026\\\/09\\\/1788592964054.jpg\",\"width\":720,\"height\":513},{\"@type\":\"BreadcrumbList\",\"@id\":\"https:\\\/\\\/gazetteinfos.net\\\/index.php\\\/2026\\\/09\\\/05\\\/rdc-le-concours-national-dacces-aux-ecoles-militaires-se-tient-les-5-et-6-septembre-2026\\\/#breadcrumb\",\"itemListElement\":[{\"@type\":\"ListItem\",\"position\":1,\"name\":\"Home\",\"item\":\"https:\\\/\\\/gazetteinfos.net\\\/index.php\\\/accueil\\\/?lang=fr\"},{\"@type\":\"ListItem\",\"position\":2,\"name\":\"RDC : le Concours national d\u2019acc\u00e8s aux \u00e9coles militaires se tient les 5 et 6 septembre 2026\"}]},{\"@type\":\"WebSite\",\"@id\":\"https:\\\/\\\/gazetteinfos.net\\\/#website\",\"url\":\"https:\\\/\\\/gazetteinfos.net\\\/\",\"name\":\"Gazette Info\",\"description\":\"L&#039;actualit\u00e9 au galop du cheval.\",\"publisher\":{\"@id\":\"https:\\\/\\\/gazetteinfos.net\\\/#organization\"},\"potentialAction\":[{\"@type\":\"SearchAction\",\"target\":{\"@type\":\"EntryPoint\",\"urlTemplate\":\"https:\\\/\\\/gazetteinfos.net\\\/?s={search_term_string}\"},\"query-input\":{\"@type\":\"PropertyValueSpecification\",\"valueRequired\":true,\"valueName\":\"search_term_string\"}}],\"inLanguage\":\"fr-FR\"},{\"@type\":\"Organization\",\"@id\":\"https:\\\/\\\/gazetteinfos.net\\\/#organization\",\"name\":\"Gazette Info\",\"url\":\"https:\\\/\\\/gazetteinfos.net\\\/\",\"logo\":{\"@type\":\"ImageObject\",\"inLanguage\":\"fr-FR\",\"@id\":\"https:\\\/\\\/gazetteinfos.net\\\/#\\\/schema\\\/logo\\\/image\\\/\",\"url\":\"https:\\\/\\\/gazetteinfos.net\\\/wp-content\\\/uploads\\\/2026\\\/08\\\/gazetteinfos-logo.png\",\"contentUrl\":\"https:\\\/\\\/gazetteinfos.net\\\/wp-content\\\/uploads\\\/2026\\\/08\\\/gazetteinfos-logo.png\",\"width\":1000,\"height\":250,\"caption\":\"Gazette Info\"},\"image\":{\"@id\":\"https:\\\/\\\/gazetteinfos.net\\\/#\\\/schema\\\/logo\\\/image\\\/\"}},{\"@type\":\"Person\",\"@id\":\"https:\\\/\\\/gazetteinfos.net\\\/#\\\/schema\\\/person\\\/d73ae61684083b98fa750c4800983201\",\"name\":\"gazettead2024gmailcom\",\"image\":{\"@type\":\"ImageObject\",\"inLanguage\":\"fr-FR\",\"@id\":\"https:\\\/\\\/secure.gravatar.com\\\/avatar\\\/8048ee0a120df59b2e841e99cd89588ad9a8b630732b434146f25e14cc0a442f?s=96&d=mm&r=g\",\"url\":\"https:\\\/\\\/secure.gravatar.com\\\/avatar\\\/8048ee0a120df59b2e841e99cd89588ad9a8b630732b434146f25e14cc0a442f?s=96&d=mm&r=g\",\"contentUrl\":\"https:\\\/\\\/secure.gravatar.com\\\/avatar\\\/8048ee0a120df59b2e841e99cd89588ad9a8b630732b434146f25e14cc0a442f?s=96&d=mm&r=g\",\"caption\":\"gazettead2024gmailcom\"},\"sameAs\":[\"https:\\\/\\\/gazetteinfos.net\"],\"url\":\"https:\\\/\\\/gazetteinfos.net\\\/index.php\\\/author\\\/gazettead2024gmailcom\\\/\"}]}<\/script>\n<!-- \/ Yoast SEO plugin. -->","yoast_head_json":{"title":"RDC : le Concours national d\u2019acc\u00e8s aux \u00e9coles militaires se tient les 5 et 6 septembre 2026 - Gazette Info","robots":{"index":"index","follow":"follow","max-snippet":"max-snippet:-1","max-image-preview":"max-image-preview:large","max-video-preview":"max-video-preview:-1"},"canonical":"https:\/\/gazetteinfos.net\/index.php\/2026\/09\/05\/rdc-le-concours-national-dacces-aux-ecoles-militaires-se-tient-les-5-et-6-septembre-2026\/","og_locale":"fr_FR","og_type":"article","og_title":"RDC : le Concours national d\u2019acc\u00e8s aux \u00e9coles militaires se tient les 5 et 6 septembre 2026 - Gazette Info","og_description":"Kinshasa, 5 septembre 2026 \u2014 Le Commandement g\u00e9n\u00e9ral des \u00e9coles militaires de la R\u00e9publique d\u00e9mocratique du Congo (RDC) annonce la tenue du Concours national d\u2019acc\u00e8s aux \u00e9coles\u2026","og_url":"https:\/\/gazetteinfos.net\/index.php\/2026\/09\/05\/rdc-le-concours-national-dacces-aux-ecoles-militaires-se-tient-les-5-et-6-septembre-2026\/","og_site_name":"Gazette Info","article_published_time":"2026-09-05T07:37:14+00:00","article_modified_time":"2026-09-05T07:37:18+00:00","og_image":[{"width":720,"height":513,"url":"https:\/\/gazetteinfos.net\/wp-content\/uploads\/2026\/09\/1788592964054.jpg","type":"image\/jpeg"}],"author":"gazettead2024gmailcom","twitter_card":"summary_large_image","twitter_misc":{"\u00c9crit par":"gazettead2024gmailcom","Dur\u00e9e de lecture estim\u00e9e":"1 minute"},"schema":{"@context":"https:\/\/schema.org","@graph":[{"@type":"Article","@id":"https:\/\/gazetteinfos.net\/index.php\/2026\/09\/05\/rdc-le-concours-national-dacces-aux-ecoles-militaires-se-tient-les-5-et-6-septembre-2026\/#article","isPartOf":{"@id":"https:\/\/gazetteinfos.net\/index.php\/2026\/09\/05\/rdc-le-concours-national-dacces-aux-ecoles-militaires-se-tient-les-5-et-6-septembre-2026\/"},"author":{"name":"gazettead2024gmailcom","@id":"https:\/\/gazetteinfos.net\/#\/schema\/person\/d73ae61684083b98fa750c4800983201"},"headline":"RDC : le Concours national d\u2019acc\u00e8s aux \u00e9coles militaires se tient les 5 et 6 septembre 2026","datePublished":"2026-09-05T07:37:14+00:00","dateModified":"2026-09-05T07:37:18+00:00","mainEntityOfPage":{"@id":"https:\/\/gazetteinfos.net\/index.php\/2026\/09\/05\/rdc-le-concours-national-dacces-aux-ecoles-militaires-se-tient-les-5-et-6-septembre-2026\/"},"wordCount":179,"commentCount":0,"publisher":{"@id":"https:\/\/gazetteinfos.net\/#organization"},"image":{"@id":"https:\/\/gazetteinfos.net\/index.php\/2026\/09\/05\/rdc-le-concours-national-dacces-aux-ecoles-militaires-se-tient-les-5-et-6-septembre-2026\/#primaryimage"},"thumbnailUrl":"https:\/\/gazetteinfos.net\/wp-content\/uploads\/2026\/09\/1788592964054.jpg","articleSection":["Actualit\u00e9"],"inLanguage":"fr-FR","potentialAction":[{"@type":"CommentAction","name":"Comment","target":["https:\/\/gazetteinfos.net\/index.php\/2026\/09\/05\/rdc-le-concours-national-dacces-aux-ecoles-militaires-se-tient-les-5-et-6-septembre-2026\/#respond"]}]},{"@type":"WebPage","@id":"https:\/\/gazetteinfos.net\/index.php\/2026\/09\/05\/rdc-le-concours-national-dacces-aux-ecoles-militaires-se-tient-les-5-et-6-septembre-2026\/","url":"https:\/\/gazetteinfos.net\/index.php\/2026\/09\/05\/rdc-le-concours-national-dacces-aux-ecoles-militaires-se-tient-les-5-et-6-septembre-2026\/","name":"RDC : le Concours national d\u2019acc\u00e8s aux \u00e9coles militaires se tient les 5 et 6 septembre 2026 - Gazette Info","isPartOf":{"@id":"https:\/\/gazetteinfos.net\/#website"},"primaryImageOfPage":{"@id":"https:\/\/gazetteinfos.net\/index.php\/2026\/09\/05\/rdc-le-concours-national-dacces-aux-ecoles-militaires-se-tient-les-5-et-6-septembre-2026\/#primaryimage"},"image":{"@id":"https:\/\/gazetteinfos.net\/index.php\/2026\/09\/05\/rdc-le-concours-national-dacces-aux-ecoles-militaires-se-tient-les-5-et-6-septembre-2026\/#primaryimage"},"thumbnailUrl":"https:\/\/gazetteinfos.net\/wp-content\/uploads\/2026\/09\/1788592964054.jpg","datePublished":"2026-09-05T07:37:14+00:00","dateModified":"2026-09-05T07:37:18+00:00","breadcrumb":{"@id":"https:\/\/gazetteinfos.net\/index.php\/2026\/09\/05\/rdc-le-concours-national-dacces-aux-ecoles-militaires-se-tient-les-5-et-6-septembre-2026\/#breadcrumb"},"inLanguage":"fr-FR","potentialAction":[{"@type":"ReadAction","target":["https:\/\/gazetteinfos.net\/index.php\/2026\/09\/05\/rdc-le-concours-national-dacces-aux-ecoles-militaires-se-tient-les-5-et-6-septembre-2026\/"]}]},{"@type":"ImageObject","inLanguage":"fr-FR","@id":"https:\/\/gazetteinfos.net\/index.php\/2026\/09\/05\/rdc-le-concours-national-dacces-aux-ecoles-militaires-se-tient-les-5-et-6-septembre-2026\/#primaryimage","url":"https:\/\/gazetteinfos.net\/wp-content\/uploads\/2026\/09\/1788592964054.jpg","contentUrl":"https:\/\/gazetteinfos.net\/wp-content\/uploads\/2026\/09\/1788592964054.jpg","width":720,"height":513},{"@type":"BreadcrumbList","@id":"https:\/\/gazetteinfos.net\/index.php\/2026\/09\/05\/rdc-le-concours-national-dacces-aux-ecoles-militaires-se-tient-les-5-et-6-septembre-2026\/#breadcrumb","itemListElement":[{"@type":"ListItem","position":1,"name":"Home","item":"https:\/\/gazetteinfos.net\/index.php\/accueil\/?lang=fr"},{"@type":"ListItem","position":2,"name":"RDC : le Concours national d\u2019acc\u00e8s aux \u00e9coles militaires se tient les 5 et 6 septembre 2026"}]},{"@type":"WebSite","@id":"https:\/\/gazetteinfos.net\/#website","url":"https:\/\/gazetteinfos.net\/","name":"Gazette Info","description":"L&#039;actualit\u00e9 au galop du cheval.","publisher":{"@id":"https:\/\/gazetteinfos.net\/#organization"},"potentialAction":[{"@type":"SearchAction","target":{"@type":"EntryPoint","urlTemplate":"https:\/\/gazetteinfos.net\/?s={search_term_string}"},"query-input":{"@type":"PropertyValueSpecification","valueRequired":true,"valueName":"search_term_string"}}],"inLanguage":"fr-FR"},{"@type":"Organization","@id":"https:\/\/gazetteinfos.net\/#organization","name":"Gazette Info","url":"https:\/\/gazetteinfos.net\/","logo":{"@type":"ImageObject","inLanguage":"fr-FR","@id":"https:\/\/gazetteinfos.net\/#\/schema\/logo\/image\/","url":"https:\/\/gazetteinfos.net\/wp-content\/uploads\/2026\/08\/gazetteinfos-logo.png","contentUrl":"https:\/\/gazetteinfos.net\/wp-content\/uploads\/2026\/08\/gazetteinfos-logo.png","width":1000,"height":250,"caption":"Gazette Info"},"image":{"@id":"https:\/\/gazetteinfos.net\/#\/schema\/logo\/image\/"}},{"@type":"Person","@id":"https:\/\/gazetteinfos.net\/#\/schema\/person\/d73ae61684083b98fa750c4800983201","name":"gazettead2024gmailcom","image":{"@type":"ImageObject","inLanguage":"fr-FR","@id":"https:\/\/secure.gravatar.com\/avatar\/8048ee0a120df59b2e841e99cd89588ad9a8b630732b434146f25e14cc0a442f?s=96&d=mm&r=g","url":"https:\/\/secure.gravatar.com\/avatar\/8048ee0a120df59b2e841e99cd89588ad9a8b630732b434146f25e14cc0a442f?s=96&d=mm&r=g","contentUrl":"https:\/\/secure.gravatar.com\/avatar\/8048ee0a120df59b2e841e99cd89588ad9a8b630732b434146f25e14cc0a442f?s=96&d=mm&r=g","caption":"gazettead2024gmailcom"},"sameAs":["https:\/\/gazetteinfos.net"],"url":"https:\/\/gazetteinfos.net\/index.php\/author\/gazettead2024gmailcom\/"}]}},"_links":{"self":[{"href":"https:\/\/gazetteinfos.net\/index.php\/wp-json\/wp\/v2\/posts\/381","targetHints":{"allow":["GET"]}}],"collection":[{"href":"https:\/\/gazetteinfos.net\/index.php\/wp-json\/wp\/v2\/posts"}],"about":[{"href":"https:\/\/gazetteinfos.net\/index.php\/wp-json\/wp\/v2\/types\/post"}],"author":[{"embeddable":true,"href":"https:\/\/gazetteinfos.net\/index.php\/wp-json\/wp\/v2\/users\/1"}],"replies":[{"embeddable":true,"href":"https:\/\/gazetteinfos.net\/index.php\/wp-json\/wp\/v2\/comments?post=381"}],"version-history":[{"count":1,"href":"https:\/\/gazetteinfos.net\/index.php\/wp-json\/wp\/v2\/posts\/381\/revisions"}],"predecessor-version":[{"id":383,"href":"https:\/\/gazetteinfos.net\/index.php\/wp-json\/wp\/v2\/posts\/381\/revisions\/383"}],"wp:featuredmedia":[{"embeddable":true,"href":"https:\/\/gazetteinfos.net\/index.php\/wp-json\/wp\/v2\/media\/382"}],"wp:attachment":[{"href":"https:\/\/gazetteinfos.net\/index.php\/wp-json\/wp\/v2\/media?parent=381"}],"wp:term":[{"taxonomy":"category","embeddable":true,"href":"https:\/\/gazetteinfos.net\/index.php\/wp-json\/wp\/v2\/categories?post=381"},{"taxonomy":"post_tag","embeddable":true,"href":"https:\/\/gazetteinfos.net\/index.php\/wp-json\/wp\/v2\/tags?post=381"},{"taxonomy":"gi_province","embeddable":true,"href":"https:\/\/gazetteinfos.net\/index.php\/wp-json\/wp\/v2\/gi_province?post=381"}],"curies":[{"name":"wp","href":"https:\/\/api.w.org\/{rel}","templated":true}]}}