{"id":376,"date":"2026-09-05T06:06:20","date_gmt":"2026-09-05T04:06:20","guid":{"rendered":"https:\/\/gazetteinfos.net\/?p=376"},"modified":"2026-09-05T06:06:24","modified_gmt":"2026-09-05T04:06:24","slug":"rdc-felix-tshisekedi-pose-un-nouveau-jalon-pour-lessor-du-marche-des-capitaux","status":"publish","type":"post","link":"https:\/\/gazetteinfos.net\/index.php\/2026\/09\/05\/rdc-felix-tshisekedi-pose-un-nouveau-jalon-pour-lessor-du-marche-des-capitaux\/","title":{"rendered":"RDC : F\u00e9lix Tshisekedi pose un nouveau jalon pour l\u2019essor du march\u00e9 des capitaux"},"content":{"rendered":"\n<p class=\"wp-block-paragraph\">Kinshasa \u2014 La R\u00e9publique d\u00e9mocratique du Congo franchit une \u00e9tape majeure dans la modernisation de son syst\u00e8me financier. Le Pr\u00e9sident de la R\u00e9publique, F\u00e9lix Tshisekedi, a promulgu\u00e9 la Loi n\u00b026\/034 du 20 ao\u00fbt 2026 relative aux march\u00e9s boursiers, d\u00e9sormais publi\u00e9e au Journal Officiel.<\/p>\n\n\n\n<p class=\"wp-block-paragraph\">\u200e\u200eCette nouvelle l\u00e9gislation marque un tournant dans la structuration du march\u00e9 financier congolais. Elle vise \u00e0 \u00e9tablir un cadre juridique adapt\u00e9 au d\u00e9veloppement des march\u00e9s boursiers et \u00e0 cr\u00e9er de nouvelles opportunit\u00e9s pour la mobilisation de l\u2019\u00e9pargne et le financement de l\u2019\u00e9conomie nationale.<\/p>\n\n\n\n<p class=\"wp-block-paragraph\">\u200e\u200e\u00c0 travers cette r\u00e9forme, la RDC entend \u00e9galement renforcer l\u2019attractivit\u00e9 de son environnement financier et favoriser l\u2019afflux de capitaux et d\u2019investissements. Le d\u00e9veloppement d\u2019un march\u00e9 des capitaux plus structur\u00e9 pourrait ainsi offrir aux entreprises de nouvelles possibilit\u00e9s de financement, tout en permettant aux investisseurs d\u2019acc\u00e9der \u00e0 davantage d\u2019opportunit\u00e9s.<\/p>\n\n\n\n<p class=\"wp-block-paragraph\">\u200e\u200eCette \u00e9volution intervient dans un contexte o\u00f9 la diversification des sources de financement constitue un enjeu essentiel pour accompagner la croissance \u00e9conomique du pays.<\/p>\n\n\n\n<p class=\"wp-block-paragraph\"><strong><em>Redaction<\/em><\/strong><\/p>\n","protected":false},"excerpt":{"rendered":"<p>Kinshasa \u2014 La R\u00e9publique d\u00e9mocratique du Congo franchit une \u00e9tape majeure dans la modernisation de son syst\u00e8me financier. Le Pr\u00e9sident de la R\u00e9publique, F\u00e9lix Tshisekedi, a promulgu\u00e9\u2026<\/p>\n","protected":false},"author":1,"featured_media":377,"comment_status":"open","ping_status":"open","sticky":false,"template":"","format":"standard","meta":{"footnotes":""},"categories":[2],"tags":[],"gi_province":[16],"class_list":["post-376","post","type-post","status-publish","format-standard","has-post-thumbnail","hentry","category-actualite","gi_province-kinshasa"],"yoast_head":"<!-- This site is optimized with the Yoast SEO plugin v28.4 - https:\/\/yoast.com\/product\/yoast-seo-wordpress\/ -->\n<title>RDC : F\u00e9lix Tshisekedi pose un nouveau jalon pour l\u2019essor du march\u00e9 des capitaux - Gazette Info<\/title>\n<meta name=\"robots\" content=\"index, follow, max-snippet:-1, max-image-preview:large, max-video-preview:-1\" \/>\n<link rel=\"canonical\" href=\"https:\/\/gazetteinfos.net\/index.php\/2026\/09\/05\/rdc-felix-tshisekedi-pose-un-nouveau-jalon-pour-lessor-du-marche-des-capitaux\/\" \/>\n<meta property=\"og:locale\" content=\"fr_FR\" \/>\n<meta property=\"og:type\" content=\"article\" \/>\n<meta property=\"og:title\" content=\"RDC : F\u00e9lix Tshisekedi pose un nouveau jalon pour l\u2019essor du march\u00e9 des capitaux - Gazette Info\" \/>\n<meta property=\"og:description\" content=\"Kinshasa \u2014 La R\u00e9publique d\u00e9mocratique du Congo franchit une \u00e9tape majeure dans la modernisation de son syst\u00e8me financier. Le Pr\u00e9sident de la R\u00e9publique, F\u00e9lix Tshisekedi, a promulgu\u00e9\u2026\" \/>\n<meta property=\"og:url\" content=\"https:\/\/gazetteinfos.net\/index.php\/2026\/09\/05\/rdc-felix-tshisekedi-pose-un-nouveau-jalon-pour-lessor-du-marche-des-capitaux\/\" \/>\n<meta property=\"og:site_name\" content=\"Gazette Info\" \/>\n<meta property=\"article:published_time\" content=\"2026-09-05T04:06:20+00:00\" \/>\n<meta property=\"article:modified_time\" content=\"2026-09-05T04:06:24+00:00\" \/>\n<meta property=\"og:image\" content=\"https:\/\/gazetteinfos.net\/wp-content\/uploads\/2026\/09\/1788580519424.jpg\" \/>\n\t<meta property=\"og:image:width\" content=\"720\" \/>\n\t<meta property=\"og:image:height\" content=\"360\" \/>\n\t<meta property=\"og:image:type\" content=\"image\/jpeg\" \/>\n<meta name=\"author\" content=\"gazettead2024gmailcom\" \/>\n<meta name=\"twitter:card\" content=\"summary_large_image\" \/>\n<meta name=\"twitter:label1\" content=\"\u00c9crit par\" \/>\n\t<meta name=\"twitter:data1\" content=\"gazettead2024gmailcom\" \/>\n\t<meta name=\"twitter:label2\" content=\"Dur\u00e9e de lecture estim\u00e9e\" \/>\n\t<meta name=\"twitter:data2\" content=\"2 minutes\" \/>\n<script type=\"application\/ld+json\" class=\"yoast-schema-graph\">{\"@context\":\"https:\\\/\\\/schema.org\",\"@graph\":[{\"@type\":\"Article\",\"@id\":\"https:\\\/\\\/gazetteinfos.net\\\/index.php\\\/2026\\\/09\\\/05\\\/rdc-felix-tshisekedi-pose-un-nouveau-jalon-pour-lessor-du-marche-des-capitaux\\\/#article\",\"isPartOf\":{\"@id\":\"https:\\\/\\\/gazetteinfos.net\\\/index.php\\\/2026\\\/09\\\/05\\\/rdc-felix-tshisekedi-pose-un-nouveau-jalon-pour-lessor-du-marche-des-capitaux\\\/\"},\"author\":{\"name\":\"gazettead2024gmailcom\",\"@id\":\"https:\\\/\\\/gazetteinfos.net\\\/#\\\/schema\\\/person\\\/d73ae61684083b98fa750c4800983201\"},\"headline\":\"RDC : F\u00e9lix Tshisekedi pose un nouveau jalon pour l\u2019essor du march\u00e9 des capitaux\",\"datePublished\":\"2026-09-05T04:06:20+00:00\",\"dateModified\":\"2026-09-05T04:06:24+00:00\",\"mainEntityOfPage\":{\"@id\":\"https:\\\/\\\/gazetteinfos.net\\\/index.php\\\/2026\\\/09\\\/05\\\/rdc-felix-tshisekedi-pose-un-nouveau-jalon-pour-lessor-du-marche-des-capitaux\\\/\"},\"wordCount\":195,\"commentCount\":0,\"publisher\":{\"@id\":\"https:\\\/\\\/gazetteinfos.net\\\/#organization\"},\"image\":{\"@id\":\"https:\\\/\\\/gazetteinfos.net\\\/index.php\\\/2026\\\/09\\\/05\\\/rdc-felix-tshisekedi-pose-un-nouveau-jalon-pour-lessor-du-marche-des-capitaux\\\/#primaryimage\"},\"thumbnailUrl\":\"https:\\\/\\\/gazetteinfos.net\\\/wp-content\\\/uploads\\\/2026\\\/09\\\/1788580519424.jpg\",\"articleSection\":[\"Actualit\u00e9\"],\"inLanguage\":\"fr-FR\",\"potentialAction\":[{\"@type\":\"CommentAction\",\"name\":\"Comment\",\"target\":[\"https:\\\/\\\/gazetteinfos.net\\\/index.php\\\/2026\\\/09\\\/05\\\/rdc-felix-tshisekedi-pose-un-nouveau-jalon-pour-lessor-du-marche-des-capitaux\\\/#respond\"]}]},{\"@type\":\"WebPage\",\"@id\":\"https:\\\/\\\/gazetteinfos.net\\\/index.php\\\/2026\\\/09\\\/05\\\/rdc-felix-tshisekedi-pose-un-nouveau-jalon-pour-lessor-du-marche-des-capitaux\\\/\",\"url\":\"https:\\\/\\\/gazetteinfos.net\\\/index.php\\\/2026\\\/09\\\/05\\\/rdc-felix-tshisekedi-pose-un-nouveau-jalon-pour-lessor-du-marche-des-capitaux\\\/\",\"name\":\"RDC : F\u00e9lix Tshisekedi pose un nouveau jalon pour l\u2019essor du march\u00e9 des capitaux - Gazette Info\",\"isPartOf\":{\"@id\":\"https:\\\/\\\/gazetteinfos.net\\\/#website\"},\"primaryImageOfPage\":{\"@id\":\"https:\\\/\\\/gazetteinfos.net\\\/index.php\\\/2026\\\/09\\\/05\\\/rdc-felix-tshisekedi-pose-un-nouveau-jalon-pour-lessor-du-marche-des-capitaux\\\/#primaryimage\"},\"image\":{\"@id\":\"https:\\\/\\\/gazetteinfos.net\\\/index.php\\\/2026\\\/09\\\/05\\\/rdc-felix-tshisekedi-pose-un-nouveau-jalon-pour-lessor-du-marche-des-capitaux\\\/#primaryimage\"},\"thumbnailUrl\":\"https:\\\/\\\/gazetteinfos.net\\\/wp-content\\\/uploads\\\/2026\\\/09\\\/1788580519424.jpg\",\"datePublished\":\"2026-09-05T04:06:20+00:00\",\"dateModified\":\"2026-09-05T04:06:24+00:00\",\"breadcrumb\":{\"@id\":\"https:\\\/\\\/gazetteinfos.net\\\/index.php\\\/2026\\\/09\\\/05\\\/rdc-felix-tshisekedi-pose-un-nouveau-jalon-pour-lessor-du-marche-des-capitaux\\\/#breadcrumb\"},\"inLanguage\":\"fr-FR\",\"potentialAction\":[{\"@type\":\"ReadAction\",\"target\":[\"https:\\\/\\\/gazetteinfos.net\\\/index.php\\\/2026\\\/09\\\/05\\\/rdc-felix-tshisekedi-pose-un-nouveau-jalon-pour-lessor-du-marche-des-capitaux\\\/\"]}]},{\"@type\":\"ImageObject\",\"inLanguage\":\"fr-FR\",\"@id\":\"https:\\\/\\\/gazetteinfos.net\\\/index.php\\\/2026\\\/09\\\/05\\\/rdc-felix-tshisekedi-pose-un-nouveau-jalon-pour-lessor-du-marche-des-capitaux\\\/#primaryimage\",\"url\":\"https:\\\/\\\/gazetteinfos.net\\\/wp-content\\\/uploads\\\/2026\\\/09\\\/1788580519424.jpg\",\"contentUrl\":\"https:\\\/\\\/gazetteinfos.net\\\/wp-content\\\/uploads\\\/2026\\\/09\\\/1788580519424.jpg\",\"width\":720,\"height\":360},{\"@type\":\"BreadcrumbList\",\"@id\":\"https:\\\/\\\/gazetteinfos.net\\\/index.php\\\/2026\\\/09\\\/05\\\/rdc-felix-tshisekedi-pose-un-nouveau-jalon-pour-lessor-du-marche-des-capitaux\\\/#breadcrumb\",\"itemListElement\":[{\"@type\":\"ListItem\",\"position\":1,\"name\":\"Home\",\"item\":\"https:\\\/\\\/gazetteinfos.net\\\/index.php\\\/accueil\\\/?lang=fr\"},{\"@type\":\"ListItem\",\"position\":2,\"name\":\"RDC : F\u00e9lix Tshisekedi pose un nouveau jalon pour l\u2019essor du march\u00e9 des capitaux\"}]},{\"@type\":\"WebSite\",\"@id\":\"https:\\\/\\\/gazetteinfos.net\\\/#website\",\"url\":\"https:\\\/\\\/gazetteinfos.net\\\/\",\"name\":\"Gazette Info\",\"description\":\"L&#039;actualit\u00e9 au galop du cheval.\",\"publisher\":{\"@id\":\"https:\\\/\\\/gazetteinfos.net\\\/#organization\"},\"potentialAction\":[{\"@type\":\"SearchAction\",\"target\":{\"@type\":\"EntryPoint\",\"urlTemplate\":\"https:\\\/\\\/gazetteinfos.net\\\/?s={search_term_string}\"},\"query-input\":{\"@type\":\"PropertyValueSpecification\",\"valueRequired\":true,\"valueName\":\"search_term_string\"}}],\"inLanguage\":\"fr-FR\"},{\"@type\":\"Organization\",\"@id\":\"https:\\\/\\\/gazetteinfos.net\\\/#organization\",\"name\":\"Gazette Info\",\"url\":\"https:\\\/\\\/gazetteinfos.net\\\/\",\"logo\":{\"@type\":\"ImageObject\",\"inLanguage\":\"fr-FR\",\"@id\":\"https:\\\/\\\/gazetteinfos.net\\\/#\\\/schema\\\/logo\\\/image\\\/\",\"url\":\"https:\\\/\\\/gazetteinfos.net\\\/wp-content\\\/uploads\\\/2026\\\/08\\\/gazetteinfos-logo.png\",\"contentUrl\":\"https:\\\/\\\/gazetteinfos.net\\\/wp-content\\\/uploads\\\/2026\\\/08\\\/gazetteinfos-logo.png\",\"width\":1000,\"height\":250,\"caption\":\"Gazette Info\"},\"image\":{\"@id\":\"https:\\\/\\\/gazetteinfos.net\\\/#\\\/schema\\\/logo\\\/image\\\/\"}},{\"@type\":\"Person\",\"@id\":\"https:\\\/\\\/gazetteinfos.net\\\/#\\\/schema\\\/person\\\/d73ae61684083b98fa750c4800983201\",\"name\":\"gazettead2024gmailcom\",\"image\":{\"@type\":\"ImageObject\",\"inLanguage\":\"fr-FR\",\"@id\":\"https:\\\/\\\/secure.gravatar.com\\\/avatar\\\/8048ee0a120df59b2e841e99cd89588ad9a8b630732b434146f25e14cc0a442f?s=96&d=mm&r=g\",\"url\":\"https:\\\/\\\/secure.gravatar.com\\\/avatar\\\/8048ee0a120df59b2e841e99cd89588ad9a8b630732b434146f25e14cc0a442f?s=96&d=mm&r=g\",\"contentUrl\":\"https:\\\/\\\/secure.gravatar.com\\\/avatar\\\/8048ee0a120df59b2e841e99cd89588ad9a8b630732b434146f25e14cc0a442f?s=96&d=mm&r=g\",\"caption\":\"gazettead2024gmailcom\"},\"sameAs\":[\"https:\\\/\\\/gazetteinfos.net\"],\"url\":\"https:\\\/\\\/gazetteinfos.net\\\/index.php\\\/author\\\/gazettead2024gmailcom\\\/\"}]}<\/script>\n<!-- \/ Yoast SEO plugin. -->","yoast_head_json":{"title":"RDC : F\u00e9lix Tshisekedi pose un nouveau jalon pour l\u2019essor du march\u00e9 des capitaux - Gazette Info","robots":{"index":"index","follow":"follow","max-snippet":"max-snippet:-1","max-image-preview":"max-image-preview:large","max-video-preview":"max-video-preview:-1"},"canonical":"https:\/\/gazetteinfos.net\/index.php\/2026\/09\/05\/rdc-felix-tshisekedi-pose-un-nouveau-jalon-pour-lessor-du-marche-des-capitaux\/","og_locale":"fr_FR","og_type":"article","og_title":"RDC : F\u00e9lix Tshisekedi pose un nouveau jalon pour l\u2019essor du march\u00e9 des capitaux - Gazette Info","og_description":"Kinshasa \u2014 La R\u00e9publique d\u00e9mocratique du Congo franchit une \u00e9tape majeure dans la modernisation de son syst\u00e8me financier. Le Pr\u00e9sident de la R\u00e9publique, F\u00e9lix Tshisekedi, a promulgu\u00e9\u2026","og_url":"https:\/\/gazetteinfos.net\/index.php\/2026\/09\/05\/rdc-felix-tshisekedi-pose-un-nouveau-jalon-pour-lessor-du-marche-des-capitaux\/","og_site_name":"Gazette Info","article_published_time":"2026-09-05T04:06:20+00:00","article_modified_time":"2026-09-05T04:06:24+00:00","og_image":[{"width":720,"height":360,"url":"https:\/\/gazetteinfos.net\/wp-content\/uploads\/2026\/09\/1788580519424.jpg","type":"image\/jpeg"}],"author":"gazettead2024gmailcom","twitter_card":"summary_large_image","twitter_misc":{"\u00c9crit par":"gazettead2024gmailcom","Dur\u00e9e de lecture estim\u00e9e":"2 minutes"},"schema":{"@context":"https:\/\/schema.org","@graph":[{"@type":"Article","@id":"https:\/\/gazetteinfos.net\/index.php\/2026\/09\/05\/rdc-felix-tshisekedi-pose-un-nouveau-jalon-pour-lessor-du-marche-des-capitaux\/#article","isPartOf":{"@id":"https:\/\/gazetteinfos.net\/index.php\/2026\/09\/05\/rdc-felix-tshisekedi-pose-un-nouveau-jalon-pour-lessor-du-marche-des-capitaux\/"},"author":{"name":"gazettead2024gmailcom","@id":"https:\/\/gazetteinfos.net\/#\/schema\/person\/d73ae61684083b98fa750c4800983201"},"headline":"RDC : F\u00e9lix Tshisekedi pose un nouveau jalon pour l\u2019essor du march\u00e9 des capitaux","datePublished":"2026-09-05T04:06:20+00:00","dateModified":"2026-09-05T04:06:24+00:00","mainEntityOfPage":{"@id":"https:\/\/gazetteinfos.net\/index.php\/2026\/09\/05\/rdc-felix-tshisekedi-pose-un-nouveau-jalon-pour-lessor-du-marche-des-capitaux\/"},"wordCount":195,"commentCount":0,"publisher":{"@id":"https:\/\/gazetteinfos.net\/#organization"},"image":{"@id":"https:\/\/gazetteinfos.net\/index.php\/2026\/09\/05\/rdc-felix-tshisekedi-pose-un-nouveau-jalon-pour-lessor-du-marche-des-capitaux\/#primaryimage"},"thumbnailUrl":"https:\/\/gazetteinfos.net\/wp-content\/uploads\/2026\/09\/1788580519424.jpg","articleSection":["Actualit\u00e9"],"inLanguage":"fr-FR","potentialAction":[{"@type":"CommentAction","name":"Comment","target":["https:\/\/gazetteinfos.net\/index.php\/2026\/09\/05\/rdc-felix-tshisekedi-pose-un-nouveau-jalon-pour-lessor-du-marche-des-capitaux\/#respond"]}]},{"@type":"WebPage","@id":"https:\/\/gazetteinfos.net\/index.php\/2026\/09\/05\/rdc-felix-tshisekedi-pose-un-nouveau-jalon-pour-lessor-du-marche-des-capitaux\/","url":"https:\/\/gazetteinfos.net\/index.php\/2026\/09\/05\/rdc-felix-tshisekedi-pose-un-nouveau-jalon-pour-lessor-du-marche-des-capitaux\/","name":"RDC : F\u00e9lix Tshisekedi pose un nouveau jalon pour l\u2019essor du march\u00e9 des capitaux - Gazette Info","isPartOf":{"@id":"https:\/\/gazetteinfos.net\/#website"},"primaryImageOfPage":{"@id":"https:\/\/gazetteinfos.net\/index.php\/2026\/09\/05\/rdc-felix-tshisekedi-pose-un-nouveau-jalon-pour-lessor-du-marche-des-capitaux\/#primaryimage"},"image":{"@id":"https:\/\/gazetteinfos.net\/index.php\/2026\/09\/05\/rdc-felix-tshisekedi-pose-un-nouveau-jalon-pour-lessor-du-marche-des-capitaux\/#primaryimage"},"thumbnailUrl":"https:\/\/gazetteinfos.net\/wp-content\/uploads\/2026\/09\/1788580519424.jpg","datePublished":"2026-09-05T04:06:20+00:00","dateModified":"2026-09-05T04:06:24+00:00","breadcrumb":{"@id":"https:\/\/gazetteinfos.net\/index.php\/2026\/09\/05\/rdc-felix-tshisekedi-pose-un-nouveau-jalon-pour-lessor-du-marche-des-capitaux\/#breadcrumb"},"inLanguage":"fr-FR","potentialAction":[{"@type":"ReadAction","target":["https:\/\/gazetteinfos.net\/index.php\/2026\/09\/05\/rdc-felix-tshisekedi-pose-un-nouveau-jalon-pour-lessor-du-marche-des-capitaux\/"]}]},{"@type":"ImageObject","inLanguage":"fr-FR","@id":"https:\/\/gazetteinfos.net\/index.php\/2026\/09\/05\/rdc-felix-tshisekedi-pose-un-nouveau-jalon-pour-lessor-du-marche-des-capitaux\/#primaryimage","url":"https:\/\/gazetteinfos.net\/wp-content\/uploads\/2026\/09\/1788580519424.jpg","contentUrl":"https:\/\/gazetteinfos.net\/wp-content\/uploads\/2026\/09\/1788580519424.jpg","width":720,"height":360},{"@type":"BreadcrumbList","@id":"https:\/\/gazetteinfos.net\/index.php\/2026\/09\/05\/rdc-felix-tshisekedi-pose-un-nouveau-jalon-pour-lessor-du-marche-des-capitaux\/#breadcrumb","itemListElement":[{"@type":"ListItem","position":1,"name":"Home","item":"https:\/\/gazetteinfos.net\/index.php\/accueil\/?lang=fr"},{"@type":"ListItem","position":2,"name":"RDC : F\u00e9lix Tshisekedi pose un nouveau jalon pour l\u2019essor du march\u00e9 des capitaux"}]},{"@type":"WebSite","@id":"https:\/\/gazetteinfos.net\/#website","url":"https:\/\/gazetteinfos.net\/","name":"Gazette Info","description":"L&#039;actualit\u00e9 au galop du cheval.","publisher":{"@id":"https:\/\/gazetteinfos.net\/#organization"},"potentialAction":[{"@type":"SearchAction","target":{"@type":"EntryPoint","urlTemplate":"https:\/\/gazetteinfos.net\/?s={search_term_string}"},"query-input":{"@type":"PropertyValueSpecification","valueRequired":true,"valueName":"search_term_string"}}],"inLanguage":"fr-FR"},{"@type":"Organization","@id":"https:\/\/gazetteinfos.net\/#organization","name":"Gazette Info","url":"https:\/\/gazetteinfos.net\/","logo":{"@type":"ImageObject","inLanguage":"fr-FR","@id":"https:\/\/gazetteinfos.net\/#\/schema\/logo\/image\/","url":"https:\/\/gazetteinfos.net\/wp-content\/uploads\/2026\/08\/gazetteinfos-logo.png","contentUrl":"https:\/\/gazetteinfos.net\/wp-content\/uploads\/2026\/08\/gazetteinfos-logo.png","width":1000,"height":250,"caption":"Gazette Info"},"image":{"@id":"https:\/\/gazetteinfos.net\/#\/schema\/logo\/image\/"}},{"@type":"Person","@id":"https:\/\/gazetteinfos.net\/#\/schema\/person\/d73ae61684083b98fa750c4800983201","name":"gazettead2024gmailcom","image":{"@type":"ImageObject","inLanguage":"fr-FR","@id":"https:\/\/secure.gravatar.com\/avatar\/8048ee0a120df59b2e841e99cd89588ad9a8b630732b434146f25e14cc0a442f?s=96&d=mm&r=g","url":"https:\/\/secure.gravatar.com\/avatar\/8048ee0a120df59b2e841e99cd89588ad9a8b630732b434146f25e14cc0a442f?s=96&d=mm&r=g","contentUrl":"https:\/\/secure.gravatar.com\/avatar\/8048ee0a120df59b2e841e99cd89588ad9a8b630732b434146f25e14cc0a442f?s=96&d=mm&r=g","caption":"gazettead2024gmailcom"},"sameAs":["https:\/\/gazetteinfos.net"],"url":"https:\/\/gazetteinfos.net\/index.php\/author\/gazettead2024gmailcom\/"}]}},"_links":{"self":[{"href":"https:\/\/gazetteinfos.net\/index.php\/wp-json\/wp\/v2\/posts\/376","targetHints":{"allow":["GET"]}}],"collection":[{"href":"https:\/\/gazetteinfos.net\/index.php\/wp-json\/wp\/v2\/posts"}],"about":[{"href":"https:\/\/gazetteinfos.net\/index.php\/wp-json\/wp\/v2\/types\/post"}],"author":[{"embeddable":true,"href":"https:\/\/gazetteinfos.net\/index.php\/wp-json\/wp\/v2\/users\/1"}],"replies":[{"embeddable":true,"href":"https:\/\/gazetteinfos.net\/index.php\/wp-json\/wp\/v2\/comments?post=376"}],"version-history":[{"count":1,"href":"https:\/\/gazetteinfos.net\/index.php\/wp-json\/wp\/v2\/posts\/376\/revisions"}],"predecessor-version":[{"id":378,"href":"https:\/\/gazetteinfos.net\/index.php\/wp-json\/wp\/v2\/posts\/376\/revisions\/378"}],"wp:featuredmedia":[{"embeddable":true,"href":"https:\/\/gazetteinfos.net\/index.php\/wp-json\/wp\/v2\/media\/377"}],"wp:attachment":[{"href":"https:\/\/gazetteinfos.net\/index.php\/wp-json\/wp\/v2\/media?parent=376"}],"wp:term":[{"taxonomy":"category","embeddable":true,"href":"https:\/\/gazetteinfos.net\/index.php\/wp-json\/wp\/v2\/categories?post=376"},{"taxonomy":"post_tag","embeddable":true,"href":"https:\/\/gazetteinfos.net\/index.php\/wp-json\/wp\/v2\/tags?post=376"},{"taxonomy":"gi_province","embeddable":true,"href":"https:\/\/gazetteinfos.net\/index.php\/wp-json\/wp\/v2\/gi_province?post=376"}],"curies":[{"name":"wp","href":"https:\/\/api.w.org\/{rel}","templated":true}]}}