{"id":370,"date":"2026-09-05T06:11:55","date_gmt":"2026-09-05T04:11:55","guid":{"rendered":"https:\/\/gazetteinfos.net\/?p=370"},"modified":"2026-09-05T06:11:58","modified_gmt":"2026-09-05T04:11:58","slug":"kasai-le-gouverneur-crispin-mukendi-suspend-le-ministre-provincial-des-mines-energie-et-hydrocarbures","status":"publish","type":"post","link":"https:\/\/gazetteinfos.net\/index.php\/2026\/09\/05\/kasai-le-gouverneur-crispin-mukendi-suspend-le-ministre-provincial-des-mines-energie-et-hydrocarbures\/","title":{"rendered":"Kasa\u00ef : le gouverneur Crispin Mukendi suspend le ministre provincial des Mines, \u00c9nergie et Hydrocarbures"},"content":{"rendered":"\n<p class=\"wp-block-paragraph\">Le gouverneur de la province du Kasa\u00ef, Crispin Mukendi Bukasa, a d\u00e9cid\u00e9 de suspendre de ses fonctions le ministre provincial des Mines, de l\u2019\u00c9nergie et des Hydrocarbures, Jeannot Kazadi Kazadi.\u200e\u200eDans une correspondance officielle dat\u00e9e du 2 septembre 2026, le chef de l\u2019ex\u00e9cutif provincial indique que cette d\u00e9cision fait suite \u00e0 une recommandation de l\u2019Assembl\u00e9e provinciale du Kasa\u00ef contenue dans sa lettre du 18 juin 2026, ainsi qu\u2019\u00e0 une correspondance du gouverneur dat\u00e9e du 20 juillet 2026.\u200e\u200e<\/p>\n\n\n\n<p class=\"wp-block-paragraph\">Selon cette d\u00e9cision, Jeannot Kazadi Kazadi est suspendu de ses fonctions de membre du gouvernement provincial en attendant son remplacement lors du prochain r\u00e9am\u00e9nagement du gouvernement provincial.\u200e\u200e<\/p>\n\n\n\n<p class=\"wp-block-paragraph\">Le minist\u00e8re confi\u00e9 provisoirement aux Finances\u200eAfin d\u2019assurer la continuit\u00e9 du service public, le gouverneur a \u00e9galement pr\u00e9cis\u00e9 que l\u2019int\u00e9rim du minist\u00e8re provincial des Mines, de l\u2019\u00c9nergie et des Hydrocarbures sera assur\u00e9 par le ministre provincial en charge des Finances.\u200e\u200e<\/p>\n\n\n\n<p class=\"wp-block-paragraph\"><strong><em>Daniel NDAYE<\/em><\/strong><\/p>\n\n\n\n<p class=\"wp-block-paragraph\"><\/p>\n","protected":false},"excerpt":{"rendered":"<p>Le gouverneur de la province du Kasa\u00ef, Crispin Mukendi Bukasa, a d\u00e9cid\u00e9 de suspendre de ses fonctions le ministre provincial des Mines, de l\u2019\u00c9nergie et des Hydrocarbures,\u2026<\/p>\n","protected":false},"author":1,"featured_media":379,"comment_status":"open","ping_status":"open","sticky":false,"template":"","format":"standard","meta":{"footnotes":""},"categories":[3],"tags":[],"gi_province":[13],"class_list":["post-370","post","type-post","status-publish","format-standard","has-post-thumbnail","hentry","category-politique","gi_province-kasai"],"yoast_head":"<!-- This site is optimized with the Yoast SEO plugin v28.4 - https:\/\/yoast.com\/product\/yoast-seo-wordpress\/ -->\n<title>Kasa\u00ef : le gouverneur Crispin Mukendi suspend le ministre provincial des Mines, \u00c9nergie et Hydrocarbures - Gazette Info<\/title>\n<meta name=\"robots\" content=\"index, follow, max-snippet:-1, max-image-preview:large, max-video-preview:-1\" \/>\n<link rel=\"canonical\" href=\"https:\/\/gazetteinfos.net\/index.php\/2026\/09\/05\/kasai-le-gouverneur-crispin-mukendi-suspend-le-ministre-provincial-des-mines-energie-et-hydrocarbures\/\" \/>\n<meta property=\"og:locale\" content=\"fr_FR\" \/>\n<meta property=\"og:type\" content=\"article\" \/>\n<meta property=\"og:title\" content=\"Kasa\u00ef : le gouverneur Crispin Mukendi suspend le ministre provincial des Mines, \u00c9nergie et Hydrocarbures - Gazette Info\" \/>\n<meta property=\"og:description\" content=\"Le gouverneur de la province du Kasa\u00ef, Crispin Mukendi Bukasa, a d\u00e9cid\u00e9 de suspendre de ses fonctions le ministre provincial des Mines, de l\u2019\u00c9nergie et des Hydrocarbures,\u2026\" \/>\n<meta property=\"og:url\" content=\"https:\/\/gazetteinfos.net\/index.php\/2026\/09\/05\/kasai-le-gouverneur-crispin-mukendi-suspend-le-ministre-provincial-des-mines-energie-et-hydrocarbures\/\" \/>\n<meta property=\"og:site_name\" content=\"Gazette Info\" \/>\n<meta property=\"article:published_time\" content=\"2026-09-05T04:11:55+00:00\" \/>\n<meta property=\"article:modified_time\" content=\"2026-09-05T04:11:58+00:00\" \/>\n<meta property=\"og:image\" content=\"https:\/\/gazetteinfos.net\/wp-content\/uploads\/2026\/09\/IMG-20260904-WA0004.jpg\" \/>\n\t<meta property=\"og:image:width\" content=\"642\" \/>\n\t<meta property=\"og:image:height\" content=\"720\" \/>\n\t<meta property=\"og:image:type\" content=\"image\/jpeg\" \/>\n<meta name=\"author\" content=\"gazettead2024gmailcom\" \/>\n<meta name=\"twitter:card\" content=\"summary_large_image\" \/>\n<meta name=\"twitter:label1\" content=\"\u00c9crit par\" \/>\n\t<meta name=\"twitter:data1\" content=\"gazettead2024gmailcom\" \/>\n\t<meta name=\"twitter:label2\" content=\"Dur\u00e9e de lecture estim\u00e9e\" \/>\n\t<meta name=\"twitter:data2\" content=\"1 minute\" \/>\n<script type=\"application\/ld+json\" class=\"yoast-schema-graph\">{\"@context\":\"https:\\\/\\\/schema.org\",\"@graph\":[{\"@type\":\"Article\",\"@id\":\"https:\\\/\\\/gazetteinfos.net\\\/index.php\\\/2026\\\/09\\\/05\\\/kasai-le-gouverneur-crispin-mukendi-suspend-le-ministre-provincial-des-mines-energie-et-hydrocarbures\\\/#article\",\"isPartOf\":{\"@id\":\"https:\\\/\\\/gazetteinfos.net\\\/index.php\\\/2026\\\/09\\\/05\\\/kasai-le-gouverneur-crispin-mukendi-suspend-le-ministre-provincial-des-mines-energie-et-hydrocarbures\\\/\"},\"author\":{\"name\":\"gazettead2024gmailcom\",\"@id\":\"https:\\\/\\\/gazetteinfos.net\\\/#\\\/schema\\\/person\\\/d73ae61684083b98fa750c4800983201\"},\"headline\":\"Kasa\u00ef : le gouverneur Crispin Mukendi suspend le ministre provincial des Mines, \u00c9nergie et Hydrocarbures\",\"datePublished\":\"2026-09-05T04:11:55+00:00\",\"dateModified\":\"2026-09-05T04:11:58+00:00\",\"mainEntityOfPage\":{\"@id\":\"https:\\\/\\\/gazetteinfos.net\\\/index.php\\\/2026\\\/09\\\/05\\\/kasai-le-gouverneur-crispin-mukendi-suspend-le-ministre-provincial-des-mines-energie-et-hydrocarbures\\\/\"},\"wordCount\":172,\"commentCount\":0,\"publisher\":{\"@id\":\"https:\\\/\\\/gazetteinfos.net\\\/#organization\"},\"image\":{\"@id\":\"https:\\\/\\\/gazetteinfos.net\\\/index.php\\\/2026\\\/09\\\/05\\\/kasai-le-gouverneur-crispin-mukendi-suspend-le-ministre-provincial-des-mines-energie-et-hydrocarbures\\\/#primaryimage\"},\"thumbnailUrl\":\"https:\\\/\\\/gazetteinfos.net\\\/wp-content\\\/uploads\\\/2026\\\/09\\\/IMG-20260904-WA0004.jpg\",\"articleSection\":[\"Politique\"],\"inLanguage\":\"fr-FR\",\"potentialAction\":[{\"@type\":\"CommentAction\",\"name\":\"Comment\",\"target\":[\"https:\\\/\\\/gazetteinfos.net\\\/index.php\\\/2026\\\/09\\\/05\\\/kasai-le-gouverneur-crispin-mukendi-suspend-le-ministre-provincial-des-mines-energie-et-hydrocarbures\\\/#respond\"]}]},{\"@type\":\"WebPage\",\"@id\":\"https:\\\/\\\/gazetteinfos.net\\\/index.php\\\/2026\\\/09\\\/05\\\/kasai-le-gouverneur-crispin-mukendi-suspend-le-ministre-provincial-des-mines-energie-et-hydrocarbures\\\/\",\"url\":\"https:\\\/\\\/gazetteinfos.net\\\/index.php\\\/2026\\\/09\\\/05\\\/kasai-le-gouverneur-crispin-mukendi-suspend-le-ministre-provincial-des-mines-energie-et-hydrocarbures\\\/\",\"name\":\"Kasa\u00ef : le gouverneur Crispin Mukendi suspend le ministre provincial des Mines, \u00c9nergie et Hydrocarbures - Gazette Info\",\"isPartOf\":{\"@id\":\"https:\\\/\\\/gazetteinfos.net\\\/#website\"},\"primaryImageOfPage\":{\"@id\":\"https:\\\/\\\/gazetteinfos.net\\\/index.php\\\/2026\\\/09\\\/05\\\/kasai-le-gouverneur-crispin-mukendi-suspend-le-ministre-provincial-des-mines-energie-et-hydrocarbures\\\/#primaryimage\"},\"image\":{\"@id\":\"https:\\\/\\\/gazetteinfos.net\\\/index.php\\\/2026\\\/09\\\/05\\\/kasai-le-gouverneur-crispin-mukendi-suspend-le-ministre-provincial-des-mines-energie-et-hydrocarbures\\\/#primaryimage\"},\"thumbnailUrl\":\"https:\\\/\\\/gazetteinfos.net\\\/wp-content\\\/uploads\\\/2026\\\/09\\\/IMG-20260904-WA0004.jpg\",\"datePublished\":\"2026-09-05T04:11:55+00:00\",\"dateModified\":\"2026-09-05T04:11:58+00:00\",\"breadcrumb\":{\"@id\":\"https:\\\/\\\/gazetteinfos.net\\\/index.php\\\/2026\\\/09\\\/05\\\/kasai-le-gouverneur-crispin-mukendi-suspend-le-ministre-provincial-des-mines-energie-et-hydrocarbures\\\/#breadcrumb\"},\"inLanguage\":\"fr-FR\",\"potentialAction\":[{\"@type\":\"ReadAction\",\"target\":[\"https:\\\/\\\/gazetteinfos.net\\\/index.php\\\/2026\\\/09\\\/05\\\/kasai-le-gouverneur-crispin-mukendi-suspend-le-ministre-provincial-des-mines-energie-et-hydrocarbures\\\/\"]}]},{\"@type\":\"ImageObject\",\"inLanguage\":\"fr-FR\",\"@id\":\"https:\\\/\\\/gazetteinfos.net\\\/index.php\\\/2026\\\/09\\\/05\\\/kasai-le-gouverneur-crispin-mukendi-suspend-le-ministre-provincial-des-mines-energie-et-hydrocarbures\\\/#primaryimage\",\"url\":\"https:\\\/\\\/gazetteinfos.net\\\/wp-content\\\/uploads\\\/2026\\\/09\\\/IMG-20260904-WA0004.jpg\",\"contentUrl\":\"https:\\\/\\\/gazetteinfos.net\\\/wp-content\\\/uploads\\\/2026\\\/09\\\/IMG-20260904-WA0004.jpg\",\"width\":642,\"height\":720},{\"@type\":\"BreadcrumbList\",\"@id\":\"https:\\\/\\\/gazetteinfos.net\\\/index.php\\\/2026\\\/09\\\/05\\\/kasai-le-gouverneur-crispin-mukendi-suspend-le-ministre-provincial-des-mines-energie-et-hydrocarbures\\\/#breadcrumb\",\"itemListElement\":[{\"@type\":\"ListItem\",\"position\":1,\"name\":\"Home\",\"item\":\"https:\\\/\\\/gazetteinfos.net\\\/index.php\\\/accueil\\\/?lang=fr\"},{\"@type\":\"ListItem\",\"position\":2,\"name\":\"Kasa\u00ef : le gouverneur Crispin Mukendi suspend le ministre provincial des Mines, \u00c9nergie et Hydrocarbures\"}]},{\"@type\":\"WebSite\",\"@id\":\"https:\\\/\\\/gazetteinfos.net\\\/#website\",\"url\":\"https:\\\/\\\/gazetteinfos.net\\\/\",\"name\":\"Gazette Info\",\"description\":\"L&#039;actualit\u00e9 au galop du cheval.\",\"publisher\":{\"@id\":\"https:\\\/\\\/gazetteinfos.net\\\/#organization\"},\"potentialAction\":[{\"@type\":\"SearchAction\",\"target\":{\"@type\":\"EntryPoint\",\"urlTemplate\":\"https:\\\/\\\/gazetteinfos.net\\\/?s={search_term_string}\"},\"query-input\":{\"@type\":\"PropertyValueSpecification\",\"valueRequired\":true,\"valueName\":\"search_term_string\"}}],\"inLanguage\":\"fr-FR\"},{\"@type\":\"Organization\",\"@id\":\"https:\\\/\\\/gazetteinfos.net\\\/#organization\",\"name\":\"Gazette Info\",\"url\":\"https:\\\/\\\/gazetteinfos.net\\\/\",\"logo\":{\"@type\":\"ImageObject\",\"inLanguage\":\"fr-FR\",\"@id\":\"https:\\\/\\\/gazetteinfos.net\\\/#\\\/schema\\\/logo\\\/image\\\/\",\"url\":\"https:\\\/\\\/gazetteinfos.net\\\/wp-content\\\/uploads\\\/2026\\\/08\\\/gazetteinfos-logo.png\",\"contentUrl\":\"https:\\\/\\\/gazetteinfos.net\\\/wp-content\\\/uploads\\\/2026\\\/08\\\/gazetteinfos-logo.png\",\"width\":1000,\"height\":250,\"caption\":\"Gazette Info\"},\"image\":{\"@id\":\"https:\\\/\\\/gazetteinfos.net\\\/#\\\/schema\\\/logo\\\/image\\\/\"}},{\"@type\":\"Person\",\"@id\":\"https:\\\/\\\/gazetteinfos.net\\\/#\\\/schema\\\/person\\\/d73ae61684083b98fa750c4800983201\",\"name\":\"gazettead2024gmailcom\",\"image\":{\"@type\":\"ImageObject\",\"inLanguage\":\"fr-FR\",\"@id\":\"https:\\\/\\\/secure.gravatar.com\\\/avatar\\\/8048ee0a120df59b2e841e99cd89588ad9a8b630732b434146f25e14cc0a442f?s=96&d=mm&r=g\",\"url\":\"https:\\\/\\\/secure.gravatar.com\\\/avatar\\\/8048ee0a120df59b2e841e99cd89588ad9a8b630732b434146f25e14cc0a442f?s=96&d=mm&r=g\",\"contentUrl\":\"https:\\\/\\\/secure.gravatar.com\\\/avatar\\\/8048ee0a120df59b2e841e99cd89588ad9a8b630732b434146f25e14cc0a442f?s=96&d=mm&r=g\",\"caption\":\"gazettead2024gmailcom\"},\"sameAs\":[\"https:\\\/\\\/gazetteinfos.net\"],\"url\":\"https:\\\/\\\/gazetteinfos.net\\\/index.php\\\/author\\\/gazettead2024gmailcom\\\/\"}]}<\/script>\n<!-- \/ Yoast SEO plugin. -->","yoast_head_json":{"title":"Kasa\u00ef : le gouverneur Crispin Mukendi suspend le ministre provincial des Mines, \u00c9nergie et Hydrocarbures - Gazette Info","robots":{"index":"index","follow":"follow","max-snippet":"max-snippet:-1","max-image-preview":"max-image-preview:large","max-video-preview":"max-video-preview:-1"},"canonical":"https:\/\/gazetteinfos.net\/index.php\/2026\/09\/05\/kasai-le-gouverneur-crispin-mukendi-suspend-le-ministre-provincial-des-mines-energie-et-hydrocarbures\/","og_locale":"fr_FR","og_type":"article","og_title":"Kasa\u00ef : le gouverneur Crispin Mukendi suspend le ministre provincial des Mines, \u00c9nergie et Hydrocarbures - Gazette Info","og_description":"Le gouverneur de la province du Kasa\u00ef, Crispin Mukendi Bukasa, a d\u00e9cid\u00e9 de suspendre de ses fonctions le ministre provincial des Mines, de l\u2019\u00c9nergie et des Hydrocarbures,\u2026","og_url":"https:\/\/gazetteinfos.net\/index.php\/2026\/09\/05\/kasai-le-gouverneur-crispin-mukendi-suspend-le-ministre-provincial-des-mines-energie-et-hydrocarbures\/","og_site_name":"Gazette Info","article_published_time":"2026-09-05T04:11:55+00:00","article_modified_time":"2026-09-05T04:11:58+00:00","og_image":[{"width":642,"height":720,"url":"https:\/\/gazetteinfos.net\/wp-content\/uploads\/2026\/09\/IMG-20260904-WA0004.jpg","type":"image\/jpeg"}],"author":"gazettead2024gmailcom","twitter_card":"summary_large_image","twitter_misc":{"\u00c9crit par":"gazettead2024gmailcom","Dur\u00e9e de lecture estim\u00e9e":"1 minute"},"schema":{"@context":"https:\/\/schema.org","@graph":[{"@type":"Article","@id":"https:\/\/gazetteinfos.net\/index.php\/2026\/09\/05\/kasai-le-gouverneur-crispin-mukendi-suspend-le-ministre-provincial-des-mines-energie-et-hydrocarbures\/#article","isPartOf":{"@id":"https:\/\/gazetteinfos.net\/index.php\/2026\/09\/05\/kasai-le-gouverneur-crispin-mukendi-suspend-le-ministre-provincial-des-mines-energie-et-hydrocarbures\/"},"author":{"name":"gazettead2024gmailcom","@id":"https:\/\/gazetteinfos.net\/#\/schema\/person\/d73ae61684083b98fa750c4800983201"},"headline":"Kasa\u00ef : le gouverneur Crispin Mukendi suspend le ministre provincial des Mines, \u00c9nergie et Hydrocarbures","datePublished":"2026-09-05T04:11:55+00:00","dateModified":"2026-09-05T04:11:58+00:00","mainEntityOfPage":{"@id":"https:\/\/gazetteinfos.net\/index.php\/2026\/09\/05\/kasai-le-gouverneur-crispin-mukendi-suspend-le-ministre-provincial-des-mines-energie-et-hydrocarbures\/"},"wordCount":172,"commentCount":0,"publisher":{"@id":"https:\/\/gazetteinfos.net\/#organization"},"image":{"@id":"https:\/\/gazetteinfos.net\/index.php\/2026\/09\/05\/kasai-le-gouverneur-crispin-mukendi-suspend-le-ministre-provincial-des-mines-energie-et-hydrocarbures\/#primaryimage"},"thumbnailUrl":"https:\/\/gazetteinfos.net\/wp-content\/uploads\/2026\/09\/IMG-20260904-WA0004.jpg","articleSection":["Politique"],"inLanguage":"fr-FR","potentialAction":[{"@type":"CommentAction","name":"Comment","target":["https:\/\/gazetteinfos.net\/index.php\/2026\/09\/05\/kasai-le-gouverneur-crispin-mukendi-suspend-le-ministre-provincial-des-mines-energie-et-hydrocarbures\/#respond"]}]},{"@type":"WebPage","@id":"https:\/\/gazetteinfos.net\/index.php\/2026\/09\/05\/kasai-le-gouverneur-crispin-mukendi-suspend-le-ministre-provincial-des-mines-energie-et-hydrocarbures\/","url":"https:\/\/gazetteinfos.net\/index.php\/2026\/09\/05\/kasai-le-gouverneur-crispin-mukendi-suspend-le-ministre-provincial-des-mines-energie-et-hydrocarbures\/","name":"Kasa\u00ef : le gouverneur Crispin Mukendi suspend le ministre provincial des Mines, \u00c9nergie et Hydrocarbures - Gazette Info","isPartOf":{"@id":"https:\/\/gazetteinfos.net\/#website"},"primaryImageOfPage":{"@id":"https:\/\/gazetteinfos.net\/index.php\/2026\/09\/05\/kasai-le-gouverneur-crispin-mukendi-suspend-le-ministre-provincial-des-mines-energie-et-hydrocarbures\/#primaryimage"},"image":{"@id":"https:\/\/gazetteinfos.net\/index.php\/2026\/09\/05\/kasai-le-gouverneur-crispin-mukendi-suspend-le-ministre-provincial-des-mines-energie-et-hydrocarbures\/#primaryimage"},"thumbnailUrl":"https:\/\/gazetteinfos.net\/wp-content\/uploads\/2026\/09\/IMG-20260904-WA0004.jpg","datePublished":"2026-09-05T04:11:55+00:00","dateModified":"2026-09-05T04:11:58+00:00","breadcrumb":{"@id":"https:\/\/gazetteinfos.net\/index.php\/2026\/09\/05\/kasai-le-gouverneur-crispin-mukendi-suspend-le-ministre-provincial-des-mines-energie-et-hydrocarbures\/#breadcrumb"},"inLanguage":"fr-FR","potentialAction":[{"@type":"ReadAction","target":["https:\/\/gazetteinfos.net\/index.php\/2026\/09\/05\/kasai-le-gouverneur-crispin-mukendi-suspend-le-ministre-provincial-des-mines-energie-et-hydrocarbures\/"]}]},{"@type":"ImageObject","inLanguage":"fr-FR","@id":"https:\/\/gazetteinfos.net\/index.php\/2026\/09\/05\/kasai-le-gouverneur-crispin-mukendi-suspend-le-ministre-provincial-des-mines-energie-et-hydrocarbures\/#primaryimage","url":"https:\/\/gazetteinfos.net\/wp-content\/uploads\/2026\/09\/IMG-20260904-WA0004.jpg","contentUrl":"https:\/\/gazetteinfos.net\/wp-content\/uploads\/2026\/09\/IMG-20260904-WA0004.jpg","width":642,"height":720},{"@type":"BreadcrumbList","@id":"https:\/\/gazetteinfos.net\/index.php\/2026\/09\/05\/kasai-le-gouverneur-crispin-mukendi-suspend-le-ministre-provincial-des-mines-energie-et-hydrocarbures\/#breadcrumb","itemListElement":[{"@type":"ListItem","position":1,"name":"Home","item":"https:\/\/gazetteinfos.net\/index.php\/accueil\/?lang=fr"},{"@type":"ListItem","position":2,"name":"Kasa\u00ef : le gouverneur Crispin Mukendi suspend le ministre provincial des Mines, \u00c9nergie et Hydrocarbures"}]},{"@type":"WebSite","@id":"https:\/\/gazetteinfos.net\/#website","url":"https:\/\/gazetteinfos.net\/","name":"Gazette Info","description":"L&#039;actualit\u00e9 au galop du cheval.","publisher":{"@id":"https:\/\/gazetteinfos.net\/#organization"},"potentialAction":[{"@type":"SearchAction","target":{"@type":"EntryPoint","urlTemplate":"https:\/\/gazetteinfos.net\/?s={search_term_string}"},"query-input":{"@type":"PropertyValueSpecification","valueRequired":true,"valueName":"search_term_string"}}],"inLanguage":"fr-FR"},{"@type":"Organization","@id":"https:\/\/gazetteinfos.net\/#organization","name":"Gazette Info","url":"https:\/\/gazetteinfos.net\/","logo":{"@type":"ImageObject","inLanguage":"fr-FR","@id":"https:\/\/gazetteinfos.net\/#\/schema\/logo\/image\/","url":"https:\/\/gazetteinfos.net\/wp-content\/uploads\/2026\/08\/gazetteinfos-logo.png","contentUrl":"https:\/\/gazetteinfos.net\/wp-content\/uploads\/2026\/08\/gazetteinfos-logo.png","width":1000,"height":250,"caption":"Gazette Info"},"image":{"@id":"https:\/\/gazetteinfos.net\/#\/schema\/logo\/image\/"}},{"@type":"Person","@id":"https:\/\/gazetteinfos.net\/#\/schema\/person\/d73ae61684083b98fa750c4800983201","name":"gazettead2024gmailcom","image":{"@type":"ImageObject","inLanguage":"fr-FR","@id":"https:\/\/secure.gravatar.com\/avatar\/8048ee0a120df59b2e841e99cd89588ad9a8b630732b434146f25e14cc0a442f?s=96&d=mm&r=g","url":"https:\/\/secure.gravatar.com\/avatar\/8048ee0a120df59b2e841e99cd89588ad9a8b630732b434146f25e14cc0a442f?s=96&d=mm&r=g","contentUrl":"https:\/\/secure.gravatar.com\/avatar\/8048ee0a120df59b2e841e99cd89588ad9a8b630732b434146f25e14cc0a442f?s=96&d=mm&r=g","caption":"gazettead2024gmailcom"},"sameAs":["https:\/\/gazetteinfos.net"],"url":"https:\/\/gazetteinfos.net\/index.php\/author\/gazettead2024gmailcom\/"}]}},"_links":{"self":[{"href":"https:\/\/gazetteinfos.net\/index.php\/wp-json\/wp\/v2\/posts\/370","targetHints":{"allow":["GET"]}}],"collection":[{"href":"https:\/\/gazetteinfos.net\/index.php\/wp-json\/wp\/v2\/posts"}],"about":[{"href":"https:\/\/gazetteinfos.net\/index.php\/wp-json\/wp\/v2\/types\/post"}],"author":[{"embeddable":true,"href":"https:\/\/gazetteinfos.net\/index.php\/wp-json\/wp\/v2\/users\/1"}],"replies":[{"embeddable":true,"href":"https:\/\/gazetteinfos.net\/index.php\/wp-json\/wp\/v2\/comments?post=370"}],"version-history":[{"count":1,"href":"https:\/\/gazetteinfos.net\/index.php\/wp-json\/wp\/v2\/posts\/370\/revisions"}],"predecessor-version":[{"id":380,"href":"https:\/\/gazetteinfos.net\/index.php\/wp-json\/wp\/v2\/posts\/370\/revisions\/380"}],"wp:featuredmedia":[{"embeddable":true,"href":"https:\/\/gazetteinfos.net\/index.php\/wp-json\/wp\/v2\/media\/379"}],"wp:attachment":[{"href":"https:\/\/gazetteinfos.net\/index.php\/wp-json\/wp\/v2\/media?parent=370"}],"wp:term":[{"taxonomy":"category","embeddable":true,"href":"https:\/\/gazetteinfos.net\/index.php\/wp-json\/wp\/v2\/categories?post=370"},{"taxonomy":"post_tag","embeddable":true,"href":"https:\/\/gazetteinfos.net\/index.php\/wp-json\/wp\/v2\/tags?post=370"},{"taxonomy":"gi_province","embeddable":true,"href":"https:\/\/gazetteinfos.net\/index.php\/wp-json\/wp\/v2\/gi_province?post=370"}],"curies":[{"name":"wp","href":"https:\/\/api.w.org\/{rel}","templated":true}]}}