{"id":364,"date":"2026-09-03T13:08:19","date_gmt":"2026-09-03T11:08:19","guid":{"rendered":"https:\/\/gazetteinfos.net\/?p=364"},"modified":"2026-09-03T13:08:23","modified_gmt":"2026-09-03T11:08:23","slug":"felix-tshisekedi-a-sao-tome-pour-linvestiture-de-carlos-vila-nova","status":"publish","type":"post","link":"https:\/\/gazetteinfos.net\/index.php\/2026\/09\/03\/felix-tshisekedi-a-sao-tome-pour-linvestiture-de-carlos-vila-nova\/","title":{"rendered":"F\u00e9lix Tshisekedi \u00e0 S\u00e3o Tom\u00e9 pour l\u2019investiture de Carlos Vila Nova"},"content":{"rendered":"\n<p class=\"wp-block-paragraph\">Le Pr\u00e9sident de la R\u00e9publique d\u00e9mocratique du Congo, F\u00e9lix-Antoine Tshisekedi Tshilombo, est arriv\u00e9 \u00e0 S\u00e3o Tom\u00e9 pour prendre part \u00e0 la c\u00e9r\u00e9monie d\u2019investiture de Carlos Vila Nova, r\u00e9\u00e9lu d\u00e8s le premier tour de l\u2019\u00e9lection pr\u00e9sidentielle du 19 juillet dernier.<\/p>\n\n\n\n<p class=\"wp-block-paragraph\">La pr\u00e9sence du Chef de l\u2019\u00c9tat congolais \u00e0 cette c\u00e9r\u00e9monie t\u00e9moigne de la qualit\u00e9 des relations d\u2019amiti\u00e9 et de coop\u00e9ration qui unissent la R\u00e9publique d\u00e9mocratique du Congo \u00e0 S\u00e3o Tom\u00e9-et-Pr\u00edncipe. Elle traduit \u00e9galement l\u2019importance accord\u00e9e par Kinshasa au renforcement des liens entre les \u00c9tats africains.<\/p>\n\n\n\n<p class=\"wp-block-paragraph\">\u00c0 travers cette participation, le Pr\u00e9sident F\u00e9lix Tshisekedi r\u00e9affirme la volont\u00e9 de la RDC de contribuer activement au d\u00e9veloppement d\u2019une coop\u00e9ration africaine fond\u00e9e sur la solidarit\u00e9, l\u2019unit\u00e9 et le partenariat entre les nations.<\/p>\n\n\n\n<p class=\"wp-block-paragraph\">Cette visite constitue ainsi un nouveau signal de la volont\u00e9 de la R\u00e9publique d\u00e9mocratique du Congo de consolider ses relations diplomatiques avec les autres pays du continent et de promouvoir davantage les initiatives favorisant une Afrique plus unie et solidaire.<\/p>\n\n\n\n<p class=\"wp-block-paragraph\"><strong><em>Redaction<\/em><\/strong><\/p>\n","protected":false},"excerpt":{"rendered":"<p>Le Pr\u00e9sident de la R\u00e9publique d\u00e9mocratique du Congo, F\u00e9lix-Antoine Tshisekedi Tshilombo, est arriv\u00e9 \u00e0 S\u00e3o Tom\u00e9 pour prendre part \u00e0 la c\u00e9r\u00e9monie d\u2019investiture de Carlos Vila Nova,\u2026<\/p>\n","protected":false},"author":1,"featured_media":365,"comment_status":"open","ping_status":"open","sticky":false,"template":"","format":"standard","meta":{"footnotes":""},"categories":[2],"tags":[],"gi_province":[16],"class_list":["post-364","post","type-post","status-publish","format-standard","has-post-thumbnail","hentry","category-actualite","gi_province-kinshasa"],"yoast_head":"<!-- This site is optimized with the Yoast SEO plugin v28.4 - https:\/\/yoast.com\/product\/yoast-seo-wordpress\/ -->\n<title>F\u00e9lix Tshisekedi \u00e0 S\u00e3o Tom\u00e9 pour l\u2019investiture de Carlos Vila Nova - Gazette Info<\/title>\n<meta name=\"robots\" content=\"index, follow, max-snippet:-1, max-image-preview:large, max-video-preview:-1\" \/>\n<link rel=\"canonical\" href=\"https:\/\/gazetteinfos.net\/index.php\/2026\/09\/03\/felix-tshisekedi-a-sao-tome-pour-linvestiture-de-carlos-vila-nova\/\" \/>\n<meta property=\"og:locale\" content=\"fr_FR\" \/>\n<meta property=\"og:type\" content=\"article\" \/>\n<meta property=\"og:title\" content=\"F\u00e9lix Tshisekedi \u00e0 S\u00e3o Tom\u00e9 pour l\u2019investiture de Carlos Vila Nova - Gazette Info\" \/>\n<meta property=\"og:description\" content=\"Le Pr\u00e9sident de la R\u00e9publique d\u00e9mocratique du Congo, F\u00e9lix-Antoine Tshisekedi Tshilombo, est arriv\u00e9 \u00e0 S\u00e3o Tom\u00e9 pour prendre part \u00e0 la c\u00e9r\u00e9monie d\u2019investiture de Carlos Vila Nova,\u2026\" \/>\n<meta property=\"og:url\" content=\"https:\/\/gazetteinfos.net\/index.php\/2026\/09\/03\/felix-tshisekedi-a-sao-tome-pour-linvestiture-de-carlos-vila-nova\/\" \/>\n<meta property=\"og:site_name\" content=\"Gazette Info\" \/>\n<meta property=\"article:published_time\" content=\"2026-09-03T11:08:19+00:00\" \/>\n<meta property=\"article:modified_time\" content=\"2026-09-03T11:08:23+00:00\" \/>\n<meta property=\"og:image\" content=\"https:\/\/gazetteinfos.net\/wp-content\/uploads\/2026\/09\/1788433061340.jpg\" \/>\n\t<meta property=\"og:image:width\" content=\"720\" \/>\n\t<meta property=\"og:image:height\" content=\"453\" \/>\n\t<meta property=\"og:image:type\" content=\"image\/jpeg\" \/>\n<meta name=\"author\" content=\"gazettead2024gmailcom\" \/>\n<meta name=\"twitter:card\" content=\"summary_large_image\" \/>\n<meta name=\"twitter:label1\" content=\"\u00c9crit par\" \/>\n\t<meta name=\"twitter:data1\" content=\"gazettead2024gmailcom\" \/>\n\t<meta name=\"twitter:label2\" content=\"Dur\u00e9e de lecture estim\u00e9e\" \/>\n\t<meta name=\"twitter:data2\" content=\"2 minutes\" \/>\n<script type=\"application\/ld+json\" class=\"yoast-schema-graph\">{\"@context\":\"https:\\\/\\\/schema.org\",\"@graph\":[{\"@type\":\"Article\",\"@id\":\"https:\\\/\\\/gazetteinfos.net\\\/index.php\\\/2026\\\/09\\\/03\\\/felix-tshisekedi-a-sao-tome-pour-linvestiture-de-carlos-vila-nova\\\/#article\",\"isPartOf\":{\"@id\":\"https:\\\/\\\/gazetteinfos.net\\\/index.php\\\/2026\\\/09\\\/03\\\/felix-tshisekedi-a-sao-tome-pour-linvestiture-de-carlos-vila-nova\\\/\"},\"author\":{\"name\":\"gazettead2024gmailcom\",\"@id\":\"https:\\\/\\\/gazetteinfos.net\\\/#\\\/schema\\\/person\\\/d73ae61684083b98fa750c4800983201\"},\"headline\":\"F\u00e9lix Tshisekedi \u00e0 S\u00e3o Tom\u00e9 pour l\u2019investiture de Carlos Vila Nova\",\"datePublished\":\"2026-09-03T11:08:19+00:00\",\"dateModified\":\"2026-09-03T11:08:23+00:00\",\"mainEntityOfPage\":{\"@id\":\"https:\\\/\\\/gazetteinfos.net\\\/index.php\\\/2026\\\/09\\\/03\\\/felix-tshisekedi-a-sao-tome-pour-linvestiture-de-carlos-vila-nova\\\/\"},\"wordCount\":201,\"commentCount\":0,\"publisher\":{\"@id\":\"https:\\\/\\\/gazetteinfos.net\\\/#organization\"},\"image\":{\"@id\":\"https:\\\/\\\/gazetteinfos.net\\\/index.php\\\/2026\\\/09\\\/03\\\/felix-tshisekedi-a-sao-tome-pour-linvestiture-de-carlos-vila-nova\\\/#primaryimage\"},\"thumbnailUrl\":\"https:\\\/\\\/gazetteinfos.net\\\/wp-content\\\/uploads\\\/2026\\\/09\\\/1788433061340.jpg\",\"articleSection\":[\"Actualit\u00e9\"],\"inLanguage\":\"fr-FR\",\"potentialAction\":[{\"@type\":\"CommentAction\",\"name\":\"Comment\",\"target\":[\"https:\\\/\\\/gazetteinfos.net\\\/index.php\\\/2026\\\/09\\\/03\\\/felix-tshisekedi-a-sao-tome-pour-linvestiture-de-carlos-vila-nova\\\/#respond\"]}]},{\"@type\":\"WebPage\",\"@id\":\"https:\\\/\\\/gazetteinfos.net\\\/index.php\\\/2026\\\/09\\\/03\\\/felix-tshisekedi-a-sao-tome-pour-linvestiture-de-carlos-vila-nova\\\/\",\"url\":\"https:\\\/\\\/gazetteinfos.net\\\/index.php\\\/2026\\\/09\\\/03\\\/felix-tshisekedi-a-sao-tome-pour-linvestiture-de-carlos-vila-nova\\\/\",\"name\":\"F\u00e9lix Tshisekedi \u00e0 S\u00e3o Tom\u00e9 pour l\u2019investiture de Carlos Vila Nova - Gazette Info\",\"isPartOf\":{\"@id\":\"https:\\\/\\\/gazetteinfos.net\\\/#website\"},\"primaryImageOfPage\":{\"@id\":\"https:\\\/\\\/gazetteinfos.net\\\/index.php\\\/2026\\\/09\\\/03\\\/felix-tshisekedi-a-sao-tome-pour-linvestiture-de-carlos-vila-nova\\\/#primaryimage\"},\"image\":{\"@id\":\"https:\\\/\\\/gazetteinfos.net\\\/index.php\\\/2026\\\/09\\\/03\\\/felix-tshisekedi-a-sao-tome-pour-linvestiture-de-carlos-vila-nova\\\/#primaryimage\"},\"thumbnailUrl\":\"https:\\\/\\\/gazetteinfos.net\\\/wp-content\\\/uploads\\\/2026\\\/09\\\/1788433061340.jpg\",\"datePublished\":\"2026-09-03T11:08:19+00:00\",\"dateModified\":\"2026-09-03T11:08:23+00:00\",\"breadcrumb\":{\"@id\":\"https:\\\/\\\/gazetteinfos.net\\\/index.php\\\/2026\\\/09\\\/03\\\/felix-tshisekedi-a-sao-tome-pour-linvestiture-de-carlos-vila-nova\\\/#breadcrumb\"},\"inLanguage\":\"fr-FR\",\"potentialAction\":[{\"@type\":\"ReadAction\",\"target\":[\"https:\\\/\\\/gazetteinfos.net\\\/index.php\\\/2026\\\/09\\\/03\\\/felix-tshisekedi-a-sao-tome-pour-linvestiture-de-carlos-vila-nova\\\/\"]}]},{\"@type\":\"ImageObject\",\"inLanguage\":\"fr-FR\",\"@id\":\"https:\\\/\\\/gazetteinfos.net\\\/index.php\\\/2026\\\/09\\\/03\\\/felix-tshisekedi-a-sao-tome-pour-linvestiture-de-carlos-vila-nova\\\/#primaryimage\",\"url\":\"https:\\\/\\\/gazetteinfos.net\\\/wp-content\\\/uploads\\\/2026\\\/09\\\/1788433061340.jpg\",\"contentUrl\":\"https:\\\/\\\/gazetteinfos.net\\\/wp-content\\\/uploads\\\/2026\\\/09\\\/1788433061340.jpg\",\"width\":720,\"height\":453},{\"@type\":\"BreadcrumbList\",\"@id\":\"https:\\\/\\\/gazetteinfos.net\\\/index.php\\\/2026\\\/09\\\/03\\\/felix-tshisekedi-a-sao-tome-pour-linvestiture-de-carlos-vila-nova\\\/#breadcrumb\",\"itemListElement\":[{\"@type\":\"ListItem\",\"position\":1,\"name\":\"Home\",\"item\":\"https:\\\/\\\/gazetteinfos.net\\\/index.php\\\/accueil\\\/?lang=fr\"},{\"@type\":\"ListItem\",\"position\":2,\"name\":\"F\u00e9lix Tshisekedi \u00e0 S\u00e3o Tom\u00e9 pour l\u2019investiture de Carlos Vila Nova\"}]},{\"@type\":\"WebSite\",\"@id\":\"https:\\\/\\\/gazetteinfos.net\\\/#website\",\"url\":\"https:\\\/\\\/gazetteinfos.net\\\/\",\"name\":\"Gazette Info\",\"description\":\"L&#039;actualit\u00e9 au galop du cheval.\",\"publisher\":{\"@id\":\"https:\\\/\\\/gazetteinfos.net\\\/#organization\"},\"potentialAction\":[{\"@type\":\"SearchAction\",\"target\":{\"@type\":\"EntryPoint\",\"urlTemplate\":\"https:\\\/\\\/gazetteinfos.net\\\/?s={search_term_string}\"},\"query-input\":{\"@type\":\"PropertyValueSpecification\",\"valueRequired\":true,\"valueName\":\"search_term_string\"}}],\"inLanguage\":\"fr-FR\"},{\"@type\":\"Organization\",\"@id\":\"https:\\\/\\\/gazetteinfos.net\\\/#organization\",\"name\":\"Gazette Info\",\"url\":\"https:\\\/\\\/gazetteinfos.net\\\/\",\"logo\":{\"@type\":\"ImageObject\",\"inLanguage\":\"fr-FR\",\"@id\":\"https:\\\/\\\/gazetteinfos.net\\\/#\\\/schema\\\/logo\\\/image\\\/\",\"url\":\"https:\\\/\\\/gazetteinfos.net\\\/wp-content\\\/uploads\\\/2026\\\/08\\\/gazetteinfos-logo.png\",\"contentUrl\":\"https:\\\/\\\/gazetteinfos.net\\\/wp-content\\\/uploads\\\/2026\\\/08\\\/gazetteinfos-logo.png\",\"width\":1000,\"height\":250,\"caption\":\"Gazette Info\"},\"image\":{\"@id\":\"https:\\\/\\\/gazetteinfos.net\\\/#\\\/schema\\\/logo\\\/image\\\/\"}},{\"@type\":\"Person\",\"@id\":\"https:\\\/\\\/gazetteinfos.net\\\/#\\\/schema\\\/person\\\/d73ae61684083b98fa750c4800983201\",\"name\":\"gazettead2024gmailcom\",\"image\":{\"@type\":\"ImageObject\",\"inLanguage\":\"fr-FR\",\"@id\":\"https:\\\/\\\/secure.gravatar.com\\\/avatar\\\/8048ee0a120df59b2e841e99cd89588ad9a8b630732b434146f25e14cc0a442f?s=96&d=mm&r=g\",\"url\":\"https:\\\/\\\/secure.gravatar.com\\\/avatar\\\/8048ee0a120df59b2e841e99cd89588ad9a8b630732b434146f25e14cc0a442f?s=96&d=mm&r=g\",\"contentUrl\":\"https:\\\/\\\/secure.gravatar.com\\\/avatar\\\/8048ee0a120df59b2e841e99cd89588ad9a8b630732b434146f25e14cc0a442f?s=96&d=mm&r=g\",\"caption\":\"gazettead2024gmailcom\"},\"sameAs\":[\"https:\\\/\\\/gazetteinfos.net\"],\"url\":\"https:\\\/\\\/gazetteinfos.net\\\/index.php\\\/author\\\/gazettead2024gmailcom\\\/\"}]}<\/script>\n<!-- \/ Yoast SEO plugin. -->","yoast_head_json":{"title":"F\u00e9lix Tshisekedi \u00e0 S\u00e3o Tom\u00e9 pour l\u2019investiture de Carlos Vila Nova - Gazette Info","robots":{"index":"index","follow":"follow","max-snippet":"max-snippet:-1","max-image-preview":"max-image-preview:large","max-video-preview":"max-video-preview:-1"},"canonical":"https:\/\/gazetteinfos.net\/index.php\/2026\/09\/03\/felix-tshisekedi-a-sao-tome-pour-linvestiture-de-carlos-vila-nova\/","og_locale":"fr_FR","og_type":"article","og_title":"F\u00e9lix Tshisekedi \u00e0 S\u00e3o Tom\u00e9 pour l\u2019investiture de Carlos Vila Nova - Gazette Info","og_description":"Le Pr\u00e9sident de la R\u00e9publique d\u00e9mocratique du Congo, F\u00e9lix-Antoine Tshisekedi Tshilombo, est arriv\u00e9 \u00e0 S\u00e3o Tom\u00e9 pour prendre part \u00e0 la c\u00e9r\u00e9monie d\u2019investiture de Carlos Vila Nova,\u2026","og_url":"https:\/\/gazetteinfos.net\/index.php\/2026\/09\/03\/felix-tshisekedi-a-sao-tome-pour-linvestiture-de-carlos-vila-nova\/","og_site_name":"Gazette Info","article_published_time":"2026-09-03T11:08:19+00:00","article_modified_time":"2026-09-03T11:08:23+00:00","og_image":[{"width":720,"height":453,"url":"https:\/\/gazetteinfos.net\/wp-content\/uploads\/2026\/09\/1788433061340.jpg","type":"image\/jpeg"}],"author":"gazettead2024gmailcom","twitter_card":"summary_large_image","twitter_misc":{"\u00c9crit par":"gazettead2024gmailcom","Dur\u00e9e de lecture estim\u00e9e":"2 minutes"},"schema":{"@context":"https:\/\/schema.org","@graph":[{"@type":"Article","@id":"https:\/\/gazetteinfos.net\/index.php\/2026\/09\/03\/felix-tshisekedi-a-sao-tome-pour-linvestiture-de-carlos-vila-nova\/#article","isPartOf":{"@id":"https:\/\/gazetteinfos.net\/index.php\/2026\/09\/03\/felix-tshisekedi-a-sao-tome-pour-linvestiture-de-carlos-vila-nova\/"},"author":{"name":"gazettead2024gmailcom","@id":"https:\/\/gazetteinfos.net\/#\/schema\/person\/d73ae61684083b98fa750c4800983201"},"headline":"F\u00e9lix Tshisekedi \u00e0 S\u00e3o Tom\u00e9 pour l\u2019investiture de Carlos Vila Nova","datePublished":"2026-09-03T11:08:19+00:00","dateModified":"2026-09-03T11:08:23+00:00","mainEntityOfPage":{"@id":"https:\/\/gazetteinfos.net\/index.php\/2026\/09\/03\/felix-tshisekedi-a-sao-tome-pour-linvestiture-de-carlos-vila-nova\/"},"wordCount":201,"commentCount":0,"publisher":{"@id":"https:\/\/gazetteinfos.net\/#organization"},"image":{"@id":"https:\/\/gazetteinfos.net\/index.php\/2026\/09\/03\/felix-tshisekedi-a-sao-tome-pour-linvestiture-de-carlos-vila-nova\/#primaryimage"},"thumbnailUrl":"https:\/\/gazetteinfos.net\/wp-content\/uploads\/2026\/09\/1788433061340.jpg","articleSection":["Actualit\u00e9"],"inLanguage":"fr-FR","potentialAction":[{"@type":"CommentAction","name":"Comment","target":["https:\/\/gazetteinfos.net\/index.php\/2026\/09\/03\/felix-tshisekedi-a-sao-tome-pour-linvestiture-de-carlos-vila-nova\/#respond"]}]},{"@type":"WebPage","@id":"https:\/\/gazetteinfos.net\/index.php\/2026\/09\/03\/felix-tshisekedi-a-sao-tome-pour-linvestiture-de-carlos-vila-nova\/","url":"https:\/\/gazetteinfos.net\/index.php\/2026\/09\/03\/felix-tshisekedi-a-sao-tome-pour-linvestiture-de-carlos-vila-nova\/","name":"F\u00e9lix Tshisekedi \u00e0 S\u00e3o Tom\u00e9 pour l\u2019investiture de Carlos Vila Nova - Gazette Info","isPartOf":{"@id":"https:\/\/gazetteinfos.net\/#website"},"primaryImageOfPage":{"@id":"https:\/\/gazetteinfos.net\/index.php\/2026\/09\/03\/felix-tshisekedi-a-sao-tome-pour-linvestiture-de-carlos-vila-nova\/#primaryimage"},"image":{"@id":"https:\/\/gazetteinfos.net\/index.php\/2026\/09\/03\/felix-tshisekedi-a-sao-tome-pour-linvestiture-de-carlos-vila-nova\/#primaryimage"},"thumbnailUrl":"https:\/\/gazetteinfos.net\/wp-content\/uploads\/2026\/09\/1788433061340.jpg","datePublished":"2026-09-03T11:08:19+00:00","dateModified":"2026-09-03T11:08:23+00:00","breadcrumb":{"@id":"https:\/\/gazetteinfos.net\/index.php\/2026\/09\/03\/felix-tshisekedi-a-sao-tome-pour-linvestiture-de-carlos-vila-nova\/#breadcrumb"},"inLanguage":"fr-FR","potentialAction":[{"@type":"ReadAction","target":["https:\/\/gazetteinfos.net\/index.php\/2026\/09\/03\/felix-tshisekedi-a-sao-tome-pour-linvestiture-de-carlos-vila-nova\/"]}]},{"@type":"ImageObject","inLanguage":"fr-FR","@id":"https:\/\/gazetteinfos.net\/index.php\/2026\/09\/03\/felix-tshisekedi-a-sao-tome-pour-linvestiture-de-carlos-vila-nova\/#primaryimage","url":"https:\/\/gazetteinfos.net\/wp-content\/uploads\/2026\/09\/1788433061340.jpg","contentUrl":"https:\/\/gazetteinfos.net\/wp-content\/uploads\/2026\/09\/1788433061340.jpg","width":720,"height":453},{"@type":"BreadcrumbList","@id":"https:\/\/gazetteinfos.net\/index.php\/2026\/09\/03\/felix-tshisekedi-a-sao-tome-pour-linvestiture-de-carlos-vila-nova\/#breadcrumb","itemListElement":[{"@type":"ListItem","position":1,"name":"Home","item":"https:\/\/gazetteinfos.net\/index.php\/accueil\/?lang=fr"},{"@type":"ListItem","position":2,"name":"F\u00e9lix Tshisekedi \u00e0 S\u00e3o Tom\u00e9 pour l\u2019investiture de Carlos Vila Nova"}]},{"@type":"WebSite","@id":"https:\/\/gazetteinfos.net\/#website","url":"https:\/\/gazetteinfos.net\/","name":"Gazette Info","description":"L&#039;actualit\u00e9 au galop du cheval.","publisher":{"@id":"https:\/\/gazetteinfos.net\/#organization"},"potentialAction":[{"@type":"SearchAction","target":{"@type":"EntryPoint","urlTemplate":"https:\/\/gazetteinfos.net\/?s={search_term_string}"},"query-input":{"@type":"PropertyValueSpecification","valueRequired":true,"valueName":"search_term_string"}}],"inLanguage":"fr-FR"},{"@type":"Organization","@id":"https:\/\/gazetteinfos.net\/#organization","name":"Gazette Info","url":"https:\/\/gazetteinfos.net\/","logo":{"@type":"ImageObject","inLanguage":"fr-FR","@id":"https:\/\/gazetteinfos.net\/#\/schema\/logo\/image\/","url":"https:\/\/gazetteinfos.net\/wp-content\/uploads\/2026\/08\/gazetteinfos-logo.png","contentUrl":"https:\/\/gazetteinfos.net\/wp-content\/uploads\/2026\/08\/gazetteinfos-logo.png","width":1000,"height":250,"caption":"Gazette Info"},"image":{"@id":"https:\/\/gazetteinfos.net\/#\/schema\/logo\/image\/"}},{"@type":"Person","@id":"https:\/\/gazetteinfos.net\/#\/schema\/person\/d73ae61684083b98fa750c4800983201","name":"gazettead2024gmailcom","image":{"@type":"ImageObject","inLanguage":"fr-FR","@id":"https:\/\/secure.gravatar.com\/avatar\/8048ee0a120df59b2e841e99cd89588ad9a8b630732b434146f25e14cc0a442f?s=96&d=mm&r=g","url":"https:\/\/secure.gravatar.com\/avatar\/8048ee0a120df59b2e841e99cd89588ad9a8b630732b434146f25e14cc0a442f?s=96&d=mm&r=g","contentUrl":"https:\/\/secure.gravatar.com\/avatar\/8048ee0a120df59b2e841e99cd89588ad9a8b630732b434146f25e14cc0a442f?s=96&d=mm&r=g","caption":"gazettead2024gmailcom"},"sameAs":["https:\/\/gazetteinfos.net"],"url":"https:\/\/gazetteinfos.net\/index.php\/author\/gazettead2024gmailcom\/"}]}},"_links":{"self":[{"href":"https:\/\/gazetteinfos.net\/index.php\/wp-json\/wp\/v2\/posts\/364","targetHints":{"allow":["GET"]}}],"collection":[{"href":"https:\/\/gazetteinfos.net\/index.php\/wp-json\/wp\/v2\/posts"}],"about":[{"href":"https:\/\/gazetteinfos.net\/index.php\/wp-json\/wp\/v2\/types\/post"}],"author":[{"embeddable":true,"href":"https:\/\/gazetteinfos.net\/index.php\/wp-json\/wp\/v2\/users\/1"}],"replies":[{"embeddable":true,"href":"https:\/\/gazetteinfos.net\/index.php\/wp-json\/wp\/v2\/comments?post=364"}],"version-history":[{"count":1,"href":"https:\/\/gazetteinfos.net\/index.php\/wp-json\/wp\/v2\/posts\/364\/revisions"}],"predecessor-version":[{"id":366,"href":"https:\/\/gazetteinfos.net\/index.php\/wp-json\/wp\/v2\/posts\/364\/revisions\/366"}],"wp:featuredmedia":[{"embeddable":true,"href":"https:\/\/gazetteinfos.net\/index.php\/wp-json\/wp\/v2\/media\/365"}],"wp:attachment":[{"href":"https:\/\/gazetteinfos.net\/index.php\/wp-json\/wp\/v2\/media?parent=364"}],"wp:term":[{"taxonomy":"category","embeddable":true,"href":"https:\/\/gazetteinfos.net\/index.php\/wp-json\/wp\/v2\/categories?post=364"},{"taxonomy":"post_tag","embeddable":true,"href":"https:\/\/gazetteinfos.net\/index.php\/wp-json\/wp\/v2\/tags?post=364"},{"taxonomy":"gi_province","embeddable":true,"href":"https:\/\/gazetteinfos.net\/index.php\/wp-json\/wp\/v2\/gi_province?post=364"}],"curies":[{"name":"wp","href":"https:\/\/api.w.org\/{rel}","templated":true}]}}