{"id":358,"date":"2026-09-03T10:27:09","date_gmt":"2026-09-03T08:27:09","guid":{"rendered":"https:\/\/gazetteinfos.net\/?p=358"},"modified":"2026-09-03T10:27:14","modified_gmt":"2026-09-03T08:27:14","slug":"kasumbalesa-le-maire-andre-kapampa-kamwanya-appelle-a-une-mobilisation-collective-contre-linsecurite","status":"publish","type":"post","link":"https:\/\/gazetteinfos.net\/index.php\/2026\/09\/03\/kasumbalesa-le-maire-andre-kapampa-kamwanya-appelle-a-une-mobilisation-collective-contre-linsecurite\/","title":{"rendered":"Kasumbalesa : le maire Andr\u00e9 Kapampa Kamwanya appelle \u00e0 une mobilisation collective contre l\u2019ins\u00e9curit\u00e9"},"content":{"rendered":"\n<p class=\"wp-block-paragraph\">Le maire de la ville de Kasumbalesa, Ma\u00eetre Andr\u00e9 Kapampa Kamwanya, a r\u00e9uni mercredi 2 septembre 2026 les forces vives de la ville autour des questions s\u00e9curitaires, de l\u2019assainissement et de la cohabitation pacifique. L\u2019autorit\u00e9 urbaine a appel\u00e9 les diff\u00e9rentes composantes de la population \u00e0 conjuguer leurs efforts pour faire face aux d\u00e9fis qui affectent la ville fronti\u00e8re.\u200e\u200eFace \u00e0 la persistance de l\u2019ins\u00e9curit\u00e9 \u00e0 Kasumbalesa, les autorit\u00e9s urbaines misent sur une implication accrue de la population. C\u2019est dans cette perspective que le maire de la ville, Ma\u00eetre Andr\u00e9 Kapampa Kamwanya, a tenu une rencontre avec plusieurs couches de la population, notamment les chefs des services \u00e9tatiques et para\u00e9tatiques, les responsables des mouvements associatifs et culturels, les acteurs de la soci\u00e9t\u00e9 civile ainsi que les responsables religieux.\u200e\u200eAssist\u00e9 de son adjointe, Mme Fifi Mwitaba Kabobo, et des membres du comit\u00e9 local de s\u00e9curit\u00e9, le maire a exhort\u00e9 les participants \u00e0 mettre en commun leurs efforts afin de renforcer la lutte contre l\u2019ins\u00e9curit\u00e9 dans la ville.\u200e\u200eTout en saluant le travail accompli par les services de s\u00e9curit\u00e9, l\u2019autorit\u00e9 urbaine a insist\u00e9 sur la n\u00e9cessit\u00e9 d\u2019une collaboration \u00e9troite entre ces derniers et la population. Il a notamment invit\u00e9 les habitants \u00e0 rester vigilants et \u00e0 signaler rapidement tout mouvement ou comportement suspect observ\u00e9 dans leurs quartiers.\u200e\u200e<\/p>\n\n\n\n<p class=\"wp-block-paragraph\"><strong>L\u2019assainissement au c\u0153ur des priorit\u00e9s<\/strong><\/p>\n\n\n\n<p class=\"wp-block-paragraph\">\u200e\u200eAu-del\u00e0 de la question s\u00e9curitaire, Ma\u00eetre Andr\u00e9 Kapampa Kamwanya a \u00e9galement mis l\u2019accent sur l\u2019assainissement de la ville. Il a rappel\u00e9 l\u2019importance de l\u2019op\u00e9ration dite \u00ab Jeudi Salongo \u00bb, destin\u00e9e \u00e0 mobiliser les habitants autour de la propret\u00e9 de leurs milieux de vie.\u200e\u200ePour le maire, la s\u00e9curit\u00e9 et l\u2019assainissement constituent des responsabilit\u00e9s partag\u00e9es qui n\u00e9cessitent l\u2019implication de tous les citoyens.<\/p>\n\n\n\n<p class=\"wp-block-paragraph\"><strong>\u200e\u200eUn appel au vivre-ensemble\u200e\u200e<\/strong><\/p>\n\n\n\n<p class=\"wp-block-paragraph\">L\u2019autorit\u00e9 urbaine a, par ailleurs, appel\u00e9 les habitants de Kasumbalesa \u00e0 privil\u00e9gier la cohabitation pacifique et le vivre-ensemble entre les diff\u00e9rentes communaut\u00e9s pr\u00e9sentes dans cette ville fronti\u00e8re.<\/p>\n\n\n\n<p class=\"wp-block-paragraph\">\u200e\u200eAu cours de ces assises, plusieurs participants ont, tour \u00e0 tour, pr\u00e9sent\u00e9 leurs pr\u00e9occupations, propositions et suggestions au chef de l\u2019administration urbaine. Ces \u00e9changes ont port\u00e9 sur diff\u00e9rentes questions li\u00e9es au bien-\u00eatre et \u00e0 l\u2019am\u00e9lioration des conditions de vie des filles et fils de Kasumbalesa.<\/p>\n\n\n\n<p class=\"wp-block-paragraph\">\u200e\u200e\u00c0 travers cette rencontre, les autorit\u00e9s urbaines entendent ainsi renforcer la collaboration entre les services publics, les forces de s\u00e9curit\u00e9 et la population afin de contribuer \u00e0 l\u2019instauration d\u2019un climat plus s\u00fbr, propre et pacifique dans la ville.<\/p>\n\n\n\n<p class=\"wp-block-paragraph\"><strong><em>\u200e\u200eBen Dinanga<\/em><\/strong><\/p>\n","protected":false},"excerpt":{"rendered":"<p>Le maire de la ville de Kasumbalesa, Ma\u00eetre Andr\u00e9 Kapampa Kamwanya, a r\u00e9uni mercredi 2 septembre 2026 les forces vives de la ville autour des questions s\u00e9curitaires,\u2026<\/p>\n","protected":false},"author":1,"featured_media":359,"comment_status":"open","ping_status":"open","sticky":false,"template":"","format":"standard","meta":{"footnotes":""},"categories":[3],"tags":[],"gi_province":[9],"class_list":["post-358","post","type-post","status-publish","format-standard","has-post-thumbnail","hentry","category-politique","gi_province-haut-katanga"],"yoast_head":"<!-- This site is optimized with the Yoast SEO plugin v28.4 - https:\/\/yoast.com\/product\/yoast-seo-wordpress\/ -->\n<title>Kasumbalesa : le maire Andr\u00e9 Kapampa Kamwanya appelle \u00e0 une mobilisation collective contre l\u2019ins\u00e9curit\u00e9 - Gazette Info<\/title>\n<meta name=\"robots\" content=\"index, follow, max-snippet:-1, max-image-preview:large, max-video-preview:-1\" \/>\n<link rel=\"canonical\" href=\"https:\/\/gazetteinfos.net\/index.php\/2026\/09\/03\/kasumbalesa-le-maire-andre-kapampa-kamwanya-appelle-a-une-mobilisation-collective-contre-linsecurite\/\" \/>\n<meta property=\"og:locale\" content=\"fr_FR\" \/>\n<meta property=\"og:type\" content=\"article\" \/>\n<meta property=\"og:title\" content=\"Kasumbalesa : le maire Andr\u00e9 Kapampa Kamwanya appelle \u00e0 une mobilisation collective contre l\u2019ins\u00e9curit\u00e9 - Gazette Info\" \/>\n<meta property=\"og:description\" content=\"Le maire de la ville de Kasumbalesa, Ma\u00eetre Andr\u00e9 Kapampa Kamwanya, a r\u00e9uni mercredi 2 septembre 2026 les forces vives de la ville autour des questions s\u00e9curitaires,\u2026\" \/>\n<meta property=\"og:url\" content=\"https:\/\/gazetteinfos.net\/index.php\/2026\/09\/03\/kasumbalesa-le-maire-andre-kapampa-kamwanya-appelle-a-une-mobilisation-collective-contre-linsecurite\/\" \/>\n<meta property=\"og:site_name\" content=\"Gazette Info\" \/>\n<meta property=\"article:published_time\" content=\"2026-09-03T08:27:09+00:00\" \/>\n<meta property=\"article:modified_time\" content=\"2026-09-03T08:27:14+00:00\" \/>\n<meta property=\"og:image\" content=\"https:\/\/gazetteinfos.net\/wp-content\/uploads\/2026\/09\/IMG-20260903-WA00051.jpg\" \/>\n\t<meta property=\"og:image:width\" content=\"2560\" \/>\n\t<meta property=\"og:image:height\" content=\"1441\" \/>\n\t<meta property=\"og:image:type\" content=\"image\/jpeg\" \/>\n<meta name=\"author\" content=\"gazettead2024gmailcom\" \/>\n<meta name=\"twitter:card\" content=\"summary_large_image\" \/>\n<meta name=\"twitter:label1\" content=\"\u00c9crit par\" \/>\n\t<meta name=\"twitter:data1\" content=\"gazettead2024gmailcom\" \/>\n\t<meta name=\"twitter:label2\" content=\"Dur\u00e9e de lecture estim\u00e9e\" \/>\n\t<meta name=\"twitter:data2\" content=\"3 minutes\" \/>\n<script type=\"application\/ld+json\" class=\"yoast-schema-graph\">{\"@context\":\"https:\\\/\\\/schema.org\",\"@graph\":[{\"@type\":\"Article\",\"@id\":\"https:\\\/\\\/gazetteinfos.net\\\/index.php\\\/2026\\\/09\\\/03\\\/kasumbalesa-le-maire-andre-kapampa-kamwanya-appelle-a-une-mobilisation-collective-contre-linsecurite\\\/#article\",\"isPartOf\":{\"@id\":\"https:\\\/\\\/gazetteinfos.net\\\/index.php\\\/2026\\\/09\\\/03\\\/kasumbalesa-le-maire-andre-kapampa-kamwanya-appelle-a-une-mobilisation-collective-contre-linsecurite\\\/\"},\"author\":{\"name\":\"gazettead2024gmailcom\",\"@id\":\"https:\\\/\\\/gazetteinfos.net\\\/#\\\/schema\\\/person\\\/d73ae61684083b98fa750c4800983201\"},\"headline\":\"Kasumbalesa : le maire Andr\u00e9 Kapampa Kamwanya appelle \u00e0 une mobilisation collective contre l\u2019ins\u00e9curit\u00e9\",\"datePublished\":\"2026-09-03T08:27:09+00:00\",\"dateModified\":\"2026-09-03T08:27:14+00:00\",\"mainEntityOfPage\":{\"@id\":\"https:\\\/\\\/gazetteinfos.net\\\/index.php\\\/2026\\\/09\\\/03\\\/kasumbalesa-le-maire-andre-kapampa-kamwanya-appelle-a-une-mobilisation-collective-contre-linsecurite\\\/\"},\"wordCount\":452,\"commentCount\":0,\"publisher\":{\"@id\":\"https:\\\/\\\/gazetteinfos.net\\\/#organization\"},\"image\":{\"@id\":\"https:\\\/\\\/gazetteinfos.net\\\/index.php\\\/2026\\\/09\\\/03\\\/kasumbalesa-le-maire-andre-kapampa-kamwanya-appelle-a-une-mobilisation-collective-contre-linsecurite\\\/#primaryimage\"},\"thumbnailUrl\":\"https:\\\/\\\/gazetteinfos.net\\\/wp-content\\\/uploads\\\/2026\\\/09\\\/IMG-20260903-WA00051.jpg\",\"articleSection\":[\"Politique\"],\"inLanguage\":\"fr-FR\",\"potentialAction\":[{\"@type\":\"CommentAction\",\"name\":\"Comment\",\"target\":[\"https:\\\/\\\/gazetteinfos.net\\\/index.php\\\/2026\\\/09\\\/03\\\/kasumbalesa-le-maire-andre-kapampa-kamwanya-appelle-a-une-mobilisation-collective-contre-linsecurite\\\/#respond\"]}]},{\"@type\":\"WebPage\",\"@id\":\"https:\\\/\\\/gazetteinfos.net\\\/index.php\\\/2026\\\/09\\\/03\\\/kasumbalesa-le-maire-andre-kapampa-kamwanya-appelle-a-une-mobilisation-collective-contre-linsecurite\\\/\",\"url\":\"https:\\\/\\\/gazetteinfos.net\\\/index.php\\\/2026\\\/09\\\/03\\\/kasumbalesa-le-maire-andre-kapampa-kamwanya-appelle-a-une-mobilisation-collective-contre-linsecurite\\\/\",\"name\":\"Kasumbalesa : le maire Andr\u00e9 Kapampa Kamwanya appelle \u00e0 une mobilisation collective contre l\u2019ins\u00e9curit\u00e9 - Gazette Info\",\"isPartOf\":{\"@id\":\"https:\\\/\\\/gazetteinfos.net\\\/#website\"},\"primaryImageOfPage\":{\"@id\":\"https:\\\/\\\/gazetteinfos.net\\\/index.php\\\/2026\\\/09\\\/03\\\/kasumbalesa-le-maire-andre-kapampa-kamwanya-appelle-a-une-mobilisation-collective-contre-linsecurite\\\/#primaryimage\"},\"image\":{\"@id\":\"https:\\\/\\\/gazetteinfos.net\\\/index.php\\\/2026\\\/09\\\/03\\\/kasumbalesa-le-maire-andre-kapampa-kamwanya-appelle-a-une-mobilisation-collective-contre-linsecurite\\\/#primaryimage\"},\"thumbnailUrl\":\"https:\\\/\\\/gazetteinfos.net\\\/wp-content\\\/uploads\\\/2026\\\/09\\\/IMG-20260903-WA00051.jpg\",\"datePublished\":\"2026-09-03T08:27:09+00:00\",\"dateModified\":\"2026-09-03T08:27:14+00:00\",\"breadcrumb\":{\"@id\":\"https:\\\/\\\/gazetteinfos.net\\\/index.php\\\/2026\\\/09\\\/03\\\/kasumbalesa-le-maire-andre-kapampa-kamwanya-appelle-a-une-mobilisation-collective-contre-linsecurite\\\/#breadcrumb\"},\"inLanguage\":\"fr-FR\",\"potentialAction\":[{\"@type\":\"ReadAction\",\"target\":[\"https:\\\/\\\/gazetteinfos.net\\\/index.php\\\/2026\\\/09\\\/03\\\/kasumbalesa-le-maire-andre-kapampa-kamwanya-appelle-a-une-mobilisation-collective-contre-linsecurite\\\/\"]}]},{\"@type\":\"ImageObject\",\"inLanguage\":\"fr-FR\",\"@id\":\"https:\\\/\\\/gazetteinfos.net\\\/index.php\\\/2026\\\/09\\\/03\\\/kasumbalesa-le-maire-andre-kapampa-kamwanya-appelle-a-une-mobilisation-collective-contre-linsecurite\\\/#primaryimage\",\"url\":\"https:\\\/\\\/gazetteinfos.net\\\/wp-content\\\/uploads\\\/2026\\\/09\\\/IMG-20260903-WA00051.jpg\",\"contentUrl\":\"https:\\\/\\\/gazetteinfos.net\\\/wp-content\\\/uploads\\\/2026\\\/09\\\/IMG-20260903-WA00051.jpg\",\"width\":2560,\"height\":1441},{\"@type\":\"BreadcrumbList\",\"@id\":\"https:\\\/\\\/gazetteinfos.net\\\/index.php\\\/2026\\\/09\\\/03\\\/kasumbalesa-le-maire-andre-kapampa-kamwanya-appelle-a-une-mobilisation-collective-contre-linsecurite\\\/#breadcrumb\",\"itemListElement\":[{\"@type\":\"ListItem\",\"position\":1,\"name\":\"Home\",\"item\":\"https:\\\/\\\/gazetteinfos.net\\\/index.php\\\/accueil\\\/?lang=fr\"},{\"@type\":\"ListItem\",\"position\":2,\"name\":\"Kasumbalesa : le maire Andr\u00e9 Kapampa Kamwanya appelle \u00e0 une mobilisation collective contre l\u2019ins\u00e9curit\u00e9\"}]},{\"@type\":\"WebSite\",\"@id\":\"https:\\\/\\\/gazetteinfos.net\\\/#website\",\"url\":\"https:\\\/\\\/gazetteinfos.net\\\/\",\"name\":\"Gazette Info\",\"description\":\"L&#039;actualit\u00e9 au galop du cheval.\",\"publisher\":{\"@id\":\"https:\\\/\\\/gazetteinfos.net\\\/#organization\"},\"potentialAction\":[{\"@type\":\"SearchAction\",\"target\":{\"@type\":\"EntryPoint\",\"urlTemplate\":\"https:\\\/\\\/gazetteinfos.net\\\/?s={search_term_string}\"},\"query-input\":{\"@type\":\"PropertyValueSpecification\",\"valueRequired\":true,\"valueName\":\"search_term_string\"}}],\"inLanguage\":\"fr-FR\"},{\"@type\":\"Organization\",\"@id\":\"https:\\\/\\\/gazetteinfos.net\\\/#organization\",\"name\":\"Gazette Info\",\"url\":\"https:\\\/\\\/gazetteinfos.net\\\/\",\"logo\":{\"@type\":\"ImageObject\",\"inLanguage\":\"fr-FR\",\"@id\":\"https:\\\/\\\/gazetteinfos.net\\\/#\\\/schema\\\/logo\\\/image\\\/\",\"url\":\"https:\\\/\\\/gazetteinfos.net\\\/wp-content\\\/uploads\\\/2026\\\/08\\\/gazetteinfos-logo.png\",\"contentUrl\":\"https:\\\/\\\/gazetteinfos.net\\\/wp-content\\\/uploads\\\/2026\\\/08\\\/gazetteinfos-logo.png\",\"width\":1000,\"height\":250,\"caption\":\"Gazette Info\"},\"image\":{\"@id\":\"https:\\\/\\\/gazetteinfos.net\\\/#\\\/schema\\\/logo\\\/image\\\/\"}},{\"@type\":\"Person\",\"@id\":\"https:\\\/\\\/gazetteinfos.net\\\/#\\\/schema\\\/person\\\/d73ae61684083b98fa750c4800983201\",\"name\":\"gazettead2024gmailcom\",\"image\":{\"@type\":\"ImageObject\",\"inLanguage\":\"fr-FR\",\"@id\":\"https:\\\/\\\/secure.gravatar.com\\\/avatar\\\/8048ee0a120df59b2e841e99cd89588ad9a8b630732b434146f25e14cc0a442f?s=96&d=mm&r=g\",\"url\":\"https:\\\/\\\/secure.gravatar.com\\\/avatar\\\/8048ee0a120df59b2e841e99cd89588ad9a8b630732b434146f25e14cc0a442f?s=96&d=mm&r=g\",\"contentUrl\":\"https:\\\/\\\/secure.gravatar.com\\\/avatar\\\/8048ee0a120df59b2e841e99cd89588ad9a8b630732b434146f25e14cc0a442f?s=96&d=mm&r=g\",\"caption\":\"gazettead2024gmailcom\"},\"sameAs\":[\"https:\\\/\\\/gazetteinfos.net\"],\"url\":\"https:\\\/\\\/gazetteinfos.net\\\/index.php\\\/author\\\/gazettead2024gmailcom\\\/\"}]}<\/script>\n<!-- \/ Yoast SEO plugin. -->","yoast_head_json":{"title":"Kasumbalesa : le maire Andr\u00e9 Kapampa Kamwanya appelle \u00e0 une mobilisation collective contre l\u2019ins\u00e9curit\u00e9 - Gazette Info","robots":{"index":"index","follow":"follow","max-snippet":"max-snippet:-1","max-image-preview":"max-image-preview:large","max-video-preview":"max-video-preview:-1"},"canonical":"https:\/\/gazetteinfos.net\/index.php\/2026\/09\/03\/kasumbalesa-le-maire-andre-kapampa-kamwanya-appelle-a-une-mobilisation-collective-contre-linsecurite\/","og_locale":"fr_FR","og_type":"article","og_title":"Kasumbalesa : le maire Andr\u00e9 Kapampa Kamwanya appelle \u00e0 une mobilisation collective contre l\u2019ins\u00e9curit\u00e9 - Gazette Info","og_description":"Le maire de la ville de Kasumbalesa, Ma\u00eetre Andr\u00e9 Kapampa Kamwanya, a r\u00e9uni mercredi 2 septembre 2026 les forces vives de la ville autour des questions s\u00e9curitaires,\u2026","og_url":"https:\/\/gazetteinfos.net\/index.php\/2026\/09\/03\/kasumbalesa-le-maire-andre-kapampa-kamwanya-appelle-a-une-mobilisation-collective-contre-linsecurite\/","og_site_name":"Gazette Info","article_published_time":"2026-09-03T08:27:09+00:00","article_modified_time":"2026-09-03T08:27:14+00:00","og_image":[{"width":2560,"height":1441,"url":"https:\/\/gazetteinfos.net\/wp-content\/uploads\/2026\/09\/IMG-20260903-WA00051.jpg","type":"image\/jpeg"}],"author":"gazettead2024gmailcom","twitter_card":"summary_large_image","twitter_misc":{"\u00c9crit par":"gazettead2024gmailcom","Dur\u00e9e de lecture estim\u00e9e":"3 minutes"},"schema":{"@context":"https:\/\/schema.org","@graph":[{"@type":"Article","@id":"https:\/\/gazetteinfos.net\/index.php\/2026\/09\/03\/kasumbalesa-le-maire-andre-kapampa-kamwanya-appelle-a-une-mobilisation-collective-contre-linsecurite\/#article","isPartOf":{"@id":"https:\/\/gazetteinfos.net\/index.php\/2026\/09\/03\/kasumbalesa-le-maire-andre-kapampa-kamwanya-appelle-a-une-mobilisation-collective-contre-linsecurite\/"},"author":{"name":"gazettead2024gmailcom","@id":"https:\/\/gazetteinfos.net\/#\/schema\/person\/d73ae61684083b98fa750c4800983201"},"headline":"Kasumbalesa : le maire Andr\u00e9 Kapampa Kamwanya appelle \u00e0 une mobilisation collective contre l\u2019ins\u00e9curit\u00e9","datePublished":"2026-09-03T08:27:09+00:00","dateModified":"2026-09-03T08:27:14+00:00","mainEntityOfPage":{"@id":"https:\/\/gazetteinfos.net\/index.php\/2026\/09\/03\/kasumbalesa-le-maire-andre-kapampa-kamwanya-appelle-a-une-mobilisation-collective-contre-linsecurite\/"},"wordCount":452,"commentCount":0,"publisher":{"@id":"https:\/\/gazetteinfos.net\/#organization"},"image":{"@id":"https:\/\/gazetteinfos.net\/index.php\/2026\/09\/03\/kasumbalesa-le-maire-andre-kapampa-kamwanya-appelle-a-une-mobilisation-collective-contre-linsecurite\/#primaryimage"},"thumbnailUrl":"https:\/\/gazetteinfos.net\/wp-content\/uploads\/2026\/09\/IMG-20260903-WA00051.jpg","articleSection":["Politique"],"inLanguage":"fr-FR","potentialAction":[{"@type":"CommentAction","name":"Comment","target":["https:\/\/gazetteinfos.net\/index.php\/2026\/09\/03\/kasumbalesa-le-maire-andre-kapampa-kamwanya-appelle-a-une-mobilisation-collective-contre-linsecurite\/#respond"]}]},{"@type":"WebPage","@id":"https:\/\/gazetteinfos.net\/index.php\/2026\/09\/03\/kasumbalesa-le-maire-andre-kapampa-kamwanya-appelle-a-une-mobilisation-collective-contre-linsecurite\/","url":"https:\/\/gazetteinfos.net\/index.php\/2026\/09\/03\/kasumbalesa-le-maire-andre-kapampa-kamwanya-appelle-a-une-mobilisation-collective-contre-linsecurite\/","name":"Kasumbalesa : le maire Andr\u00e9 Kapampa Kamwanya appelle \u00e0 une mobilisation collective contre l\u2019ins\u00e9curit\u00e9 - Gazette Info","isPartOf":{"@id":"https:\/\/gazetteinfos.net\/#website"},"primaryImageOfPage":{"@id":"https:\/\/gazetteinfos.net\/index.php\/2026\/09\/03\/kasumbalesa-le-maire-andre-kapampa-kamwanya-appelle-a-une-mobilisation-collective-contre-linsecurite\/#primaryimage"},"image":{"@id":"https:\/\/gazetteinfos.net\/index.php\/2026\/09\/03\/kasumbalesa-le-maire-andre-kapampa-kamwanya-appelle-a-une-mobilisation-collective-contre-linsecurite\/#primaryimage"},"thumbnailUrl":"https:\/\/gazetteinfos.net\/wp-content\/uploads\/2026\/09\/IMG-20260903-WA00051.jpg","datePublished":"2026-09-03T08:27:09+00:00","dateModified":"2026-09-03T08:27:14+00:00","breadcrumb":{"@id":"https:\/\/gazetteinfos.net\/index.php\/2026\/09\/03\/kasumbalesa-le-maire-andre-kapampa-kamwanya-appelle-a-une-mobilisation-collective-contre-linsecurite\/#breadcrumb"},"inLanguage":"fr-FR","potentialAction":[{"@type":"ReadAction","target":["https:\/\/gazetteinfos.net\/index.php\/2026\/09\/03\/kasumbalesa-le-maire-andre-kapampa-kamwanya-appelle-a-une-mobilisation-collective-contre-linsecurite\/"]}]},{"@type":"ImageObject","inLanguage":"fr-FR","@id":"https:\/\/gazetteinfos.net\/index.php\/2026\/09\/03\/kasumbalesa-le-maire-andre-kapampa-kamwanya-appelle-a-une-mobilisation-collective-contre-linsecurite\/#primaryimage","url":"https:\/\/gazetteinfos.net\/wp-content\/uploads\/2026\/09\/IMG-20260903-WA00051.jpg","contentUrl":"https:\/\/gazetteinfos.net\/wp-content\/uploads\/2026\/09\/IMG-20260903-WA00051.jpg","width":2560,"height":1441},{"@type":"BreadcrumbList","@id":"https:\/\/gazetteinfos.net\/index.php\/2026\/09\/03\/kasumbalesa-le-maire-andre-kapampa-kamwanya-appelle-a-une-mobilisation-collective-contre-linsecurite\/#breadcrumb","itemListElement":[{"@type":"ListItem","position":1,"name":"Home","item":"https:\/\/gazetteinfos.net\/index.php\/accueil\/?lang=fr"},{"@type":"ListItem","position":2,"name":"Kasumbalesa : le maire Andr\u00e9 Kapampa Kamwanya appelle \u00e0 une mobilisation collective contre l\u2019ins\u00e9curit\u00e9"}]},{"@type":"WebSite","@id":"https:\/\/gazetteinfos.net\/#website","url":"https:\/\/gazetteinfos.net\/","name":"Gazette Info","description":"L&#039;actualit\u00e9 au galop du cheval.","publisher":{"@id":"https:\/\/gazetteinfos.net\/#organization"},"potentialAction":[{"@type":"SearchAction","target":{"@type":"EntryPoint","urlTemplate":"https:\/\/gazetteinfos.net\/?s={search_term_string}"},"query-input":{"@type":"PropertyValueSpecification","valueRequired":true,"valueName":"search_term_string"}}],"inLanguage":"fr-FR"},{"@type":"Organization","@id":"https:\/\/gazetteinfos.net\/#organization","name":"Gazette Info","url":"https:\/\/gazetteinfos.net\/","logo":{"@type":"ImageObject","inLanguage":"fr-FR","@id":"https:\/\/gazetteinfos.net\/#\/schema\/logo\/image\/","url":"https:\/\/gazetteinfos.net\/wp-content\/uploads\/2026\/08\/gazetteinfos-logo.png","contentUrl":"https:\/\/gazetteinfos.net\/wp-content\/uploads\/2026\/08\/gazetteinfos-logo.png","width":1000,"height":250,"caption":"Gazette Info"},"image":{"@id":"https:\/\/gazetteinfos.net\/#\/schema\/logo\/image\/"}},{"@type":"Person","@id":"https:\/\/gazetteinfos.net\/#\/schema\/person\/d73ae61684083b98fa750c4800983201","name":"gazettead2024gmailcom","image":{"@type":"ImageObject","inLanguage":"fr-FR","@id":"https:\/\/secure.gravatar.com\/avatar\/8048ee0a120df59b2e841e99cd89588ad9a8b630732b434146f25e14cc0a442f?s=96&d=mm&r=g","url":"https:\/\/secure.gravatar.com\/avatar\/8048ee0a120df59b2e841e99cd89588ad9a8b630732b434146f25e14cc0a442f?s=96&d=mm&r=g","contentUrl":"https:\/\/secure.gravatar.com\/avatar\/8048ee0a120df59b2e841e99cd89588ad9a8b630732b434146f25e14cc0a442f?s=96&d=mm&r=g","caption":"gazettead2024gmailcom"},"sameAs":["https:\/\/gazetteinfos.net"],"url":"https:\/\/gazetteinfos.net\/index.php\/author\/gazettead2024gmailcom\/"}]}},"_links":{"self":[{"href":"https:\/\/gazetteinfos.net\/index.php\/wp-json\/wp\/v2\/posts\/358","targetHints":{"allow":["GET"]}}],"collection":[{"href":"https:\/\/gazetteinfos.net\/index.php\/wp-json\/wp\/v2\/posts"}],"about":[{"href":"https:\/\/gazetteinfos.net\/index.php\/wp-json\/wp\/v2\/types\/post"}],"author":[{"embeddable":true,"href":"https:\/\/gazetteinfos.net\/index.php\/wp-json\/wp\/v2\/users\/1"}],"replies":[{"embeddable":true,"href":"https:\/\/gazetteinfos.net\/index.php\/wp-json\/wp\/v2\/comments?post=358"}],"version-history":[{"count":1,"href":"https:\/\/gazetteinfos.net\/index.php\/wp-json\/wp\/v2\/posts\/358\/revisions"}],"predecessor-version":[{"id":360,"href":"https:\/\/gazetteinfos.net\/index.php\/wp-json\/wp\/v2\/posts\/358\/revisions\/360"}],"wp:featuredmedia":[{"embeddable":true,"href":"https:\/\/gazetteinfos.net\/index.php\/wp-json\/wp\/v2\/media\/359"}],"wp:attachment":[{"href":"https:\/\/gazetteinfos.net\/index.php\/wp-json\/wp\/v2\/media?parent=358"}],"wp:term":[{"taxonomy":"category","embeddable":true,"href":"https:\/\/gazetteinfos.net\/index.php\/wp-json\/wp\/v2\/categories?post=358"},{"taxonomy":"post_tag","embeddable":true,"href":"https:\/\/gazetteinfos.net\/index.php\/wp-json\/wp\/v2\/tags?post=358"},{"taxonomy":"gi_province","embeddable":true,"href":"https:\/\/gazetteinfos.net\/index.php\/wp-json\/wp\/v2\/gi_province?post=358"}],"curies":[{"name":"wp","href":"https:\/\/api.w.org\/{rel}","templated":true}]}}