{"id":354,"date":"2026-09-03T10:08:01","date_gmt":"2026-09-03T08:08:01","guid":{"rendered":"https:\/\/gazetteinfos.net\/?p=354"},"modified":"2026-09-03T10:08:04","modified_gmt":"2026-09-03T08:08:04","slug":"muanda-la-baleine-echouee-sera-exhumee-neuf-semaines-apres-son-enfouissement-pour-des-etudes-scientifiques","status":"publish","type":"post","link":"https:\/\/gazetteinfos.net\/index.php\/2026\/09\/03\/muanda-la-baleine-echouee-sera-exhumee-neuf-semaines-apres-son-enfouissement-pour-des-etudes-scientifiques\/","title":{"rendered":"Muanda : la baleine \u00e9chou\u00e9e sera exhum\u00e9e neuf semaines apr\u00e8s son enfouissement pour des \u00e9tudes scientifiques"},"content":{"rendered":"\n<p class=\"wp-block-paragraph\">Kongo-Central \u2014 Neuf semaines apr\u00e8s avoir \u00e9t\u00e9 enfouie sur la c\u00f4te de Muanda, dans la province du Kongo-Central, la baleine \u00e9chou\u00e9e fera prochainement l\u2019objet d\u2019une exhumation officielle. L\u2019op\u00e9ration, annonc\u00e9e par la ministre de l\u2019Environnement, Marie Nyange, vise \u00e0 permettre aux chercheurs de mener des \u00e9tudes scientifiques approfondies sur sa d\u00e9pouille.\u200e\u200eL\u2019annonce a \u00e9t\u00e9 relay\u00e9e mercredi par Malick Muamba, expert en environnement.<\/p>\n\n\n\n<p class=\"wp-block-paragraph\"> Selon lui, cette op\u00e9ration devrait notamment contribuer \u00e0 mieux comprendre les circonstances et les causes de cet \u00e9v\u00e9nement exceptionnel survenu sur la c\u00f4te congolaise.\u200e\u200e\u00ab L\u2019exhumation de la baleine \u00e9chou\u00e9e sur la c\u00f4te congolaise constitue une d\u00e9cision importante pour la recherche scientifique et la conservation de notre patrimoine biologique \u00bb, a expliqu\u00e9 l\u2019expert en environnement.\u200e\u200ePour Malick Muamba, l\u2019op\u00e9ration ne doit toutefois pas \u00eatre r\u00e9duite \u00e0 une simple intervention technique visant \u00e0 r\u00e9cup\u00e9rer une carcasse.<\/p>\n\n\n\n<p class=\"wp-block-paragraph\"> Elle devrait, au contraire, \u00eatre consid\u00e9r\u00e9e comme une v\u00e9ritable op\u00e9ration scientifique n\u00e9cessitant une organisation rigoureuse.\u200e\u200eApr\u00e8s plusieurs semaines d\u2019enfouissement, l\u2019\u00e9tat de la d\u00e9pouille pourrait en effet fournir des informations utiles aux chercheurs, \u00e0 condition que les diff\u00e9rentes \u00e9tapes de l\u2019exhumation soient men\u00e9es avec m\u00e9thode et document\u00e9es de mani\u00e8re appropri\u00e9e.\u200e\u200e<\/p>\n\n\n\n<p class=\"wp-block-paragraph\">L\u2019expert plaide ainsi pour la mise en place d\u2019une commission gouvernementale charg\u00e9e notamment d\u2019\u00e9laborer un protocole national consacr\u00e9 \u00e0 l\u2019exhumation des grands mammif\u00e8res. Une telle d\u00e9marche permettrait, selon lui, de mieux encadrer \u00e0 l\u2019avenir les interventions scientifiques li\u00e9es \u00e0 des d\u00e9couvertes exceptionnelles de cette nature.\u200e\u200e\u00ab Cette op\u00e9ration repr\u00e9sente une v\u00e9ritable op\u00e9ration scientifique, qui doit \u00eatre conduite selon un protocole rigoureux, document\u00e9 et multidisciplinaire \u00bb, a-t-il insist\u00e9.\u200e\u200e<\/p>\n\n\n\n<p class=\"wp-block-paragraph\">L\u2019exhumation de la baleine de Muanda appara\u00eet donc comme une occasion pour la communaut\u00e9 scientifique congolaise de recueillir des donn\u00e9es susceptibles d\u2019enrichir les connaissances sur la faune marine et de renforcer les m\u00e9canismes de conservation du patrimoine biologique en R\u00e9publique d\u00e9mocratique du Congo.<\/p>\n\n\n\n<p class=\"wp-block-paragraph\"><strong><em>R\u00e9daction<\/em><\/strong> <\/p>\n","protected":false},"excerpt":{"rendered":"<p>Kongo-Central \u2014 Neuf semaines apr\u00e8s avoir \u00e9t\u00e9 enfouie sur la c\u00f4te de Muanda, dans la province du Kongo-Central, la baleine \u00e9chou\u00e9e fera prochainement l\u2019objet d\u2019une exhumation officielle.\u2026<\/p>\n","protected":false},"author":1,"featured_media":356,"comment_status":"open","ping_status":"open","sticky":false,"template":"","format":"standard","meta":{"footnotes":""},"categories":[2],"tags":[],"gi_province":[28],"class_list":["post-354","post","type-post","status-publish","format-standard","has-post-thumbnail","hentry","category-actualite","gi_province-sud-kivu"],"yoast_head":"<!-- This site is optimized with the Yoast SEO plugin v28.4 - https:\/\/yoast.com\/product\/yoast-seo-wordpress\/ -->\n<title>Muanda : la baleine \u00e9chou\u00e9e sera exhum\u00e9e neuf semaines apr\u00e8s son enfouissement pour des \u00e9tudes scientifiques - Gazette Info<\/title>\n<meta name=\"robots\" content=\"index, follow, max-snippet:-1, max-image-preview:large, max-video-preview:-1\" \/>\n<link rel=\"canonical\" href=\"https:\/\/gazetteinfos.net\/index.php\/2026\/09\/03\/muanda-la-baleine-echouee-sera-exhumee-neuf-semaines-apres-son-enfouissement-pour-des-etudes-scientifiques\/\" \/>\n<meta property=\"og:locale\" content=\"fr_FR\" \/>\n<meta property=\"og:type\" content=\"article\" \/>\n<meta property=\"og:title\" content=\"Muanda : la baleine \u00e9chou\u00e9e sera exhum\u00e9e neuf semaines apr\u00e8s son enfouissement pour des \u00e9tudes scientifiques - Gazette Info\" \/>\n<meta property=\"og:description\" content=\"Kongo-Central \u2014 Neuf semaines apr\u00e8s avoir \u00e9t\u00e9 enfouie sur la c\u00f4te de Muanda, dans la province du Kongo-Central, la baleine \u00e9chou\u00e9e fera prochainement l\u2019objet d\u2019une exhumation officielle.\u2026\" \/>\n<meta property=\"og:url\" content=\"https:\/\/gazetteinfos.net\/index.php\/2026\/09\/03\/muanda-la-baleine-echouee-sera-exhumee-neuf-semaines-apres-son-enfouissement-pour-des-etudes-scientifiques\/\" \/>\n<meta property=\"og:site_name\" content=\"Gazette Info\" \/>\n<meta property=\"article:published_time\" content=\"2026-09-03T08:08:01+00:00\" \/>\n<meta property=\"article:modified_time\" content=\"2026-09-03T08:08:04+00:00\" \/>\n<meta property=\"og:image\" content=\"https:\/\/gazetteinfos.net\/wp-content\/uploads\/2026\/09\/1788421472593.jpg\" \/>\n\t<meta property=\"og:image:width\" content=\"720\" \/>\n\t<meta property=\"og:image:height\" content=\"540\" \/>\n\t<meta property=\"og:image:type\" content=\"image\/jpeg\" \/>\n<meta name=\"author\" content=\"gazettead2024gmailcom\" \/>\n<meta name=\"twitter:card\" content=\"summary_large_image\" \/>\n<meta name=\"twitter:label1\" content=\"\u00c9crit par\" \/>\n\t<meta name=\"twitter:data1\" content=\"gazettead2024gmailcom\" \/>\n\t<meta name=\"twitter:label2\" content=\"Dur\u00e9e de lecture estim\u00e9e\" \/>\n\t<meta name=\"twitter:data2\" content=\"2 minutes\" \/>\n<script type=\"application\/ld+json\" class=\"yoast-schema-graph\">{\"@context\":\"https:\\\/\\\/schema.org\",\"@graph\":[{\"@type\":\"Article\",\"@id\":\"https:\\\/\\\/gazetteinfos.net\\\/index.php\\\/2026\\\/09\\\/03\\\/muanda-la-baleine-echouee-sera-exhumee-neuf-semaines-apres-son-enfouissement-pour-des-etudes-scientifiques\\\/#article\",\"isPartOf\":{\"@id\":\"https:\\\/\\\/gazetteinfos.net\\\/index.php\\\/2026\\\/09\\\/03\\\/muanda-la-baleine-echouee-sera-exhumee-neuf-semaines-apres-son-enfouissement-pour-des-etudes-scientifiques\\\/\"},\"author\":{\"name\":\"gazettead2024gmailcom\",\"@id\":\"https:\\\/\\\/gazetteinfos.net\\\/#\\\/schema\\\/person\\\/d73ae61684083b98fa750c4800983201\"},\"headline\":\"Muanda : la baleine \u00e9chou\u00e9e sera exhum\u00e9e neuf semaines apr\u00e8s son enfouissement pour des \u00e9tudes scientifiques\",\"datePublished\":\"2026-09-03T08:08:01+00:00\",\"dateModified\":\"2026-09-03T08:08:04+00:00\",\"mainEntityOfPage\":{\"@id\":\"https:\\\/\\\/gazetteinfos.net\\\/index.php\\\/2026\\\/09\\\/03\\\/muanda-la-baleine-echouee-sera-exhumee-neuf-semaines-apres-son-enfouissement-pour-des-etudes-scientifiques\\\/\"},\"wordCount\":364,\"commentCount\":0,\"publisher\":{\"@id\":\"https:\\\/\\\/gazetteinfos.net\\\/#organization\"},\"image\":{\"@id\":\"https:\\\/\\\/gazetteinfos.net\\\/index.php\\\/2026\\\/09\\\/03\\\/muanda-la-baleine-echouee-sera-exhumee-neuf-semaines-apres-son-enfouissement-pour-des-etudes-scientifiques\\\/#primaryimage\"},\"thumbnailUrl\":\"https:\\\/\\\/gazetteinfos.net\\\/wp-content\\\/uploads\\\/2026\\\/09\\\/1788421472593.jpg\",\"articleSection\":[\"Actualit\u00e9\"],\"inLanguage\":\"fr-FR\",\"potentialAction\":[{\"@type\":\"CommentAction\",\"name\":\"Comment\",\"target\":[\"https:\\\/\\\/gazetteinfos.net\\\/index.php\\\/2026\\\/09\\\/03\\\/muanda-la-baleine-echouee-sera-exhumee-neuf-semaines-apres-son-enfouissement-pour-des-etudes-scientifiques\\\/#respond\"]}]},{\"@type\":\"WebPage\",\"@id\":\"https:\\\/\\\/gazetteinfos.net\\\/index.php\\\/2026\\\/09\\\/03\\\/muanda-la-baleine-echouee-sera-exhumee-neuf-semaines-apres-son-enfouissement-pour-des-etudes-scientifiques\\\/\",\"url\":\"https:\\\/\\\/gazetteinfos.net\\\/index.php\\\/2026\\\/09\\\/03\\\/muanda-la-baleine-echouee-sera-exhumee-neuf-semaines-apres-son-enfouissement-pour-des-etudes-scientifiques\\\/\",\"name\":\"Muanda : la baleine \u00e9chou\u00e9e sera exhum\u00e9e neuf semaines apr\u00e8s son enfouissement pour des \u00e9tudes scientifiques - Gazette Info\",\"isPartOf\":{\"@id\":\"https:\\\/\\\/gazetteinfos.net\\\/#website\"},\"primaryImageOfPage\":{\"@id\":\"https:\\\/\\\/gazetteinfos.net\\\/index.php\\\/2026\\\/09\\\/03\\\/muanda-la-baleine-echouee-sera-exhumee-neuf-semaines-apres-son-enfouissement-pour-des-etudes-scientifiques\\\/#primaryimage\"},\"image\":{\"@id\":\"https:\\\/\\\/gazetteinfos.net\\\/index.php\\\/2026\\\/09\\\/03\\\/muanda-la-baleine-echouee-sera-exhumee-neuf-semaines-apres-son-enfouissement-pour-des-etudes-scientifiques\\\/#primaryimage\"},\"thumbnailUrl\":\"https:\\\/\\\/gazetteinfos.net\\\/wp-content\\\/uploads\\\/2026\\\/09\\\/1788421472593.jpg\",\"datePublished\":\"2026-09-03T08:08:01+00:00\",\"dateModified\":\"2026-09-03T08:08:04+00:00\",\"breadcrumb\":{\"@id\":\"https:\\\/\\\/gazetteinfos.net\\\/index.php\\\/2026\\\/09\\\/03\\\/muanda-la-baleine-echouee-sera-exhumee-neuf-semaines-apres-son-enfouissement-pour-des-etudes-scientifiques\\\/#breadcrumb\"},\"inLanguage\":\"fr-FR\",\"potentialAction\":[{\"@type\":\"ReadAction\",\"target\":[\"https:\\\/\\\/gazetteinfos.net\\\/index.php\\\/2026\\\/09\\\/03\\\/muanda-la-baleine-echouee-sera-exhumee-neuf-semaines-apres-son-enfouissement-pour-des-etudes-scientifiques\\\/\"]}]},{\"@type\":\"ImageObject\",\"inLanguage\":\"fr-FR\",\"@id\":\"https:\\\/\\\/gazetteinfos.net\\\/index.php\\\/2026\\\/09\\\/03\\\/muanda-la-baleine-echouee-sera-exhumee-neuf-semaines-apres-son-enfouissement-pour-des-etudes-scientifiques\\\/#primaryimage\",\"url\":\"https:\\\/\\\/gazetteinfos.net\\\/wp-content\\\/uploads\\\/2026\\\/09\\\/1788421472593.jpg\",\"contentUrl\":\"https:\\\/\\\/gazetteinfos.net\\\/wp-content\\\/uploads\\\/2026\\\/09\\\/1788421472593.jpg\",\"width\":720,\"height\":540},{\"@type\":\"BreadcrumbList\",\"@id\":\"https:\\\/\\\/gazetteinfos.net\\\/index.php\\\/2026\\\/09\\\/03\\\/muanda-la-baleine-echouee-sera-exhumee-neuf-semaines-apres-son-enfouissement-pour-des-etudes-scientifiques\\\/#breadcrumb\",\"itemListElement\":[{\"@type\":\"ListItem\",\"position\":1,\"name\":\"Home\",\"item\":\"https:\\\/\\\/gazetteinfos.net\\\/index.php\\\/accueil\\\/?lang=fr\"},{\"@type\":\"ListItem\",\"position\":2,\"name\":\"Muanda : la baleine \u00e9chou\u00e9e sera exhum\u00e9e neuf semaines apr\u00e8s son enfouissement pour des \u00e9tudes scientifiques\"}]},{\"@type\":\"WebSite\",\"@id\":\"https:\\\/\\\/gazetteinfos.net\\\/#website\",\"url\":\"https:\\\/\\\/gazetteinfos.net\\\/\",\"name\":\"Gazette Info\",\"description\":\"L&#039;actualit\u00e9 au galop du cheval.\",\"publisher\":{\"@id\":\"https:\\\/\\\/gazetteinfos.net\\\/#organization\"},\"potentialAction\":[{\"@type\":\"SearchAction\",\"target\":{\"@type\":\"EntryPoint\",\"urlTemplate\":\"https:\\\/\\\/gazetteinfos.net\\\/?s={search_term_string}\"},\"query-input\":{\"@type\":\"PropertyValueSpecification\",\"valueRequired\":true,\"valueName\":\"search_term_string\"}}],\"inLanguage\":\"fr-FR\"},{\"@type\":\"Organization\",\"@id\":\"https:\\\/\\\/gazetteinfos.net\\\/#organization\",\"name\":\"Gazette Info\",\"url\":\"https:\\\/\\\/gazetteinfos.net\\\/\",\"logo\":{\"@type\":\"ImageObject\",\"inLanguage\":\"fr-FR\",\"@id\":\"https:\\\/\\\/gazetteinfos.net\\\/#\\\/schema\\\/logo\\\/image\\\/\",\"url\":\"https:\\\/\\\/gazetteinfos.net\\\/wp-content\\\/uploads\\\/2026\\\/08\\\/gazetteinfos-logo.png\",\"contentUrl\":\"https:\\\/\\\/gazetteinfos.net\\\/wp-content\\\/uploads\\\/2026\\\/08\\\/gazetteinfos-logo.png\",\"width\":1000,\"height\":250,\"caption\":\"Gazette Info\"},\"image\":{\"@id\":\"https:\\\/\\\/gazetteinfos.net\\\/#\\\/schema\\\/logo\\\/image\\\/\"}},{\"@type\":\"Person\",\"@id\":\"https:\\\/\\\/gazetteinfos.net\\\/#\\\/schema\\\/person\\\/d73ae61684083b98fa750c4800983201\",\"name\":\"gazettead2024gmailcom\",\"image\":{\"@type\":\"ImageObject\",\"inLanguage\":\"fr-FR\",\"@id\":\"https:\\\/\\\/secure.gravatar.com\\\/avatar\\\/8048ee0a120df59b2e841e99cd89588ad9a8b630732b434146f25e14cc0a442f?s=96&d=mm&r=g\",\"url\":\"https:\\\/\\\/secure.gravatar.com\\\/avatar\\\/8048ee0a120df59b2e841e99cd89588ad9a8b630732b434146f25e14cc0a442f?s=96&d=mm&r=g\",\"contentUrl\":\"https:\\\/\\\/secure.gravatar.com\\\/avatar\\\/8048ee0a120df59b2e841e99cd89588ad9a8b630732b434146f25e14cc0a442f?s=96&d=mm&r=g\",\"caption\":\"gazettead2024gmailcom\"},\"sameAs\":[\"https:\\\/\\\/gazetteinfos.net\"],\"url\":\"https:\\\/\\\/gazetteinfos.net\\\/index.php\\\/author\\\/gazettead2024gmailcom\\\/\"}]}<\/script>\n<!-- \/ Yoast SEO plugin. -->","yoast_head_json":{"title":"Muanda : la baleine \u00e9chou\u00e9e sera exhum\u00e9e neuf semaines apr\u00e8s son enfouissement pour des \u00e9tudes scientifiques - Gazette Info","robots":{"index":"index","follow":"follow","max-snippet":"max-snippet:-1","max-image-preview":"max-image-preview:large","max-video-preview":"max-video-preview:-1"},"canonical":"https:\/\/gazetteinfos.net\/index.php\/2026\/09\/03\/muanda-la-baleine-echouee-sera-exhumee-neuf-semaines-apres-son-enfouissement-pour-des-etudes-scientifiques\/","og_locale":"fr_FR","og_type":"article","og_title":"Muanda : la baleine \u00e9chou\u00e9e sera exhum\u00e9e neuf semaines apr\u00e8s son enfouissement pour des \u00e9tudes scientifiques - Gazette Info","og_description":"Kongo-Central \u2014 Neuf semaines apr\u00e8s avoir \u00e9t\u00e9 enfouie sur la c\u00f4te de Muanda, dans la province du Kongo-Central, la baleine \u00e9chou\u00e9e fera prochainement l\u2019objet d\u2019une exhumation officielle.\u2026","og_url":"https:\/\/gazetteinfos.net\/index.php\/2026\/09\/03\/muanda-la-baleine-echouee-sera-exhumee-neuf-semaines-apres-son-enfouissement-pour-des-etudes-scientifiques\/","og_site_name":"Gazette Info","article_published_time":"2026-09-03T08:08:01+00:00","article_modified_time":"2026-09-03T08:08:04+00:00","og_image":[{"width":720,"height":540,"url":"https:\/\/gazetteinfos.net\/wp-content\/uploads\/2026\/09\/1788421472593.jpg","type":"image\/jpeg"}],"author":"gazettead2024gmailcom","twitter_card":"summary_large_image","twitter_misc":{"\u00c9crit par":"gazettead2024gmailcom","Dur\u00e9e de lecture estim\u00e9e":"2 minutes"},"schema":{"@context":"https:\/\/schema.org","@graph":[{"@type":"Article","@id":"https:\/\/gazetteinfos.net\/index.php\/2026\/09\/03\/muanda-la-baleine-echouee-sera-exhumee-neuf-semaines-apres-son-enfouissement-pour-des-etudes-scientifiques\/#article","isPartOf":{"@id":"https:\/\/gazetteinfos.net\/index.php\/2026\/09\/03\/muanda-la-baleine-echouee-sera-exhumee-neuf-semaines-apres-son-enfouissement-pour-des-etudes-scientifiques\/"},"author":{"name":"gazettead2024gmailcom","@id":"https:\/\/gazetteinfos.net\/#\/schema\/person\/d73ae61684083b98fa750c4800983201"},"headline":"Muanda : la baleine \u00e9chou\u00e9e sera exhum\u00e9e neuf semaines apr\u00e8s son enfouissement pour des \u00e9tudes scientifiques","datePublished":"2026-09-03T08:08:01+00:00","dateModified":"2026-09-03T08:08:04+00:00","mainEntityOfPage":{"@id":"https:\/\/gazetteinfos.net\/index.php\/2026\/09\/03\/muanda-la-baleine-echouee-sera-exhumee-neuf-semaines-apres-son-enfouissement-pour-des-etudes-scientifiques\/"},"wordCount":364,"commentCount":0,"publisher":{"@id":"https:\/\/gazetteinfos.net\/#organization"},"image":{"@id":"https:\/\/gazetteinfos.net\/index.php\/2026\/09\/03\/muanda-la-baleine-echouee-sera-exhumee-neuf-semaines-apres-son-enfouissement-pour-des-etudes-scientifiques\/#primaryimage"},"thumbnailUrl":"https:\/\/gazetteinfos.net\/wp-content\/uploads\/2026\/09\/1788421472593.jpg","articleSection":["Actualit\u00e9"],"inLanguage":"fr-FR","potentialAction":[{"@type":"CommentAction","name":"Comment","target":["https:\/\/gazetteinfos.net\/index.php\/2026\/09\/03\/muanda-la-baleine-echouee-sera-exhumee-neuf-semaines-apres-son-enfouissement-pour-des-etudes-scientifiques\/#respond"]}]},{"@type":"WebPage","@id":"https:\/\/gazetteinfos.net\/index.php\/2026\/09\/03\/muanda-la-baleine-echouee-sera-exhumee-neuf-semaines-apres-son-enfouissement-pour-des-etudes-scientifiques\/","url":"https:\/\/gazetteinfos.net\/index.php\/2026\/09\/03\/muanda-la-baleine-echouee-sera-exhumee-neuf-semaines-apres-son-enfouissement-pour-des-etudes-scientifiques\/","name":"Muanda : la baleine \u00e9chou\u00e9e sera exhum\u00e9e neuf semaines apr\u00e8s son enfouissement pour des \u00e9tudes scientifiques - Gazette Info","isPartOf":{"@id":"https:\/\/gazetteinfos.net\/#website"},"primaryImageOfPage":{"@id":"https:\/\/gazetteinfos.net\/index.php\/2026\/09\/03\/muanda-la-baleine-echouee-sera-exhumee-neuf-semaines-apres-son-enfouissement-pour-des-etudes-scientifiques\/#primaryimage"},"image":{"@id":"https:\/\/gazetteinfos.net\/index.php\/2026\/09\/03\/muanda-la-baleine-echouee-sera-exhumee-neuf-semaines-apres-son-enfouissement-pour-des-etudes-scientifiques\/#primaryimage"},"thumbnailUrl":"https:\/\/gazetteinfos.net\/wp-content\/uploads\/2026\/09\/1788421472593.jpg","datePublished":"2026-09-03T08:08:01+00:00","dateModified":"2026-09-03T08:08:04+00:00","breadcrumb":{"@id":"https:\/\/gazetteinfos.net\/index.php\/2026\/09\/03\/muanda-la-baleine-echouee-sera-exhumee-neuf-semaines-apres-son-enfouissement-pour-des-etudes-scientifiques\/#breadcrumb"},"inLanguage":"fr-FR","potentialAction":[{"@type":"ReadAction","target":["https:\/\/gazetteinfos.net\/index.php\/2026\/09\/03\/muanda-la-baleine-echouee-sera-exhumee-neuf-semaines-apres-son-enfouissement-pour-des-etudes-scientifiques\/"]}]},{"@type":"ImageObject","inLanguage":"fr-FR","@id":"https:\/\/gazetteinfos.net\/index.php\/2026\/09\/03\/muanda-la-baleine-echouee-sera-exhumee-neuf-semaines-apres-son-enfouissement-pour-des-etudes-scientifiques\/#primaryimage","url":"https:\/\/gazetteinfos.net\/wp-content\/uploads\/2026\/09\/1788421472593.jpg","contentUrl":"https:\/\/gazetteinfos.net\/wp-content\/uploads\/2026\/09\/1788421472593.jpg","width":720,"height":540},{"@type":"BreadcrumbList","@id":"https:\/\/gazetteinfos.net\/index.php\/2026\/09\/03\/muanda-la-baleine-echouee-sera-exhumee-neuf-semaines-apres-son-enfouissement-pour-des-etudes-scientifiques\/#breadcrumb","itemListElement":[{"@type":"ListItem","position":1,"name":"Home","item":"https:\/\/gazetteinfos.net\/index.php\/accueil\/?lang=fr"},{"@type":"ListItem","position":2,"name":"Muanda : la baleine \u00e9chou\u00e9e sera exhum\u00e9e neuf semaines apr\u00e8s son enfouissement pour des \u00e9tudes scientifiques"}]},{"@type":"WebSite","@id":"https:\/\/gazetteinfos.net\/#website","url":"https:\/\/gazetteinfos.net\/","name":"Gazette Info","description":"L&#039;actualit\u00e9 au galop du cheval.","publisher":{"@id":"https:\/\/gazetteinfos.net\/#organization"},"potentialAction":[{"@type":"SearchAction","target":{"@type":"EntryPoint","urlTemplate":"https:\/\/gazetteinfos.net\/?s={search_term_string}"},"query-input":{"@type":"PropertyValueSpecification","valueRequired":true,"valueName":"search_term_string"}}],"inLanguage":"fr-FR"},{"@type":"Organization","@id":"https:\/\/gazetteinfos.net\/#organization","name":"Gazette Info","url":"https:\/\/gazetteinfos.net\/","logo":{"@type":"ImageObject","inLanguage":"fr-FR","@id":"https:\/\/gazetteinfos.net\/#\/schema\/logo\/image\/","url":"https:\/\/gazetteinfos.net\/wp-content\/uploads\/2026\/08\/gazetteinfos-logo.png","contentUrl":"https:\/\/gazetteinfos.net\/wp-content\/uploads\/2026\/08\/gazetteinfos-logo.png","width":1000,"height":250,"caption":"Gazette Info"},"image":{"@id":"https:\/\/gazetteinfos.net\/#\/schema\/logo\/image\/"}},{"@type":"Person","@id":"https:\/\/gazetteinfos.net\/#\/schema\/person\/d73ae61684083b98fa750c4800983201","name":"gazettead2024gmailcom","image":{"@type":"ImageObject","inLanguage":"fr-FR","@id":"https:\/\/secure.gravatar.com\/avatar\/8048ee0a120df59b2e841e99cd89588ad9a8b630732b434146f25e14cc0a442f?s=96&d=mm&r=g","url":"https:\/\/secure.gravatar.com\/avatar\/8048ee0a120df59b2e841e99cd89588ad9a8b630732b434146f25e14cc0a442f?s=96&d=mm&r=g","contentUrl":"https:\/\/secure.gravatar.com\/avatar\/8048ee0a120df59b2e841e99cd89588ad9a8b630732b434146f25e14cc0a442f?s=96&d=mm&r=g","caption":"gazettead2024gmailcom"},"sameAs":["https:\/\/gazetteinfos.net"],"url":"https:\/\/gazetteinfos.net\/index.php\/author\/gazettead2024gmailcom\/"}]}},"_links":{"self":[{"href":"https:\/\/gazetteinfos.net\/index.php\/wp-json\/wp\/v2\/posts\/354","targetHints":{"allow":["GET"]}}],"collection":[{"href":"https:\/\/gazetteinfos.net\/index.php\/wp-json\/wp\/v2\/posts"}],"about":[{"href":"https:\/\/gazetteinfos.net\/index.php\/wp-json\/wp\/v2\/types\/post"}],"author":[{"embeddable":true,"href":"https:\/\/gazetteinfos.net\/index.php\/wp-json\/wp\/v2\/users\/1"}],"replies":[{"embeddable":true,"href":"https:\/\/gazetteinfos.net\/index.php\/wp-json\/wp\/v2\/comments?post=354"}],"version-history":[{"count":1,"href":"https:\/\/gazetteinfos.net\/index.php\/wp-json\/wp\/v2\/posts\/354\/revisions"}],"predecessor-version":[{"id":357,"href":"https:\/\/gazetteinfos.net\/index.php\/wp-json\/wp\/v2\/posts\/354\/revisions\/357"}],"wp:featuredmedia":[{"embeddable":true,"href":"https:\/\/gazetteinfos.net\/index.php\/wp-json\/wp\/v2\/media\/356"}],"wp:attachment":[{"href":"https:\/\/gazetteinfos.net\/index.php\/wp-json\/wp\/v2\/media?parent=354"}],"wp:term":[{"taxonomy":"category","embeddable":true,"href":"https:\/\/gazetteinfos.net\/index.php\/wp-json\/wp\/v2\/categories?post=354"},{"taxonomy":"post_tag","embeddable":true,"href":"https:\/\/gazetteinfos.net\/index.php\/wp-json\/wp\/v2\/tags?post=354"},{"taxonomy":"gi_province","embeddable":true,"href":"https:\/\/gazetteinfos.net\/index.php\/wp-json\/wp\/v2\/gi_province?post=354"}],"curies":[{"name":"wp","href":"https:\/\/api.w.org\/{rel}","templated":true}]}}