{"id":344,"date":"2026-09-02T15:35:19","date_gmt":"2026-09-02T13:35:19","guid":{"rendered":"https:\/\/gazetteinfos.net\/?p=344"},"modified":"2026-09-02T16:26:42","modified_gmt":"2026-09-02T14:26:42","slug":"miabi-la-socico-alerte-sur-lexclusion-de-plusieurs-eleves-faute-de-pont-lubi","status":"publish","type":"post","link":"https:\/\/gazetteinfos.net\/index.php\/2026\/09\/02\/miabi-la-socico-alerte-sur-lexclusion-de-plusieurs-eleves-faute-de-pont-lubi\/","title":{"rendered":"Miabi : la SOCICO alerte sur l\u2019exclusion de plusieurs \u00e9l\u00e8ves faute de pont Lubi"},"content":{"rendered":"\n<p class=\"wp-block-paragraph\">Miabi, Kasa\u00ef-Oriental \u2014 \u00c0 la veille de la rentr\u00e9e scolaire 2026, la Soci\u00e9t\u00e9 civile du Congo (SOCICO), coordination territoriale de Miabi, alerte sur les difficult\u00e9s d\u2019acc\u00e8s \u00e0 l\u2019\u00e9ducation auxquelles sont confront\u00e9s plusieurs enfants des groupements de Bena Nganza et Bena Mbuyi, en raison de l\u2019arr\u00eat des travaux du pont Lubi.\u200e\u200e<\/p>\n\n\n\n<p class=\"wp-block-paragraph\">Dans une d\u00e9claration faite \u00e0 gazetteinfos.net le 02 septembre 2026, Christopher Kawaya Cipamba, pr\u00e9sident territorial de la SOCICO, d\u00e9nonce la suspension prolong\u00e9e des travaux de construction de cet ouvrage destin\u00e9 \u00e0 relier les groupements de Bena Nganza et Bena Mbuyi \u00e0 Cijiba Centre, dans le secteur de Cijiba, territoire de Miabi.\u200e\u200eSelon Christopher Kawaya Cipamba, les travaux du pont Lubi sont \u00e0 l\u2019arr\u00eat depuis le 19 mai 2024. Il affirme que les mat\u00e9riels de chantier ont \u00e9t\u00e9 abandonn\u00e9s en pleine brousse par l\u2019OVDA, sans qu\u2019une explication officielle sur l\u2019arr\u00eat du chantier n\u2019ait \u00e9t\u00e9 fournie.\u200e\u200eCette situation suscite une vive inqui\u00e9tude \u00e0 l\u2019approche de la rentr\u00e9e scolaire pr\u00e9vue le 1er septembre 2026.<\/p>\n\n\n\n<p class=\"wp-block-paragraph\">Le pr\u00e9sident territorial de la SOCICO estime que plusieurs \u00e9l\u00e8ves des communaut\u00e9s concern\u00e9es risquent de ne pas pouvoir rejoindre leurs \u00e9tablissements scolaires, faute d\u2019un moyen de franchissement appropri\u00e9.\u200e\u200ePour Christopher Kawaya Cipamba, cette situation pourrait entra\u00eener une rentr\u00e9e scolaire partielle et priver une partie des enfants de leur droit fondamental \u00e0 l\u2019\u00e9ducation. Il estime que cette difficult\u00e9 d\u2019acc\u00e8s aux \u00e9tablissements scolaires risque \u00e9galement d\u2019accentuer les in\u00e9galit\u00e9s et de compromettre l\u2019avenir de nombreux \u00e9l\u00e8ves.\u200e\u200eL\u2019absence du pont Lubi ne concerne toutefois pas uniquement le secteur de l\u2019\u00e9ducation. <\/p>\n\n\n\n<p class=\"wp-block-paragraph\">D\u2019apr\u00e8s la SOCICO, l\u2019enclavement des communaut\u00e9s affecte \u00e9galement l\u2019acc\u00e8s aux soins de sant\u00e9 et aux campagnes de vaccination. Les habitants seraient ainsi confront\u00e9s \u00e0 d\u2019importantes difficult\u00e9s pour rejoindre les structures sanitaires, ce qui les expose davantage \u00e0 diverses maladies.\u200e\u200eFace \u00e0 cette situation, Christopher Kawaya Cipamba appelle les autorit\u00e9s provinciales et nationales \u00e0 intervenir en urgence afin de relancer les travaux du pont Lubi. Il demande \u00e9galement aux pouvoirs publics de garantir l\u2019acc\u00e8s de tous les enfants \u00e0 l\u2019\u00e9ducation et d\u2019am\u00e9liorer l\u2019acc\u00e8s des populations concern\u00e9es aux services de sant\u00e9 et aux infrastructures de base.\u200e\u200e<\/p>\n\n\n\n<p class=\"wp-block-paragraph\">Le responsable de la SOCICO invite particuli\u00e8rement le gouvernement central \u00e0 se saisir de ce dossier et \u00e0 apporter une r\u00e9ponse rapide aux difficult\u00e9s rencontr\u00e9es par ces communaut\u00e9s. Il d\u00e9plore \u00e9galement ce qu\u2019il consid\u00e8re comme un manque d\u2019attention des autorit\u00e9s provinciales \u00e0 l\u2019\u00e9gard de ces travaux suspendus.\u200e\u200ePour la SOCICO, la rentr\u00e9e scolaire 2026 ne peut \u00eatre consid\u00e9r\u00e9e comme pleinement r\u00e9ussie tant que des enfants restent priv\u00e9s d\u2019acc\u00e8s \u00e0 leurs \u00e9coles en raison du manque d\u2019infrastructures. <\/p>\n\n\n\n<p class=\"wp-block-paragraph\">Christopher Kawaya Cipamba estime que la refondation de l\u2019\u00c9tat doit aussi passer par des actions concr\u00e8tes visant \u00e0 d\u00e9senclaver les communaut\u00e9s rurales et \u00e0 garantir \u00e0 chaque enfant la possibilit\u00e9 d\u2019acc\u00e9der \u00e0 l\u2019\u00e9ducation.\u200e\u200e<\/p>\n\n\n\n<p class=\"wp-block-paragraph\"><strong><em>Denis BABI WA MULUMBA<\/em><\/strong><\/p>\n","protected":false},"excerpt":{"rendered":"<p>Miabi, Kasa\u00ef-Oriental \u2014 \u00c0 la veille de la rentr\u00e9e scolaire 2026, la Soci\u00e9t\u00e9 civile du Congo (SOCICO), coordination territoriale de Miabi, alerte sur les difficult\u00e9s d\u2019acc\u00e8s \u00e0\u2026<\/p>\n","protected":false},"author":1,"featured_media":345,"comment_status":"open","ping_status":"open","sticky":false,"template":"","format":"standard","meta":{"footnotes":""},"categories":[2],"tags":[],"gi_province":[15],"class_list":["post-344","post","type-post","status-publish","format-standard","has-post-thumbnail","hentry","category-actualite","gi_province-kasai-oriental"],"yoast_head":"<!-- This site is optimized with the Yoast SEO plugin v28.4 - https:\/\/yoast.com\/product\/yoast-seo-wordpress\/ -->\n<title>Miabi : la SOCICO alerte sur l\u2019exclusion de plusieurs \u00e9l\u00e8ves faute de pont Lubi - Gazette Info<\/title>\n<meta name=\"robots\" content=\"index, follow, max-snippet:-1, max-image-preview:large, max-video-preview:-1\" \/>\n<link rel=\"canonical\" href=\"https:\/\/gazetteinfos.net\/index.php\/2026\/09\/02\/miabi-la-socico-alerte-sur-lexclusion-de-plusieurs-eleves-faute-de-pont-lubi\/\" \/>\n<meta property=\"og:locale\" content=\"fr_FR\" \/>\n<meta property=\"og:type\" content=\"article\" \/>\n<meta property=\"og:title\" content=\"Miabi : la SOCICO alerte sur l\u2019exclusion de plusieurs \u00e9l\u00e8ves faute de pont Lubi - Gazette Info\" \/>\n<meta property=\"og:description\" content=\"Miabi, Kasa\u00ef-Oriental \u2014 \u00c0 la veille de la rentr\u00e9e scolaire 2026, la Soci\u00e9t\u00e9 civile du Congo (SOCICO), coordination territoriale de Miabi, alerte sur les difficult\u00e9s d\u2019acc\u00e8s \u00e0\u2026\" \/>\n<meta property=\"og:url\" content=\"https:\/\/gazetteinfos.net\/index.php\/2026\/09\/02\/miabi-la-socico-alerte-sur-lexclusion-de-plusieurs-eleves-faute-de-pont-lubi\/\" \/>\n<meta property=\"og:site_name\" content=\"Gazette Info\" \/>\n<meta property=\"article:published_time\" content=\"2026-09-02T13:35:19+00:00\" \/>\n<meta property=\"article:modified_time\" content=\"2026-09-02T14:26:42+00:00\" \/>\n<meta property=\"og:image\" content=\"https:\/\/gazetteinfos.net\/wp-content\/uploads\/2026\/09\/IMG-20260902-WA0026.jpg\" \/>\n\t<meta property=\"og:image:width\" content=\"540\" \/>\n\t<meta property=\"og:image:height\" content=\"720\" \/>\n\t<meta property=\"og:image:type\" content=\"image\/jpeg\" \/>\n<meta name=\"author\" content=\"gazettead2024gmailcom\" \/>\n<meta name=\"twitter:card\" content=\"summary_large_image\" \/>\n<meta name=\"twitter:label1\" content=\"\u00c9crit par\" \/>\n\t<meta name=\"twitter:data1\" content=\"gazettead2024gmailcom\" \/>\n\t<meta name=\"twitter:label2\" content=\"Dur\u00e9e de lecture estim\u00e9e\" \/>\n\t<meta name=\"twitter:data2\" content=\"3 minutes\" \/>\n<script type=\"application\/ld+json\" class=\"yoast-schema-graph\">{\"@context\":\"https:\\\/\\\/schema.org\",\"@graph\":[{\"@type\":\"Article\",\"@id\":\"https:\\\/\\\/gazetteinfos.net\\\/index.php\\\/2026\\\/09\\\/02\\\/miabi-la-socico-alerte-sur-lexclusion-de-plusieurs-eleves-faute-de-pont-lubi\\\/#article\",\"isPartOf\":{\"@id\":\"https:\\\/\\\/gazetteinfos.net\\\/index.php\\\/2026\\\/09\\\/02\\\/miabi-la-socico-alerte-sur-lexclusion-de-plusieurs-eleves-faute-de-pont-lubi\\\/\"},\"author\":{\"name\":\"gazettead2024gmailcom\",\"@id\":\"https:\\\/\\\/gazetteinfos.net\\\/#\\\/schema\\\/person\\\/d73ae61684083b98fa750c4800983201\"},\"headline\":\"Miabi : la SOCICO alerte sur l\u2019exclusion de plusieurs \u00e9l\u00e8ves faute de pont Lubi\",\"datePublished\":\"2026-09-02T13:35:19+00:00\",\"dateModified\":\"2026-09-02T14:26:42+00:00\",\"mainEntityOfPage\":{\"@id\":\"https:\\\/\\\/gazetteinfos.net\\\/index.php\\\/2026\\\/09\\\/02\\\/miabi-la-socico-alerte-sur-lexclusion-de-plusieurs-eleves-faute-de-pont-lubi\\\/\"},\"wordCount\":529,\"commentCount\":0,\"publisher\":{\"@id\":\"https:\\\/\\\/gazetteinfos.net\\\/#organization\"},\"image\":{\"@id\":\"https:\\\/\\\/gazetteinfos.net\\\/index.php\\\/2026\\\/09\\\/02\\\/miabi-la-socico-alerte-sur-lexclusion-de-plusieurs-eleves-faute-de-pont-lubi\\\/#primaryimage\"},\"thumbnailUrl\":\"https:\\\/\\\/gazetteinfos.net\\\/wp-content\\\/uploads\\\/2026\\\/09\\\/IMG-20260902-WA0026.jpg\",\"articleSection\":[\"Actualit\u00e9\"],\"inLanguage\":\"fr-FR\",\"potentialAction\":[{\"@type\":\"CommentAction\",\"name\":\"Comment\",\"target\":[\"https:\\\/\\\/gazetteinfos.net\\\/index.php\\\/2026\\\/09\\\/02\\\/miabi-la-socico-alerte-sur-lexclusion-de-plusieurs-eleves-faute-de-pont-lubi\\\/#respond\"]}]},{\"@type\":\"WebPage\",\"@id\":\"https:\\\/\\\/gazetteinfos.net\\\/index.php\\\/2026\\\/09\\\/02\\\/miabi-la-socico-alerte-sur-lexclusion-de-plusieurs-eleves-faute-de-pont-lubi\\\/\",\"url\":\"https:\\\/\\\/gazetteinfos.net\\\/index.php\\\/2026\\\/09\\\/02\\\/miabi-la-socico-alerte-sur-lexclusion-de-plusieurs-eleves-faute-de-pont-lubi\\\/\",\"name\":\"Miabi : la SOCICO alerte sur l\u2019exclusion de plusieurs \u00e9l\u00e8ves faute de pont Lubi - Gazette Info\",\"isPartOf\":{\"@id\":\"https:\\\/\\\/gazetteinfos.net\\\/#website\"},\"primaryImageOfPage\":{\"@id\":\"https:\\\/\\\/gazetteinfos.net\\\/index.php\\\/2026\\\/09\\\/02\\\/miabi-la-socico-alerte-sur-lexclusion-de-plusieurs-eleves-faute-de-pont-lubi\\\/#primaryimage\"},\"image\":{\"@id\":\"https:\\\/\\\/gazetteinfos.net\\\/index.php\\\/2026\\\/09\\\/02\\\/miabi-la-socico-alerte-sur-lexclusion-de-plusieurs-eleves-faute-de-pont-lubi\\\/#primaryimage\"},\"thumbnailUrl\":\"https:\\\/\\\/gazetteinfos.net\\\/wp-content\\\/uploads\\\/2026\\\/09\\\/IMG-20260902-WA0026.jpg\",\"datePublished\":\"2026-09-02T13:35:19+00:00\",\"dateModified\":\"2026-09-02T14:26:42+00:00\",\"breadcrumb\":{\"@id\":\"https:\\\/\\\/gazetteinfos.net\\\/index.php\\\/2026\\\/09\\\/02\\\/miabi-la-socico-alerte-sur-lexclusion-de-plusieurs-eleves-faute-de-pont-lubi\\\/#breadcrumb\"},\"inLanguage\":\"fr-FR\",\"potentialAction\":[{\"@type\":\"ReadAction\",\"target\":[\"https:\\\/\\\/gazetteinfos.net\\\/index.php\\\/2026\\\/09\\\/02\\\/miabi-la-socico-alerte-sur-lexclusion-de-plusieurs-eleves-faute-de-pont-lubi\\\/\"]}]},{\"@type\":\"ImageObject\",\"inLanguage\":\"fr-FR\",\"@id\":\"https:\\\/\\\/gazetteinfos.net\\\/index.php\\\/2026\\\/09\\\/02\\\/miabi-la-socico-alerte-sur-lexclusion-de-plusieurs-eleves-faute-de-pont-lubi\\\/#primaryimage\",\"url\":\"https:\\\/\\\/gazetteinfos.net\\\/wp-content\\\/uploads\\\/2026\\\/09\\\/IMG-20260902-WA0026.jpg\",\"contentUrl\":\"https:\\\/\\\/gazetteinfos.net\\\/wp-content\\\/uploads\\\/2026\\\/09\\\/IMG-20260902-WA0026.jpg\",\"width\":540,\"height\":720},{\"@type\":\"BreadcrumbList\",\"@id\":\"https:\\\/\\\/gazetteinfos.net\\\/index.php\\\/2026\\\/09\\\/02\\\/miabi-la-socico-alerte-sur-lexclusion-de-plusieurs-eleves-faute-de-pont-lubi\\\/#breadcrumb\",\"itemListElement\":[{\"@type\":\"ListItem\",\"position\":1,\"name\":\"Home\",\"item\":\"https:\\\/\\\/gazetteinfos.net\\\/index.php\\\/accueil\\\/?lang=fr\"},{\"@type\":\"ListItem\",\"position\":2,\"name\":\"Miabi : la SOCICO alerte sur l\u2019exclusion de plusieurs \u00e9l\u00e8ves faute de pont Lubi\"}]},{\"@type\":\"WebSite\",\"@id\":\"https:\\\/\\\/gazetteinfos.net\\\/#website\",\"url\":\"https:\\\/\\\/gazetteinfos.net\\\/\",\"name\":\"Gazette Info\",\"description\":\"L&#039;actualit\u00e9 au galop du cheval.\",\"publisher\":{\"@id\":\"https:\\\/\\\/gazetteinfos.net\\\/#organization\"},\"potentialAction\":[{\"@type\":\"SearchAction\",\"target\":{\"@type\":\"EntryPoint\",\"urlTemplate\":\"https:\\\/\\\/gazetteinfos.net\\\/?s={search_term_string}\"},\"query-input\":{\"@type\":\"PropertyValueSpecification\",\"valueRequired\":true,\"valueName\":\"search_term_string\"}}],\"inLanguage\":\"fr-FR\"},{\"@type\":\"Organization\",\"@id\":\"https:\\\/\\\/gazetteinfos.net\\\/#organization\",\"name\":\"Gazette Info\",\"url\":\"https:\\\/\\\/gazetteinfos.net\\\/\",\"logo\":{\"@type\":\"ImageObject\",\"inLanguage\":\"fr-FR\",\"@id\":\"https:\\\/\\\/gazetteinfos.net\\\/#\\\/schema\\\/logo\\\/image\\\/\",\"url\":\"https:\\\/\\\/gazetteinfos.net\\\/wp-content\\\/uploads\\\/2026\\\/08\\\/gazetteinfos-logo.png\",\"contentUrl\":\"https:\\\/\\\/gazetteinfos.net\\\/wp-content\\\/uploads\\\/2026\\\/08\\\/gazetteinfos-logo.png\",\"width\":1000,\"height\":250,\"caption\":\"Gazette Info\"},\"image\":{\"@id\":\"https:\\\/\\\/gazetteinfos.net\\\/#\\\/schema\\\/logo\\\/image\\\/\"}},{\"@type\":\"Person\",\"@id\":\"https:\\\/\\\/gazetteinfos.net\\\/#\\\/schema\\\/person\\\/d73ae61684083b98fa750c4800983201\",\"name\":\"gazettead2024gmailcom\",\"image\":{\"@type\":\"ImageObject\",\"inLanguage\":\"fr-FR\",\"@id\":\"https:\\\/\\\/secure.gravatar.com\\\/avatar\\\/8048ee0a120df59b2e841e99cd89588ad9a8b630732b434146f25e14cc0a442f?s=96&d=mm&r=g\",\"url\":\"https:\\\/\\\/secure.gravatar.com\\\/avatar\\\/8048ee0a120df59b2e841e99cd89588ad9a8b630732b434146f25e14cc0a442f?s=96&d=mm&r=g\",\"contentUrl\":\"https:\\\/\\\/secure.gravatar.com\\\/avatar\\\/8048ee0a120df59b2e841e99cd89588ad9a8b630732b434146f25e14cc0a442f?s=96&d=mm&r=g\",\"caption\":\"gazettead2024gmailcom\"},\"sameAs\":[\"https:\\\/\\\/gazetteinfos.net\"],\"url\":\"https:\\\/\\\/gazetteinfos.net\\\/index.php\\\/author\\\/gazettead2024gmailcom\\\/\"}]}<\/script>\n<!-- \/ Yoast SEO plugin. -->","yoast_head_json":{"title":"Miabi : la SOCICO alerte sur l\u2019exclusion de plusieurs \u00e9l\u00e8ves faute de pont Lubi - Gazette Info","robots":{"index":"index","follow":"follow","max-snippet":"max-snippet:-1","max-image-preview":"max-image-preview:large","max-video-preview":"max-video-preview:-1"},"canonical":"https:\/\/gazetteinfos.net\/index.php\/2026\/09\/02\/miabi-la-socico-alerte-sur-lexclusion-de-plusieurs-eleves-faute-de-pont-lubi\/","og_locale":"fr_FR","og_type":"article","og_title":"Miabi : la SOCICO alerte sur l\u2019exclusion de plusieurs \u00e9l\u00e8ves faute de pont Lubi - Gazette Info","og_description":"Miabi, Kasa\u00ef-Oriental \u2014 \u00c0 la veille de la rentr\u00e9e scolaire 2026, la Soci\u00e9t\u00e9 civile du Congo (SOCICO), coordination territoriale de Miabi, alerte sur les difficult\u00e9s d\u2019acc\u00e8s \u00e0\u2026","og_url":"https:\/\/gazetteinfos.net\/index.php\/2026\/09\/02\/miabi-la-socico-alerte-sur-lexclusion-de-plusieurs-eleves-faute-de-pont-lubi\/","og_site_name":"Gazette Info","article_published_time":"2026-09-02T13:35:19+00:00","article_modified_time":"2026-09-02T14:26:42+00:00","og_image":[{"width":540,"height":720,"url":"https:\/\/gazetteinfos.net\/wp-content\/uploads\/2026\/09\/IMG-20260902-WA0026.jpg","type":"image\/jpeg"}],"author":"gazettead2024gmailcom","twitter_card":"summary_large_image","twitter_misc":{"\u00c9crit par":"gazettead2024gmailcom","Dur\u00e9e de lecture estim\u00e9e":"3 minutes"},"schema":{"@context":"https:\/\/schema.org","@graph":[{"@type":"Article","@id":"https:\/\/gazetteinfos.net\/index.php\/2026\/09\/02\/miabi-la-socico-alerte-sur-lexclusion-de-plusieurs-eleves-faute-de-pont-lubi\/#article","isPartOf":{"@id":"https:\/\/gazetteinfos.net\/index.php\/2026\/09\/02\/miabi-la-socico-alerte-sur-lexclusion-de-plusieurs-eleves-faute-de-pont-lubi\/"},"author":{"name":"gazettead2024gmailcom","@id":"https:\/\/gazetteinfos.net\/#\/schema\/person\/d73ae61684083b98fa750c4800983201"},"headline":"Miabi : la SOCICO alerte sur l\u2019exclusion de plusieurs \u00e9l\u00e8ves faute de pont Lubi","datePublished":"2026-09-02T13:35:19+00:00","dateModified":"2026-09-02T14:26:42+00:00","mainEntityOfPage":{"@id":"https:\/\/gazetteinfos.net\/index.php\/2026\/09\/02\/miabi-la-socico-alerte-sur-lexclusion-de-plusieurs-eleves-faute-de-pont-lubi\/"},"wordCount":529,"commentCount":0,"publisher":{"@id":"https:\/\/gazetteinfos.net\/#organization"},"image":{"@id":"https:\/\/gazetteinfos.net\/index.php\/2026\/09\/02\/miabi-la-socico-alerte-sur-lexclusion-de-plusieurs-eleves-faute-de-pont-lubi\/#primaryimage"},"thumbnailUrl":"https:\/\/gazetteinfos.net\/wp-content\/uploads\/2026\/09\/IMG-20260902-WA0026.jpg","articleSection":["Actualit\u00e9"],"inLanguage":"fr-FR","potentialAction":[{"@type":"CommentAction","name":"Comment","target":["https:\/\/gazetteinfos.net\/index.php\/2026\/09\/02\/miabi-la-socico-alerte-sur-lexclusion-de-plusieurs-eleves-faute-de-pont-lubi\/#respond"]}]},{"@type":"WebPage","@id":"https:\/\/gazetteinfos.net\/index.php\/2026\/09\/02\/miabi-la-socico-alerte-sur-lexclusion-de-plusieurs-eleves-faute-de-pont-lubi\/","url":"https:\/\/gazetteinfos.net\/index.php\/2026\/09\/02\/miabi-la-socico-alerte-sur-lexclusion-de-plusieurs-eleves-faute-de-pont-lubi\/","name":"Miabi : la SOCICO alerte sur l\u2019exclusion de plusieurs \u00e9l\u00e8ves faute de pont Lubi - Gazette Info","isPartOf":{"@id":"https:\/\/gazetteinfos.net\/#website"},"primaryImageOfPage":{"@id":"https:\/\/gazetteinfos.net\/index.php\/2026\/09\/02\/miabi-la-socico-alerte-sur-lexclusion-de-plusieurs-eleves-faute-de-pont-lubi\/#primaryimage"},"image":{"@id":"https:\/\/gazetteinfos.net\/index.php\/2026\/09\/02\/miabi-la-socico-alerte-sur-lexclusion-de-plusieurs-eleves-faute-de-pont-lubi\/#primaryimage"},"thumbnailUrl":"https:\/\/gazetteinfos.net\/wp-content\/uploads\/2026\/09\/IMG-20260902-WA0026.jpg","datePublished":"2026-09-02T13:35:19+00:00","dateModified":"2026-09-02T14:26:42+00:00","breadcrumb":{"@id":"https:\/\/gazetteinfos.net\/index.php\/2026\/09\/02\/miabi-la-socico-alerte-sur-lexclusion-de-plusieurs-eleves-faute-de-pont-lubi\/#breadcrumb"},"inLanguage":"fr-FR","potentialAction":[{"@type":"ReadAction","target":["https:\/\/gazetteinfos.net\/index.php\/2026\/09\/02\/miabi-la-socico-alerte-sur-lexclusion-de-plusieurs-eleves-faute-de-pont-lubi\/"]}]},{"@type":"ImageObject","inLanguage":"fr-FR","@id":"https:\/\/gazetteinfos.net\/index.php\/2026\/09\/02\/miabi-la-socico-alerte-sur-lexclusion-de-plusieurs-eleves-faute-de-pont-lubi\/#primaryimage","url":"https:\/\/gazetteinfos.net\/wp-content\/uploads\/2026\/09\/IMG-20260902-WA0026.jpg","contentUrl":"https:\/\/gazetteinfos.net\/wp-content\/uploads\/2026\/09\/IMG-20260902-WA0026.jpg","width":540,"height":720},{"@type":"BreadcrumbList","@id":"https:\/\/gazetteinfos.net\/index.php\/2026\/09\/02\/miabi-la-socico-alerte-sur-lexclusion-de-plusieurs-eleves-faute-de-pont-lubi\/#breadcrumb","itemListElement":[{"@type":"ListItem","position":1,"name":"Home","item":"https:\/\/gazetteinfos.net\/index.php\/accueil\/?lang=fr"},{"@type":"ListItem","position":2,"name":"Miabi : la SOCICO alerte sur l\u2019exclusion de plusieurs \u00e9l\u00e8ves faute de pont Lubi"}]},{"@type":"WebSite","@id":"https:\/\/gazetteinfos.net\/#website","url":"https:\/\/gazetteinfos.net\/","name":"Gazette Info","description":"L&#039;actualit\u00e9 au galop du cheval.","publisher":{"@id":"https:\/\/gazetteinfos.net\/#organization"},"potentialAction":[{"@type":"SearchAction","target":{"@type":"EntryPoint","urlTemplate":"https:\/\/gazetteinfos.net\/?s={search_term_string}"},"query-input":{"@type":"PropertyValueSpecification","valueRequired":true,"valueName":"search_term_string"}}],"inLanguage":"fr-FR"},{"@type":"Organization","@id":"https:\/\/gazetteinfos.net\/#organization","name":"Gazette Info","url":"https:\/\/gazetteinfos.net\/","logo":{"@type":"ImageObject","inLanguage":"fr-FR","@id":"https:\/\/gazetteinfos.net\/#\/schema\/logo\/image\/","url":"https:\/\/gazetteinfos.net\/wp-content\/uploads\/2026\/08\/gazetteinfos-logo.png","contentUrl":"https:\/\/gazetteinfos.net\/wp-content\/uploads\/2026\/08\/gazetteinfos-logo.png","width":1000,"height":250,"caption":"Gazette Info"},"image":{"@id":"https:\/\/gazetteinfos.net\/#\/schema\/logo\/image\/"}},{"@type":"Person","@id":"https:\/\/gazetteinfos.net\/#\/schema\/person\/d73ae61684083b98fa750c4800983201","name":"gazettead2024gmailcom","image":{"@type":"ImageObject","inLanguage":"fr-FR","@id":"https:\/\/secure.gravatar.com\/avatar\/8048ee0a120df59b2e841e99cd89588ad9a8b630732b434146f25e14cc0a442f?s=96&d=mm&r=g","url":"https:\/\/secure.gravatar.com\/avatar\/8048ee0a120df59b2e841e99cd89588ad9a8b630732b434146f25e14cc0a442f?s=96&d=mm&r=g","contentUrl":"https:\/\/secure.gravatar.com\/avatar\/8048ee0a120df59b2e841e99cd89588ad9a8b630732b434146f25e14cc0a442f?s=96&d=mm&r=g","caption":"gazettead2024gmailcom"},"sameAs":["https:\/\/gazetteinfos.net"],"url":"https:\/\/gazetteinfos.net\/index.php\/author\/gazettead2024gmailcom\/"}]}},"_links":{"self":[{"href":"https:\/\/gazetteinfos.net\/index.php\/wp-json\/wp\/v2\/posts\/344","targetHints":{"allow":["GET"]}}],"collection":[{"href":"https:\/\/gazetteinfos.net\/index.php\/wp-json\/wp\/v2\/posts"}],"about":[{"href":"https:\/\/gazetteinfos.net\/index.php\/wp-json\/wp\/v2\/types\/post"}],"author":[{"embeddable":true,"href":"https:\/\/gazetteinfos.net\/index.php\/wp-json\/wp\/v2\/users\/1"}],"replies":[{"embeddable":true,"href":"https:\/\/gazetteinfos.net\/index.php\/wp-json\/wp\/v2\/comments?post=344"}],"version-history":[{"count":2,"href":"https:\/\/gazetteinfos.net\/index.php\/wp-json\/wp\/v2\/posts\/344\/revisions"}],"predecessor-version":[{"id":348,"href":"https:\/\/gazetteinfos.net\/index.php\/wp-json\/wp\/v2\/posts\/344\/revisions\/348"}],"wp:featuredmedia":[{"embeddable":true,"href":"https:\/\/gazetteinfos.net\/index.php\/wp-json\/wp\/v2\/media\/345"}],"wp:attachment":[{"href":"https:\/\/gazetteinfos.net\/index.php\/wp-json\/wp\/v2\/media?parent=344"}],"wp:term":[{"taxonomy":"category","embeddable":true,"href":"https:\/\/gazetteinfos.net\/index.php\/wp-json\/wp\/v2\/categories?post=344"},{"taxonomy":"post_tag","embeddable":true,"href":"https:\/\/gazetteinfos.net\/index.php\/wp-json\/wp\/v2\/tags?post=344"},{"taxonomy":"gi_province","embeddable":true,"href":"https:\/\/gazetteinfos.net\/index.php\/wp-json\/wp\/v2\/gi_province?post=344"}],"curies":[{"name":"wp","href":"https:\/\/api.w.org\/{rel}","templated":true}]}}