{"id":341,"date":"2026-09-02T14:21:31","date_gmt":"2026-09-02T12:21:31","guid":{"rendered":"https:\/\/gazetteinfos.net\/?p=341"},"modified":"2026-09-02T14:21:34","modified_gmt":"2026-09-02T12:21:34","slug":"mbuji-mayi-une-panne-electrique-perturbe-la-desserte-en-eau-potable","status":"publish","type":"post","link":"https:\/\/gazetteinfos.net\/index.php\/2026\/09\/02\/mbuji-mayi-une-panne-electrique-perturbe-la-desserte-en-eau-potable\/","title":{"rendered":"Mbuji-Mayi : une panne \u00e9lectrique perturbe la desserte en eau potable"},"content":{"rendered":"\n<p class=\"wp-block-paragraph\">Mbuji-Mayi, 2 septembre 2026 \u2014 La desserte en eau potable conna\u00eet des perturbations dans la ville de Mbuji-Mayi, chef-lieu de la province du Kasa\u00ef Oriental, \u00e0 la suite d\u2019une panne d\u2019\u00e9lectricit\u00e9 survenue sur le r\u00e9seau moyenne tension de 15 kV de la Soci\u00e9t\u00e9 nationale d\u2019\u00e9lectricit\u00e9 (SNEL S.A.).\u200e\u200e<\/p>\n\n\n\n<p class=\"wp-block-paragraph\">Selon un communiqu\u00e9 officiel de la Direction g\u00e9n\u00e9rale de la R\u00e9gie de distribution d\u2019eau (R\u00e9gideso), parvenu mercredi \u00e0 gazetteinfos.net, la panne s\u2019est produite lundi 31 ao\u00fbt 2026 et affecte les principales installations de production et de distribution d\u2019eau de la ville.\u200e\u200e\u00ab Suite \u00e0 une panne survenue ce lundi 31 ao\u00fbt 2026 sur le r\u00e9seau moyenne tension 15 kV de la SNEL S.A., ses unit\u00e9s de production et distribution d\u2019eau de Lukelenge\/SP1 et de Bakwa Kapanga\/SP2 ne sont pas aliment\u00e9es en \u00e9lectricit\u00e9 \u00bb, pr\u00e9cise le communiqu\u00e9.\u200e\u200eCette interruption de l\u2019alimentation \u00e9lectrique a ainsi priv\u00e9 d\u2019\u00e9nergie les principales stations de traitement et de distribution d\u2019eau de Mbuji-Mayi, entra\u00eenant une r\u00e9duction du service aux usagers.<\/p>\n\n\n\n<p class=\"wp-block-paragraph\">\u200e\u200eFace \u00e0 cette situation, la R\u00e9gideso indique avoir activ\u00e9 ses groupes \u00e9lectrog\u00e8nes de secours afin de maintenir la desserte dans la mesure du possible. \u00ab N\u00e9anmoins, la R\u00e9gideso met en marche ses groupes \u00e9lectrog\u00e8nes (centrale thermique) de secours pour un service minimum pouvant \u00eatre \u00e9valu\u00e9 \u00e0 cinquante pourcents de la normale \u00bb, souligne la m\u00eame source.\u200e<\/p>\n\n\n\n<p class=\"wp-block-paragraph\"><strong><em>Denis BABI WA MULUMBA<\/em><\/strong> <\/p>\n","protected":false},"excerpt":{"rendered":"<p>Mbuji-Mayi, 2 septembre 2026 \u2014 La desserte en eau potable conna\u00eet des perturbations dans la ville de Mbuji-Mayi, chef-lieu de la province du Kasa\u00ef Oriental, \u00e0 la\u2026<\/p>\n","protected":false},"author":1,"featured_media":342,"comment_status":"open","ping_status":"open","sticky":false,"template":"","format":"standard","meta":{"footnotes":""},"categories":[1],"tags":[],"gi_province":[],"class_list":["post-341","post","type-post","status-publish","format-standard","has-post-thumbnail","hentry","category-non-classe"],"yoast_head":"<!-- This site is optimized with the Yoast SEO plugin v28.4 - https:\/\/yoast.com\/product\/yoast-seo-wordpress\/ -->\n<title>Mbuji-Mayi : une panne \u00e9lectrique perturbe la desserte en eau potable - Gazette Info<\/title>\n<meta name=\"robots\" content=\"index, follow, max-snippet:-1, max-image-preview:large, max-video-preview:-1\" \/>\n<link rel=\"canonical\" href=\"https:\/\/gazetteinfos.net\/index.php\/2026\/09\/02\/mbuji-mayi-une-panne-electrique-perturbe-la-desserte-en-eau-potable\/\" \/>\n<meta property=\"og:locale\" content=\"fr_FR\" \/>\n<meta property=\"og:type\" content=\"article\" \/>\n<meta property=\"og:title\" content=\"Mbuji-Mayi : une panne \u00e9lectrique perturbe la desserte en eau potable - Gazette Info\" \/>\n<meta property=\"og:description\" content=\"Mbuji-Mayi, 2 septembre 2026 \u2014 La desserte en eau potable conna\u00eet des perturbations dans la ville de Mbuji-Mayi, chef-lieu de la province du Kasa\u00ef Oriental, \u00e0 la\u2026\" \/>\n<meta property=\"og:url\" content=\"https:\/\/gazetteinfos.net\/index.php\/2026\/09\/02\/mbuji-mayi-une-panne-electrique-perturbe-la-desserte-en-eau-potable\/\" \/>\n<meta property=\"og:site_name\" content=\"Gazette Info\" \/>\n<meta property=\"article:published_time\" content=\"2026-09-02T12:21:31+00:00\" \/>\n<meta property=\"article:modified_time\" content=\"2026-09-02T12:21:34+00:00\" \/>\n<meta property=\"og:image\" content=\"https:\/\/gazetteinfos.net\/wp-content\/uploads\/2026\/09\/1788351214537.jpg\" \/>\n\t<meta property=\"og:image:width\" content=\"720\" \/>\n\t<meta property=\"og:image:height\" content=\"405\" \/>\n\t<meta property=\"og:image:type\" content=\"image\/jpeg\" \/>\n<meta name=\"author\" content=\"gazettead2024gmailcom\" \/>\n<meta name=\"twitter:card\" content=\"summary_large_image\" \/>\n<meta name=\"twitter:label1\" content=\"\u00c9crit par\" \/>\n\t<meta name=\"twitter:data1\" content=\"gazettead2024gmailcom\" \/>\n\t<meta name=\"twitter:label2\" content=\"Dur\u00e9e de lecture estim\u00e9e\" \/>\n\t<meta name=\"twitter:data2\" content=\"2 minutes\" \/>\n<script type=\"application\/ld+json\" class=\"yoast-schema-graph\">{\"@context\":\"https:\\\/\\\/schema.org\",\"@graph\":[{\"@type\":\"Article\",\"@id\":\"https:\\\/\\\/gazetteinfos.net\\\/index.php\\\/2026\\\/09\\\/02\\\/mbuji-mayi-une-panne-electrique-perturbe-la-desserte-en-eau-potable\\\/#article\",\"isPartOf\":{\"@id\":\"https:\\\/\\\/gazetteinfos.net\\\/index.php\\\/2026\\\/09\\\/02\\\/mbuji-mayi-une-panne-electrique-perturbe-la-desserte-en-eau-potable\\\/\"},\"author\":{\"name\":\"gazettead2024gmailcom\",\"@id\":\"https:\\\/\\\/gazetteinfos.net\\\/#\\\/schema\\\/person\\\/d73ae61684083b98fa750c4800983201\"},\"headline\":\"Mbuji-Mayi : une panne \u00e9lectrique perturbe la desserte en eau potable\",\"datePublished\":\"2026-09-02T12:21:31+00:00\",\"dateModified\":\"2026-09-02T12:21:34+00:00\",\"mainEntityOfPage\":{\"@id\":\"https:\\\/\\\/gazetteinfos.net\\\/index.php\\\/2026\\\/09\\\/02\\\/mbuji-mayi-une-panne-electrique-perturbe-la-desserte-en-eau-potable\\\/\"},\"wordCount\":248,\"commentCount\":0,\"publisher\":{\"@id\":\"https:\\\/\\\/gazetteinfos.net\\\/#organization\"},\"image\":{\"@id\":\"https:\\\/\\\/gazetteinfos.net\\\/index.php\\\/2026\\\/09\\\/02\\\/mbuji-mayi-une-panne-electrique-perturbe-la-desserte-en-eau-potable\\\/#primaryimage\"},\"thumbnailUrl\":\"https:\\\/\\\/gazetteinfos.net\\\/wp-content\\\/uploads\\\/2026\\\/09\\\/1788351214537.jpg\",\"inLanguage\":\"fr-FR\",\"potentialAction\":[{\"@type\":\"CommentAction\",\"name\":\"Comment\",\"target\":[\"https:\\\/\\\/gazetteinfos.net\\\/index.php\\\/2026\\\/09\\\/02\\\/mbuji-mayi-une-panne-electrique-perturbe-la-desserte-en-eau-potable\\\/#respond\"]}]},{\"@type\":\"WebPage\",\"@id\":\"https:\\\/\\\/gazetteinfos.net\\\/index.php\\\/2026\\\/09\\\/02\\\/mbuji-mayi-une-panne-electrique-perturbe-la-desserte-en-eau-potable\\\/\",\"url\":\"https:\\\/\\\/gazetteinfos.net\\\/index.php\\\/2026\\\/09\\\/02\\\/mbuji-mayi-une-panne-electrique-perturbe-la-desserte-en-eau-potable\\\/\",\"name\":\"Mbuji-Mayi : une panne \u00e9lectrique perturbe la desserte en eau potable - Gazette Info\",\"isPartOf\":{\"@id\":\"https:\\\/\\\/gazetteinfos.net\\\/#website\"},\"primaryImageOfPage\":{\"@id\":\"https:\\\/\\\/gazetteinfos.net\\\/index.php\\\/2026\\\/09\\\/02\\\/mbuji-mayi-une-panne-electrique-perturbe-la-desserte-en-eau-potable\\\/#primaryimage\"},\"image\":{\"@id\":\"https:\\\/\\\/gazetteinfos.net\\\/index.php\\\/2026\\\/09\\\/02\\\/mbuji-mayi-une-panne-electrique-perturbe-la-desserte-en-eau-potable\\\/#primaryimage\"},\"thumbnailUrl\":\"https:\\\/\\\/gazetteinfos.net\\\/wp-content\\\/uploads\\\/2026\\\/09\\\/1788351214537.jpg\",\"datePublished\":\"2026-09-02T12:21:31+00:00\",\"dateModified\":\"2026-09-02T12:21:34+00:00\",\"breadcrumb\":{\"@id\":\"https:\\\/\\\/gazetteinfos.net\\\/index.php\\\/2026\\\/09\\\/02\\\/mbuji-mayi-une-panne-electrique-perturbe-la-desserte-en-eau-potable\\\/#breadcrumb\"},\"inLanguage\":\"fr-FR\",\"potentialAction\":[{\"@type\":\"ReadAction\",\"target\":[\"https:\\\/\\\/gazetteinfos.net\\\/index.php\\\/2026\\\/09\\\/02\\\/mbuji-mayi-une-panne-electrique-perturbe-la-desserte-en-eau-potable\\\/\"]}]},{\"@type\":\"ImageObject\",\"inLanguage\":\"fr-FR\",\"@id\":\"https:\\\/\\\/gazetteinfos.net\\\/index.php\\\/2026\\\/09\\\/02\\\/mbuji-mayi-une-panne-electrique-perturbe-la-desserte-en-eau-potable\\\/#primaryimage\",\"url\":\"https:\\\/\\\/gazetteinfos.net\\\/wp-content\\\/uploads\\\/2026\\\/09\\\/1788351214537.jpg\",\"contentUrl\":\"https:\\\/\\\/gazetteinfos.net\\\/wp-content\\\/uploads\\\/2026\\\/09\\\/1788351214537.jpg\",\"width\":720,\"height\":405},{\"@type\":\"BreadcrumbList\",\"@id\":\"https:\\\/\\\/gazetteinfos.net\\\/index.php\\\/2026\\\/09\\\/02\\\/mbuji-mayi-une-panne-electrique-perturbe-la-desserte-en-eau-potable\\\/#breadcrumb\",\"itemListElement\":[{\"@type\":\"ListItem\",\"position\":1,\"name\":\"Home\",\"item\":\"https:\\\/\\\/gazetteinfos.net\\\/index.php\\\/accueil\\\/?lang=fr\"},{\"@type\":\"ListItem\",\"position\":2,\"name\":\"Mbuji-Mayi : une panne \u00e9lectrique perturbe la desserte en eau potable\"}]},{\"@type\":\"WebSite\",\"@id\":\"https:\\\/\\\/gazetteinfos.net\\\/#website\",\"url\":\"https:\\\/\\\/gazetteinfos.net\\\/\",\"name\":\"Gazette Info\",\"description\":\"L&#039;actualit\u00e9 au galop du cheval.\",\"publisher\":{\"@id\":\"https:\\\/\\\/gazetteinfos.net\\\/#organization\"},\"potentialAction\":[{\"@type\":\"SearchAction\",\"target\":{\"@type\":\"EntryPoint\",\"urlTemplate\":\"https:\\\/\\\/gazetteinfos.net\\\/?s={search_term_string}\"},\"query-input\":{\"@type\":\"PropertyValueSpecification\",\"valueRequired\":true,\"valueName\":\"search_term_string\"}}],\"inLanguage\":\"fr-FR\"},{\"@type\":\"Organization\",\"@id\":\"https:\\\/\\\/gazetteinfos.net\\\/#organization\",\"name\":\"Gazette Info\",\"url\":\"https:\\\/\\\/gazetteinfos.net\\\/\",\"logo\":{\"@type\":\"ImageObject\",\"inLanguage\":\"fr-FR\",\"@id\":\"https:\\\/\\\/gazetteinfos.net\\\/#\\\/schema\\\/logo\\\/image\\\/\",\"url\":\"https:\\\/\\\/gazetteinfos.net\\\/wp-content\\\/uploads\\\/2026\\\/08\\\/gazetteinfos-logo.png\",\"contentUrl\":\"https:\\\/\\\/gazetteinfos.net\\\/wp-content\\\/uploads\\\/2026\\\/08\\\/gazetteinfos-logo.png\",\"width\":1000,\"height\":250,\"caption\":\"Gazette Info\"},\"image\":{\"@id\":\"https:\\\/\\\/gazetteinfos.net\\\/#\\\/schema\\\/logo\\\/image\\\/\"}},{\"@type\":\"Person\",\"@id\":\"https:\\\/\\\/gazetteinfos.net\\\/#\\\/schema\\\/person\\\/d73ae61684083b98fa750c4800983201\",\"name\":\"gazettead2024gmailcom\",\"image\":{\"@type\":\"ImageObject\",\"inLanguage\":\"fr-FR\",\"@id\":\"https:\\\/\\\/secure.gravatar.com\\\/avatar\\\/8048ee0a120df59b2e841e99cd89588ad9a8b630732b434146f25e14cc0a442f?s=96&d=mm&r=g\",\"url\":\"https:\\\/\\\/secure.gravatar.com\\\/avatar\\\/8048ee0a120df59b2e841e99cd89588ad9a8b630732b434146f25e14cc0a442f?s=96&d=mm&r=g\",\"contentUrl\":\"https:\\\/\\\/secure.gravatar.com\\\/avatar\\\/8048ee0a120df59b2e841e99cd89588ad9a8b630732b434146f25e14cc0a442f?s=96&d=mm&r=g\",\"caption\":\"gazettead2024gmailcom\"},\"sameAs\":[\"https:\\\/\\\/gazetteinfos.net\"],\"url\":\"https:\\\/\\\/gazetteinfos.net\\\/index.php\\\/author\\\/gazettead2024gmailcom\\\/\"}]}<\/script>\n<!-- \/ Yoast SEO plugin. -->","yoast_head_json":{"title":"Mbuji-Mayi : une panne \u00e9lectrique perturbe la desserte en eau potable - Gazette Info","robots":{"index":"index","follow":"follow","max-snippet":"max-snippet:-1","max-image-preview":"max-image-preview:large","max-video-preview":"max-video-preview:-1"},"canonical":"https:\/\/gazetteinfos.net\/index.php\/2026\/09\/02\/mbuji-mayi-une-panne-electrique-perturbe-la-desserte-en-eau-potable\/","og_locale":"fr_FR","og_type":"article","og_title":"Mbuji-Mayi : une panne \u00e9lectrique perturbe la desserte en eau potable - Gazette Info","og_description":"Mbuji-Mayi, 2 septembre 2026 \u2014 La desserte en eau potable conna\u00eet des perturbations dans la ville de Mbuji-Mayi, chef-lieu de la province du Kasa\u00ef Oriental, \u00e0 la\u2026","og_url":"https:\/\/gazetteinfos.net\/index.php\/2026\/09\/02\/mbuji-mayi-une-panne-electrique-perturbe-la-desserte-en-eau-potable\/","og_site_name":"Gazette Info","article_published_time":"2026-09-02T12:21:31+00:00","article_modified_time":"2026-09-02T12:21:34+00:00","og_image":[{"width":720,"height":405,"url":"https:\/\/gazetteinfos.net\/wp-content\/uploads\/2026\/09\/1788351214537.jpg","type":"image\/jpeg"}],"author":"gazettead2024gmailcom","twitter_card":"summary_large_image","twitter_misc":{"\u00c9crit par":"gazettead2024gmailcom","Dur\u00e9e de lecture estim\u00e9e":"2 minutes"},"schema":{"@context":"https:\/\/schema.org","@graph":[{"@type":"Article","@id":"https:\/\/gazetteinfos.net\/index.php\/2026\/09\/02\/mbuji-mayi-une-panne-electrique-perturbe-la-desserte-en-eau-potable\/#article","isPartOf":{"@id":"https:\/\/gazetteinfos.net\/index.php\/2026\/09\/02\/mbuji-mayi-une-panne-electrique-perturbe-la-desserte-en-eau-potable\/"},"author":{"name":"gazettead2024gmailcom","@id":"https:\/\/gazetteinfos.net\/#\/schema\/person\/d73ae61684083b98fa750c4800983201"},"headline":"Mbuji-Mayi : une panne \u00e9lectrique perturbe la desserte en eau potable","datePublished":"2026-09-02T12:21:31+00:00","dateModified":"2026-09-02T12:21:34+00:00","mainEntityOfPage":{"@id":"https:\/\/gazetteinfos.net\/index.php\/2026\/09\/02\/mbuji-mayi-une-panne-electrique-perturbe-la-desserte-en-eau-potable\/"},"wordCount":248,"commentCount":0,"publisher":{"@id":"https:\/\/gazetteinfos.net\/#organization"},"image":{"@id":"https:\/\/gazetteinfos.net\/index.php\/2026\/09\/02\/mbuji-mayi-une-panne-electrique-perturbe-la-desserte-en-eau-potable\/#primaryimage"},"thumbnailUrl":"https:\/\/gazetteinfos.net\/wp-content\/uploads\/2026\/09\/1788351214537.jpg","inLanguage":"fr-FR","potentialAction":[{"@type":"CommentAction","name":"Comment","target":["https:\/\/gazetteinfos.net\/index.php\/2026\/09\/02\/mbuji-mayi-une-panne-electrique-perturbe-la-desserte-en-eau-potable\/#respond"]}]},{"@type":"WebPage","@id":"https:\/\/gazetteinfos.net\/index.php\/2026\/09\/02\/mbuji-mayi-une-panne-electrique-perturbe-la-desserte-en-eau-potable\/","url":"https:\/\/gazetteinfos.net\/index.php\/2026\/09\/02\/mbuji-mayi-une-panne-electrique-perturbe-la-desserte-en-eau-potable\/","name":"Mbuji-Mayi : une panne \u00e9lectrique perturbe la desserte en eau potable - Gazette Info","isPartOf":{"@id":"https:\/\/gazetteinfos.net\/#website"},"primaryImageOfPage":{"@id":"https:\/\/gazetteinfos.net\/index.php\/2026\/09\/02\/mbuji-mayi-une-panne-electrique-perturbe-la-desserte-en-eau-potable\/#primaryimage"},"image":{"@id":"https:\/\/gazetteinfos.net\/index.php\/2026\/09\/02\/mbuji-mayi-une-panne-electrique-perturbe-la-desserte-en-eau-potable\/#primaryimage"},"thumbnailUrl":"https:\/\/gazetteinfos.net\/wp-content\/uploads\/2026\/09\/1788351214537.jpg","datePublished":"2026-09-02T12:21:31+00:00","dateModified":"2026-09-02T12:21:34+00:00","breadcrumb":{"@id":"https:\/\/gazetteinfos.net\/index.php\/2026\/09\/02\/mbuji-mayi-une-panne-electrique-perturbe-la-desserte-en-eau-potable\/#breadcrumb"},"inLanguage":"fr-FR","potentialAction":[{"@type":"ReadAction","target":["https:\/\/gazetteinfos.net\/index.php\/2026\/09\/02\/mbuji-mayi-une-panne-electrique-perturbe-la-desserte-en-eau-potable\/"]}]},{"@type":"ImageObject","inLanguage":"fr-FR","@id":"https:\/\/gazetteinfos.net\/index.php\/2026\/09\/02\/mbuji-mayi-une-panne-electrique-perturbe-la-desserte-en-eau-potable\/#primaryimage","url":"https:\/\/gazetteinfos.net\/wp-content\/uploads\/2026\/09\/1788351214537.jpg","contentUrl":"https:\/\/gazetteinfos.net\/wp-content\/uploads\/2026\/09\/1788351214537.jpg","width":720,"height":405},{"@type":"BreadcrumbList","@id":"https:\/\/gazetteinfos.net\/index.php\/2026\/09\/02\/mbuji-mayi-une-panne-electrique-perturbe-la-desserte-en-eau-potable\/#breadcrumb","itemListElement":[{"@type":"ListItem","position":1,"name":"Home","item":"https:\/\/gazetteinfos.net\/index.php\/accueil\/?lang=fr"},{"@type":"ListItem","position":2,"name":"Mbuji-Mayi : une panne \u00e9lectrique perturbe la desserte en eau potable"}]},{"@type":"WebSite","@id":"https:\/\/gazetteinfos.net\/#website","url":"https:\/\/gazetteinfos.net\/","name":"Gazette Info","description":"L&#039;actualit\u00e9 au galop du cheval.","publisher":{"@id":"https:\/\/gazetteinfos.net\/#organization"},"potentialAction":[{"@type":"SearchAction","target":{"@type":"EntryPoint","urlTemplate":"https:\/\/gazetteinfos.net\/?s={search_term_string}"},"query-input":{"@type":"PropertyValueSpecification","valueRequired":true,"valueName":"search_term_string"}}],"inLanguage":"fr-FR"},{"@type":"Organization","@id":"https:\/\/gazetteinfos.net\/#organization","name":"Gazette Info","url":"https:\/\/gazetteinfos.net\/","logo":{"@type":"ImageObject","inLanguage":"fr-FR","@id":"https:\/\/gazetteinfos.net\/#\/schema\/logo\/image\/","url":"https:\/\/gazetteinfos.net\/wp-content\/uploads\/2026\/08\/gazetteinfos-logo.png","contentUrl":"https:\/\/gazetteinfos.net\/wp-content\/uploads\/2026\/08\/gazetteinfos-logo.png","width":1000,"height":250,"caption":"Gazette Info"},"image":{"@id":"https:\/\/gazetteinfos.net\/#\/schema\/logo\/image\/"}},{"@type":"Person","@id":"https:\/\/gazetteinfos.net\/#\/schema\/person\/d73ae61684083b98fa750c4800983201","name":"gazettead2024gmailcom","image":{"@type":"ImageObject","inLanguage":"fr-FR","@id":"https:\/\/secure.gravatar.com\/avatar\/8048ee0a120df59b2e841e99cd89588ad9a8b630732b434146f25e14cc0a442f?s=96&d=mm&r=g","url":"https:\/\/secure.gravatar.com\/avatar\/8048ee0a120df59b2e841e99cd89588ad9a8b630732b434146f25e14cc0a442f?s=96&d=mm&r=g","contentUrl":"https:\/\/secure.gravatar.com\/avatar\/8048ee0a120df59b2e841e99cd89588ad9a8b630732b434146f25e14cc0a442f?s=96&d=mm&r=g","caption":"gazettead2024gmailcom"},"sameAs":["https:\/\/gazetteinfos.net"],"url":"https:\/\/gazetteinfos.net\/index.php\/author\/gazettead2024gmailcom\/"}]}},"_links":{"self":[{"href":"https:\/\/gazetteinfos.net\/index.php\/wp-json\/wp\/v2\/posts\/341","targetHints":{"allow":["GET"]}}],"collection":[{"href":"https:\/\/gazetteinfos.net\/index.php\/wp-json\/wp\/v2\/posts"}],"about":[{"href":"https:\/\/gazetteinfos.net\/index.php\/wp-json\/wp\/v2\/types\/post"}],"author":[{"embeddable":true,"href":"https:\/\/gazetteinfos.net\/index.php\/wp-json\/wp\/v2\/users\/1"}],"replies":[{"embeddable":true,"href":"https:\/\/gazetteinfos.net\/index.php\/wp-json\/wp\/v2\/comments?post=341"}],"version-history":[{"count":1,"href":"https:\/\/gazetteinfos.net\/index.php\/wp-json\/wp\/v2\/posts\/341\/revisions"}],"predecessor-version":[{"id":343,"href":"https:\/\/gazetteinfos.net\/index.php\/wp-json\/wp\/v2\/posts\/341\/revisions\/343"}],"wp:featuredmedia":[{"embeddable":true,"href":"https:\/\/gazetteinfos.net\/index.php\/wp-json\/wp\/v2\/media\/342"}],"wp:attachment":[{"href":"https:\/\/gazetteinfos.net\/index.php\/wp-json\/wp\/v2\/media?parent=341"}],"wp:term":[{"taxonomy":"category","embeddable":true,"href":"https:\/\/gazetteinfos.net\/index.php\/wp-json\/wp\/v2\/categories?post=341"},{"taxonomy":"post_tag","embeddable":true,"href":"https:\/\/gazetteinfos.net\/index.php\/wp-json\/wp\/v2\/tags?post=341"},{"taxonomy":"gi_province","embeddable":true,"href":"https:\/\/gazetteinfos.net\/index.php\/wp-json\/wp\/v2\/gi_province?post=341"}],"curies":[{"name":"wp","href":"https:\/\/api.w.org\/{rel}","templated":true}]}}