{"id":337,"date":"2026-09-02T13:59:37","date_gmt":"2026-09-02T11:59:37","guid":{"rendered":"https:\/\/gazetteinfos.net\/?p=337"},"modified":"2026-09-02T13:59:41","modified_gmt":"2026-09-02T11:59:41","slug":"proces-frivao-le-verdict-de-constant-mutamba-reporte-au-7-septembre","status":"publish","type":"post","link":"https:\/\/gazetteinfos.net\/index.php\/2026\/09\/02\/proces-frivao-le-verdict-de-constant-mutamba-reporte-au-7-septembre\/","title":{"rendered":"Proc\u00e8s FRIVAO : le verdict de Constant Mutamba report\u00e9 au 7 septembre\u200e"},"content":{"rendered":"\n<p class=\"wp-block-paragraph\">Kinshasa \u2014 Le verdict tr\u00e8s attendu dans le proc\u00e8s impliquant l\u2019ancien ministre de la Justice, Constant Mutamba, ne sera finalement pas rendu ce mercredi 2 septembre comme initialement attendu.\u200e\u200eLa Cour de cassation a d\u00e9cid\u00e9 de reporter le prononc\u00e9 de sa d\u00e9cision au lundi 7 septembre prochain, accordant ainsi un d\u00e9lai suppl\u00e9mentaire aux juges pour poursuivre l\u2019examen du dossier et approfondir leur r\u00e9flexion avant de se prononcer.\u200e\u200e<\/p>\n\n\n\n<p class=\"wp-block-paragraph\">Ce nouveau report intervient alors que l\u2019attention reste particuli\u00e8rement concentr\u00e9e sur cette affaire portant sur des faits li\u00e9s \u00e0 la gestion des fonds du Fonds de r\u00e9paration et d\u2019indemnisation des victimes des activit\u00e9s illicites de l\u2019Ouganda (FRIVAO).<\/p>\n\n\n\n<p class=\"wp-block-paragraph\">\u200e\u200eL\u2019annonce de ce report prolonge donc l\u2019attente autour de Constant Mutamba, alors que les diff\u00e9rentes parties au proc\u00e8s restent dans l\u2019attente de la d\u00e9cision de la haute juridiction.\u200e<\/p>\n\n\n\n<p class=\"wp-block-paragraph\"><strong><em>Redaction<\/em><\/strong><\/p>\n","protected":false},"excerpt":{"rendered":"<p>Kinshasa \u2014 Le verdict tr\u00e8s attendu dans le proc\u00e8s impliquant l\u2019ancien ministre de la Justice, Constant Mutamba, ne sera finalement pas rendu ce mercredi 2 septembre comme\u2026<\/p>\n","protected":false},"author":1,"featured_media":338,"comment_status":"open","ping_status":"open","sticky":false,"template":"","format":"standard","meta":{"footnotes":""},"categories":[2],"tags":[],"gi_province":[16],"class_list":["post-337","post","type-post","status-publish","format-standard","has-post-thumbnail","hentry","category-actualite","gi_province-kinshasa"],"yoast_head":"<!-- This site is optimized with the Yoast SEO plugin v28.4 - https:\/\/yoast.com\/product\/yoast-seo-wordpress\/ -->\n<title>Proc\u00e8s FRIVAO : le verdict de Constant Mutamba report\u00e9 au 7 septembre\u200e - Gazette Info<\/title>\n<meta name=\"robots\" content=\"index, follow, max-snippet:-1, max-image-preview:large, max-video-preview:-1\" \/>\n<link rel=\"canonical\" href=\"https:\/\/gazetteinfos.net\/index.php\/2026\/09\/02\/proces-frivao-le-verdict-de-constant-mutamba-reporte-au-7-septembre\/\" \/>\n<meta property=\"og:locale\" content=\"fr_FR\" \/>\n<meta property=\"og:type\" content=\"article\" \/>\n<meta property=\"og:title\" content=\"Proc\u00e8s FRIVAO : le verdict de Constant Mutamba report\u00e9 au 7 septembre\u200e - Gazette Info\" \/>\n<meta property=\"og:description\" content=\"Kinshasa \u2014 Le verdict tr\u00e8s attendu dans le proc\u00e8s impliquant l\u2019ancien ministre de la Justice, Constant Mutamba, ne sera finalement pas rendu ce mercredi 2 septembre comme\u2026\" \/>\n<meta property=\"og:url\" content=\"https:\/\/gazetteinfos.net\/index.php\/2026\/09\/02\/proces-frivao-le-verdict-de-constant-mutamba-reporte-au-7-septembre\/\" \/>\n<meta property=\"og:site_name\" content=\"Gazette Info\" \/>\n<meta property=\"article:published_time\" content=\"2026-09-02T11:59:37+00:00\" \/>\n<meta property=\"article:modified_time\" content=\"2026-09-02T11:59:41+00:00\" \/>\n<meta property=\"og:image\" content=\"https:\/\/gazetteinfos.net\/wp-content\/uploads\/2026\/09\/1788349754617.jpg\" \/>\n\t<meta property=\"og:image:width\" content=\"711\" \/>\n\t<meta property=\"og:image:height\" content=\"473\" \/>\n\t<meta property=\"og:image:type\" content=\"image\/jpeg\" \/>\n<meta name=\"author\" content=\"gazettead2024gmailcom\" \/>\n<meta name=\"twitter:card\" content=\"summary_large_image\" \/>\n<meta name=\"twitter:label1\" content=\"\u00c9crit par\" \/>\n\t<meta name=\"twitter:data1\" content=\"gazettead2024gmailcom\" \/>\n\t<meta name=\"twitter:label2\" content=\"Dur\u00e9e de lecture estim\u00e9e\" \/>\n\t<meta name=\"twitter:data2\" content=\"1 minute\" \/>\n<script type=\"application\/ld+json\" class=\"yoast-schema-graph\">{\"@context\":\"https:\\\/\\\/schema.org\",\"@graph\":[{\"@type\":\"Article\",\"@id\":\"https:\\\/\\\/gazetteinfos.net\\\/index.php\\\/2026\\\/09\\\/02\\\/proces-frivao-le-verdict-de-constant-mutamba-reporte-au-7-septembre\\\/#article\",\"isPartOf\":{\"@id\":\"https:\\\/\\\/gazetteinfos.net\\\/index.php\\\/2026\\\/09\\\/02\\\/proces-frivao-le-verdict-de-constant-mutamba-reporte-au-7-septembre\\\/\"},\"author\":{\"name\":\"gazettead2024gmailcom\",\"@id\":\"https:\\\/\\\/gazetteinfos.net\\\/#\\\/schema\\\/person\\\/d73ae61684083b98fa750c4800983201\"},\"headline\":\"Proc\u00e8s FRIVAO : le verdict de Constant Mutamba report\u00e9 au 7 septembre\u200e\",\"datePublished\":\"2026-09-02T11:59:37+00:00\",\"dateModified\":\"2026-09-02T11:59:41+00:00\",\"mainEntityOfPage\":{\"@id\":\"https:\\\/\\\/gazetteinfos.net\\\/index.php\\\/2026\\\/09\\\/02\\\/proces-frivao-le-verdict-de-constant-mutamba-reporte-au-7-septembre\\\/\"},\"wordCount\":163,\"commentCount\":0,\"publisher\":{\"@id\":\"https:\\\/\\\/gazetteinfos.net\\\/#organization\"},\"image\":{\"@id\":\"https:\\\/\\\/gazetteinfos.net\\\/index.php\\\/2026\\\/09\\\/02\\\/proces-frivao-le-verdict-de-constant-mutamba-reporte-au-7-septembre\\\/#primaryimage\"},\"thumbnailUrl\":\"https:\\\/\\\/gazetteinfos.net\\\/wp-content\\\/uploads\\\/2026\\\/09\\\/1788349754617.jpg\",\"articleSection\":[\"Actualit\u00e9\"],\"inLanguage\":\"fr-FR\",\"potentialAction\":[{\"@type\":\"CommentAction\",\"name\":\"Comment\",\"target\":[\"https:\\\/\\\/gazetteinfos.net\\\/index.php\\\/2026\\\/09\\\/02\\\/proces-frivao-le-verdict-de-constant-mutamba-reporte-au-7-septembre\\\/#respond\"]}]},{\"@type\":\"WebPage\",\"@id\":\"https:\\\/\\\/gazetteinfos.net\\\/index.php\\\/2026\\\/09\\\/02\\\/proces-frivao-le-verdict-de-constant-mutamba-reporte-au-7-septembre\\\/\",\"url\":\"https:\\\/\\\/gazetteinfos.net\\\/index.php\\\/2026\\\/09\\\/02\\\/proces-frivao-le-verdict-de-constant-mutamba-reporte-au-7-septembre\\\/\",\"name\":\"Proc\u00e8s FRIVAO : le verdict de Constant Mutamba report\u00e9 au 7 septembre\u200e - Gazette Info\",\"isPartOf\":{\"@id\":\"https:\\\/\\\/gazetteinfos.net\\\/#website\"},\"primaryImageOfPage\":{\"@id\":\"https:\\\/\\\/gazetteinfos.net\\\/index.php\\\/2026\\\/09\\\/02\\\/proces-frivao-le-verdict-de-constant-mutamba-reporte-au-7-septembre\\\/#primaryimage\"},\"image\":{\"@id\":\"https:\\\/\\\/gazetteinfos.net\\\/index.php\\\/2026\\\/09\\\/02\\\/proces-frivao-le-verdict-de-constant-mutamba-reporte-au-7-septembre\\\/#primaryimage\"},\"thumbnailUrl\":\"https:\\\/\\\/gazetteinfos.net\\\/wp-content\\\/uploads\\\/2026\\\/09\\\/1788349754617.jpg\",\"datePublished\":\"2026-09-02T11:59:37+00:00\",\"dateModified\":\"2026-09-02T11:59:41+00:00\",\"breadcrumb\":{\"@id\":\"https:\\\/\\\/gazetteinfos.net\\\/index.php\\\/2026\\\/09\\\/02\\\/proces-frivao-le-verdict-de-constant-mutamba-reporte-au-7-septembre\\\/#breadcrumb\"},\"inLanguage\":\"fr-FR\",\"potentialAction\":[{\"@type\":\"ReadAction\",\"target\":[\"https:\\\/\\\/gazetteinfos.net\\\/index.php\\\/2026\\\/09\\\/02\\\/proces-frivao-le-verdict-de-constant-mutamba-reporte-au-7-septembre\\\/\"]}]},{\"@type\":\"ImageObject\",\"inLanguage\":\"fr-FR\",\"@id\":\"https:\\\/\\\/gazetteinfos.net\\\/index.php\\\/2026\\\/09\\\/02\\\/proces-frivao-le-verdict-de-constant-mutamba-reporte-au-7-septembre\\\/#primaryimage\",\"url\":\"https:\\\/\\\/gazetteinfos.net\\\/wp-content\\\/uploads\\\/2026\\\/09\\\/1788349754617.jpg\",\"contentUrl\":\"https:\\\/\\\/gazetteinfos.net\\\/wp-content\\\/uploads\\\/2026\\\/09\\\/1788349754617.jpg\",\"width\":711,\"height\":473},{\"@type\":\"BreadcrumbList\",\"@id\":\"https:\\\/\\\/gazetteinfos.net\\\/index.php\\\/2026\\\/09\\\/02\\\/proces-frivao-le-verdict-de-constant-mutamba-reporte-au-7-septembre\\\/#breadcrumb\",\"itemListElement\":[{\"@type\":\"ListItem\",\"position\":1,\"name\":\"Home\",\"item\":\"https:\\\/\\\/gazetteinfos.net\\\/index.php\\\/accueil\\\/?lang=fr\"},{\"@type\":\"ListItem\",\"position\":2,\"name\":\"Proc\u00e8s FRIVAO : le verdict de Constant Mutamba report\u00e9 au 7 septembre\u200e\"}]},{\"@type\":\"WebSite\",\"@id\":\"https:\\\/\\\/gazetteinfos.net\\\/#website\",\"url\":\"https:\\\/\\\/gazetteinfos.net\\\/\",\"name\":\"Gazette Info\",\"description\":\"L&#039;actualit\u00e9 au galop du cheval.\",\"publisher\":{\"@id\":\"https:\\\/\\\/gazetteinfos.net\\\/#organization\"},\"potentialAction\":[{\"@type\":\"SearchAction\",\"target\":{\"@type\":\"EntryPoint\",\"urlTemplate\":\"https:\\\/\\\/gazetteinfos.net\\\/?s={search_term_string}\"},\"query-input\":{\"@type\":\"PropertyValueSpecification\",\"valueRequired\":true,\"valueName\":\"search_term_string\"}}],\"inLanguage\":\"fr-FR\"},{\"@type\":\"Organization\",\"@id\":\"https:\\\/\\\/gazetteinfos.net\\\/#organization\",\"name\":\"Gazette Info\",\"url\":\"https:\\\/\\\/gazetteinfos.net\\\/\",\"logo\":{\"@type\":\"ImageObject\",\"inLanguage\":\"fr-FR\",\"@id\":\"https:\\\/\\\/gazetteinfos.net\\\/#\\\/schema\\\/logo\\\/image\\\/\",\"url\":\"https:\\\/\\\/gazetteinfos.net\\\/wp-content\\\/uploads\\\/2026\\\/08\\\/gazetteinfos-logo.png\",\"contentUrl\":\"https:\\\/\\\/gazetteinfos.net\\\/wp-content\\\/uploads\\\/2026\\\/08\\\/gazetteinfos-logo.png\",\"width\":1000,\"height\":250,\"caption\":\"Gazette Info\"},\"image\":{\"@id\":\"https:\\\/\\\/gazetteinfos.net\\\/#\\\/schema\\\/logo\\\/image\\\/\"}},{\"@type\":\"Person\",\"@id\":\"https:\\\/\\\/gazetteinfos.net\\\/#\\\/schema\\\/person\\\/d73ae61684083b98fa750c4800983201\",\"name\":\"gazettead2024gmailcom\",\"image\":{\"@type\":\"ImageObject\",\"inLanguage\":\"fr-FR\",\"@id\":\"https:\\\/\\\/secure.gravatar.com\\\/avatar\\\/8048ee0a120df59b2e841e99cd89588ad9a8b630732b434146f25e14cc0a442f?s=96&d=mm&r=g\",\"url\":\"https:\\\/\\\/secure.gravatar.com\\\/avatar\\\/8048ee0a120df59b2e841e99cd89588ad9a8b630732b434146f25e14cc0a442f?s=96&d=mm&r=g\",\"contentUrl\":\"https:\\\/\\\/secure.gravatar.com\\\/avatar\\\/8048ee0a120df59b2e841e99cd89588ad9a8b630732b434146f25e14cc0a442f?s=96&d=mm&r=g\",\"caption\":\"gazettead2024gmailcom\"},\"sameAs\":[\"https:\\\/\\\/gazetteinfos.net\"],\"url\":\"https:\\\/\\\/gazetteinfos.net\\\/index.php\\\/author\\\/gazettead2024gmailcom\\\/\"}]}<\/script>\n<!-- \/ Yoast SEO plugin. -->","yoast_head_json":{"title":"Proc\u00e8s FRIVAO : le verdict de Constant Mutamba report\u00e9 au 7 septembre\u200e - Gazette Info","robots":{"index":"index","follow":"follow","max-snippet":"max-snippet:-1","max-image-preview":"max-image-preview:large","max-video-preview":"max-video-preview:-1"},"canonical":"https:\/\/gazetteinfos.net\/index.php\/2026\/09\/02\/proces-frivao-le-verdict-de-constant-mutamba-reporte-au-7-septembre\/","og_locale":"fr_FR","og_type":"article","og_title":"Proc\u00e8s FRIVAO : le verdict de Constant Mutamba report\u00e9 au 7 septembre\u200e - Gazette Info","og_description":"Kinshasa \u2014 Le verdict tr\u00e8s attendu dans le proc\u00e8s impliquant l\u2019ancien ministre de la Justice, Constant Mutamba, ne sera finalement pas rendu ce mercredi 2 septembre comme\u2026","og_url":"https:\/\/gazetteinfos.net\/index.php\/2026\/09\/02\/proces-frivao-le-verdict-de-constant-mutamba-reporte-au-7-septembre\/","og_site_name":"Gazette Info","article_published_time":"2026-09-02T11:59:37+00:00","article_modified_time":"2026-09-02T11:59:41+00:00","og_image":[{"width":711,"height":473,"url":"https:\/\/gazetteinfos.net\/wp-content\/uploads\/2026\/09\/1788349754617.jpg","type":"image\/jpeg"}],"author":"gazettead2024gmailcom","twitter_card":"summary_large_image","twitter_misc":{"\u00c9crit par":"gazettead2024gmailcom","Dur\u00e9e de lecture estim\u00e9e":"1 minute"},"schema":{"@context":"https:\/\/schema.org","@graph":[{"@type":"Article","@id":"https:\/\/gazetteinfos.net\/index.php\/2026\/09\/02\/proces-frivao-le-verdict-de-constant-mutamba-reporte-au-7-septembre\/#article","isPartOf":{"@id":"https:\/\/gazetteinfos.net\/index.php\/2026\/09\/02\/proces-frivao-le-verdict-de-constant-mutamba-reporte-au-7-septembre\/"},"author":{"name":"gazettead2024gmailcom","@id":"https:\/\/gazetteinfos.net\/#\/schema\/person\/d73ae61684083b98fa750c4800983201"},"headline":"Proc\u00e8s FRIVAO : le verdict de Constant Mutamba report\u00e9 au 7 septembre\u200e","datePublished":"2026-09-02T11:59:37+00:00","dateModified":"2026-09-02T11:59:41+00:00","mainEntityOfPage":{"@id":"https:\/\/gazetteinfos.net\/index.php\/2026\/09\/02\/proces-frivao-le-verdict-de-constant-mutamba-reporte-au-7-septembre\/"},"wordCount":163,"commentCount":0,"publisher":{"@id":"https:\/\/gazetteinfos.net\/#organization"},"image":{"@id":"https:\/\/gazetteinfos.net\/index.php\/2026\/09\/02\/proces-frivao-le-verdict-de-constant-mutamba-reporte-au-7-septembre\/#primaryimage"},"thumbnailUrl":"https:\/\/gazetteinfos.net\/wp-content\/uploads\/2026\/09\/1788349754617.jpg","articleSection":["Actualit\u00e9"],"inLanguage":"fr-FR","potentialAction":[{"@type":"CommentAction","name":"Comment","target":["https:\/\/gazetteinfos.net\/index.php\/2026\/09\/02\/proces-frivao-le-verdict-de-constant-mutamba-reporte-au-7-septembre\/#respond"]}]},{"@type":"WebPage","@id":"https:\/\/gazetteinfos.net\/index.php\/2026\/09\/02\/proces-frivao-le-verdict-de-constant-mutamba-reporte-au-7-septembre\/","url":"https:\/\/gazetteinfos.net\/index.php\/2026\/09\/02\/proces-frivao-le-verdict-de-constant-mutamba-reporte-au-7-septembre\/","name":"Proc\u00e8s FRIVAO : le verdict de Constant Mutamba report\u00e9 au 7 septembre\u200e - Gazette Info","isPartOf":{"@id":"https:\/\/gazetteinfos.net\/#website"},"primaryImageOfPage":{"@id":"https:\/\/gazetteinfos.net\/index.php\/2026\/09\/02\/proces-frivao-le-verdict-de-constant-mutamba-reporte-au-7-septembre\/#primaryimage"},"image":{"@id":"https:\/\/gazetteinfos.net\/index.php\/2026\/09\/02\/proces-frivao-le-verdict-de-constant-mutamba-reporte-au-7-septembre\/#primaryimage"},"thumbnailUrl":"https:\/\/gazetteinfos.net\/wp-content\/uploads\/2026\/09\/1788349754617.jpg","datePublished":"2026-09-02T11:59:37+00:00","dateModified":"2026-09-02T11:59:41+00:00","breadcrumb":{"@id":"https:\/\/gazetteinfos.net\/index.php\/2026\/09\/02\/proces-frivao-le-verdict-de-constant-mutamba-reporte-au-7-septembre\/#breadcrumb"},"inLanguage":"fr-FR","potentialAction":[{"@type":"ReadAction","target":["https:\/\/gazetteinfos.net\/index.php\/2026\/09\/02\/proces-frivao-le-verdict-de-constant-mutamba-reporte-au-7-septembre\/"]}]},{"@type":"ImageObject","inLanguage":"fr-FR","@id":"https:\/\/gazetteinfos.net\/index.php\/2026\/09\/02\/proces-frivao-le-verdict-de-constant-mutamba-reporte-au-7-septembre\/#primaryimage","url":"https:\/\/gazetteinfos.net\/wp-content\/uploads\/2026\/09\/1788349754617.jpg","contentUrl":"https:\/\/gazetteinfos.net\/wp-content\/uploads\/2026\/09\/1788349754617.jpg","width":711,"height":473},{"@type":"BreadcrumbList","@id":"https:\/\/gazetteinfos.net\/index.php\/2026\/09\/02\/proces-frivao-le-verdict-de-constant-mutamba-reporte-au-7-septembre\/#breadcrumb","itemListElement":[{"@type":"ListItem","position":1,"name":"Home","item":"https:\/\/gazetteinfos.net\/index.php\/accueil\/?lang=fr"},{"@type":"ListItem","position":2,"name":"Proc\u00e8s FRIVAO : le verdict de Constant Mutamba report\u00e9 au 7 septembre\u200e"}]},{"@type":"WebSite","@id":"https:\/\/gazetteinfos.net\/#website","url":"https:\/\/gazetteinfos.net\/","name":"Gazette Info","description":"L&#039;actualit\u00e9 au galop du cheval.","publisher":{"@id":"https:\/\/gazetteinfos.net\/#organization"},"potentialAction":[{"@type":"SearchAction","target":{"@type":"EntryPoint","urlTemplate":"https:\/\/gazetteinfos.net\/?s={search_term_string}"},"query-input":{"@type":"PropertyValueSpecification","valueRequired":true,"valueName":"search_term_string"}}],"inLanguage":"fr-FR"},{"@type":"Organization","@id":"https:\/\/gazetteinfos.net\/#organization","name":"Gazette Info","url":"https:\/\/gazetteinfos.net\/","logo":{"@type":"ImageObject","inLanguage":"fr-FR","@id":"https:\/\/gazetteinfos.net\/#\/schema\/logo\/image\/","url":"https:\/\/gazetteinfos.net\/wp-content\/uploads\/2026\/08\/gazetteinfos-logo.png","contentUrl":"https:\/\/gazetteinfos.net\/wp-content\/uploads\/2026\/08\/gazetteinfos-logo.png","width":1000,"height":250,"caption":"Gazette Info"},"image":{"@id":"https:\/\/gazetteinfos.net\/#\/schema\/logo\/image\/"}},{"@type":"Person","@id":"https:\/\/gazetteinfos.net\/#\/schema\/person\/d73ae61684083b98fa750c4800983201","name":"gazettead2024gmailcom","image":{"@type":"ImageObject","inLanguage":"fr-FR","@id":"https:\/\/secure.gravatar.com\/avatar\/8048ee0a120df59b2e841e99cd89588ad9a8b630732b434146f25e14cc0a442f?s=96&d=mm&r=g","url":"https:\/\/secure.gravatar.com\/avatar\/8048ee0a120df59b2e841e99cd89588ad9a8b630732b434146f25e14cc0a442f?s=96&d=mm&r=g","contentUrl":"https:\/\/secure.gravatar.com\/avatar\/8048ee0a120df59b2e841e99cd89588ad9a8b630732b434146f25e14cc0a442f?s=96&d=mm&r=g","caption":"gazettead2024gmailcom"},"sameAs":["https:\/\/gazetteinfos.net"],"url":"https:\/\/gazetteinfos.net\/index.php\/author\/gazettead2024gmailcom\/"}]}},"_links":{"self":[{"href":"https:\/\/gazetteinfos.net\/index.php\/wp-json\/wp\/v2\/posts\/337","targetHints":{"allow":["GET"]}}],"collection":[{"href":"https:\/\/gazetteinfos.net\/index.php\/wp-json\/wp\/v2\/posts"}],"about":[{"href":"https:\/\/gazetteinfos.net\/index.php\/wp-json\/wp\/v2\/types\/post"}],"author":[{"embeddable":true,"href":"https:\/\/gazetteinfos.net\/index.php\/wp-json\/wp\/v2\/users\/1"}],"replies":[{"embeddable":true,"href":"https:\/\/gazetteinfos.net\/index.php\/wp-json\/wp\/v2\/comments?post=337"}],"version-history":[{"count":1,"href":"https:\/\/gazetteinfos.net\/index.php\/wp-json\/wp\/v2\/posts\/337\/revisions"}],"predecessor-version":[{"id":339,"href":"https:\/\/gazetteinfos.net\/index.php\/wp-json\/wp\/v2\/posts\/337\/revisions\/339"}],"wp:featuredmedia":[{"embeddable":true,"href":"https:\/\/gazetteinfos.net\/index.php\/wp-json\/wp\/v2\/media\/338"}],"wp:attachment":[{"href":"https:\/\/gazetteinfos.net\/index.php\/wp-json\/wp\/v2\/media?parent=337"}],"wp:term":[{"taxonomy":"category","embeddable":true,"href":"https:\/\/gazetteinfos.net\/index.php\/wp-json\/wp\/v2\/categories?post=337"},{"taxonomy":"post_tag","embeddable":true,"href":"https:\/\/gazetteinfos.net\/index.php\/wp-json\/wp\/v2\/tags?post=337"},{"taxonomy":"gi_province","embeddable":true,"href":"https:\/\/gazetteinfos.net\/index.php\/wp-json\/wp\/v2\/gi_province?post=337"}],"curies":[{"name":"wp","href":"https:\/\/api.w.org\/{rel}","templated":true}]}}