{"id":326,"date":"2026-09-01T17:50:39","date_gmt":"2026-09-01T15:50:39","guid":{"rendered":"https:\/\/gazetteinfos.net\/?p=326"},"modified":"2026-09-01T17:50:43","modified_gmt":"2026-09-01T15:50:43","slug":"kasai-oriental-rose-mbuyi-kanku-salue-lappel-au-dialogue-de-felix-tshisekedi-et-soutien-le-plaidoyer-de-leveque-en-faveur-de-la-province","status":"publish","type":"post","link":"https:\/\/gazetteinfos.net\/index.php\/2026\/09\/01\/kasai-oriental-rose-mbuyi-kanku-salue-lappel-au-dialogue-de-felix-tshisekedi-et-soutien-le-plaidoyer-de-leveque-en-faveur-de-la-province\/","title":{"rendered":"Kasa\u00ef-Oriental : Rose Mbuyi Kanku salue l\u2019appel au dialogue de F\u00e9lix Tshisekedi et soutien le plaidoyer de l&rsquo;\u00e9v\u00eaque en faveur de la province"},"content":{"rendered":"\n<p class=\"wp-block-paragraph\">Mbuji-Mayi, 1er septembre 2026 \u2014 La coordinatrice de la soci\u00e9t\u00e9 civile \u00ab Forces vives \u00bb du Kasa\u00ef-Oriental, Rose Mbuyi Kanku, s\u2019est exprim\u00e9e sur plusieurs sujets d\u2019actualit\u00e9 dans une interview exclusive accord\u00e9e \u00e0 Gazette Infos ce mardi 1er septembre 2026.\u200e\u200eAu c\u0153ur de son intervention : le dialogue politique, le d\u00e9veloppement socio-\u00e9conomique du Kasa\u00ef-Oriental, l\u2019acc\u00e8s \u00e0 l\u2019\u00e9lectricit\u00e9 ainsi que les efforts en faveur de la paix et de la reconstruction nationale.\u200e\u200e<\/p>\n\n\n\n<p class=\"wp-block-paragraph\"><strong>Un appel au dialogue salu\u00e9\u200e\u200e<\/strong><\/p>\n\n\n\n<p class=\"wp-block-paragraph\">Rose Mbuyi Kanku a, dans un premier temps, salu\u00e9 le sens du dialogue manifest\u00e9 r\u00e9cemment par le pr\u00e9sident de la R\u00e9publique, F\u00e9lix-Antoine Tshisekedi, lors de son adresse \u00e0 la nation.\u200e\u200ePour la responsable de la soci\u00e9t\u00e9 civile, l\u2019id\u00e9e de faire pr\u00e9c\u00e9der un \u00e9ventuel dialogue national par des consultations des forces vives et des acteurs politiques en provinces constitue une d\u00e9marche susceptible de favoriser une meilleure inclusion.\u200e\u200eElle estime que cette approche devrait \u00eatre encourag\u00e9e par l\u2019ensemble des acteurs, dans la mesure o\u00f9 elle permettrait de prendre en compte les r\u00e9alit\u00e9s et les aspirations exprim\u00e9es \u00e0 la base.<\/p>\n\n\n\n<p class=\"wp-block-paragraph\"><strong>\u200e\u200eL\u2019\u00e9lectricit\u00e9, un levier du d\u00e9veloppement\u200e\u200e<\/strong><\/p>\n\n\n\n<p class=\"wp-block-paragraph\">Au-del\u00e0 de la question du dialogue, Rose Mbuyi Kanku a \u00e9galement exprim\u00e9 sa reconnaissance \u00e0 l\u2019\u00e9v\u00eaque de Mbuji-Mayi, Monseigneur Bernard Emmanuel Kasanda, pour son engagement en faveur du d\u00e9veloppement socio-\u00e9conomique durable du Kasa\u00ef-Oriental.\u200e\u200eElle a particuli\u00e8rement mis en avant le plaidoyer de l\u2019homme d\u2019\u00c9glise en faveur de l\u2019acc\u00e8s \u00e0 l\u2019\u00e9lectricit\u00e9, qu\u2019elle consid\u00e8re comme un \u00e9l\u00e9ment essentiel au d\u00e9veloppement et \u00e0 l\u2019industrialisation de la province.\u200e\u200eSelon elle, une am\u00e9lioration de l\u2019approvisionnement en \u00e9nergie \u00e9lectrique pourrait contribuer \u00e0 stimuler les activit\u00e9s \u00e9conomiques, favoriser l\u2019implantation d\u2019unit\u00e9s de production et, par cons\u00e9quent, cr\u00e9er davantage d\u2019emplois pour la population.\u200e\u200ePour Rose Mbuyi Kanku, ce plaidoyer traduit les aspirations profondes de la population kasa\u00efenne et pourrait contribuer \u00e0 donner un nouvel \u00e9lan au d\u00e9veloppement de la province.<\/p>\n\n\n\n<p class=\"wp-block-paragraph\"><strong>\u200e\u200eEncouragements au chef de l\u2019\u00c9tat et aux autorit\u00e9s provinciales\u200e\u200e<\/strong><\/p>\n\n\n\n<p class=\"wp-block-paragraph\">La coordinatrice de la soci\u00e9t\u00e9 civile \u00ab Forces vives \u00bb a par ailleurs encourag\u00e9 le pr\u00e9sident de la R\u00e9publique \u00e0 poursuivre son engagement en faveur de la paix et de la reconstruction du pays.\u200e\u200eElle a \u00e9galement adress\u00e9 des \u00e9loges au gouverneur du Kasa\u00ef-Oriental, dont elle appr\u00e9cie les efforts visant, selon elle, \u00e0 relayer en province la vision du chef de l\u2019\u00c9tat.<\/p>\n\n\n\n<p class=\"wp-block-paragraph\"><strong><em>Denis BABI WA MULUMBA <\/em><\/strong><\/p>\n","protected":false},"excerpt":{"rendered":"<p>Mbuji-Mayi, 1er septembre 2026 \u2014 La coordinatrice de la soci\u00e9t\u00e9 civile \u00ab Forces vives \u00bb du Kasa\u00ef-Oriental, Rose Mbuyi Kanku, s\u2019est exprim\u00e9e sur plusieurs sujets d\u2019actualit\u00e9 dans\u2026<\/p>\n","protected":false},"author":1,"featured_media":327,"comment_status":"open","ping_status":"open","sticky":false,"template":"","format":"standard","meta":{"footnotes":""},"categories":[3],"tags":[],"gi_province":[15],"class_list":["post-326","post","type-post","status-publish","format-standard","has-post-thumbnail","hentry","category-politique","gi_province-kasai-oriental"],"yoast_head":"<!-- This site is optimized with the Yoast SEO plugin v28.4 - https:\/\/yoast.com\/product\/yoast-seo-wordpress\/ -->\n<title>Kasa\u00ef-Oriental : Rose Mbuyi Kanku salue l\u2019appel au dialogue de F\u00e9lix Tshisekedi et soutien le plaidoyer de l&#039;\u00e9v\u00eaque en faveur de la province - Gazette Info<\/title>\n<meta name=\"robots\" content=\"index, follow, max-snippet:-1, max-image-preview:large, max-video-preview:-1\" \/>\n<link rel=\"canonical\" href=\"https:\/\/gazetteinfos.net\/index.php\/2026\/09\/01\/kasai-oriental-rose-mbuyi-kanku-salue-lappel-au-dialogue-de-felix-tshisekedi-et-soutien-le-plaidoyer-de-leveque-en-faveur-de-la-province\/\" \/>\n<meta property=\"og:locale\" content=\"fr_FR\" \/>\n<meta property=\"og:type\" content=\"article\" \/>\n<meta property=\"og:title\" content=\"Kasa\u00ef-Oriental : Rose Mbuyi Kanku salue l\u2019appel au dialogue de F\u00e9lix Tshisekedi et soutien le plaidoyer de l&#039;\u00e9v\u00eaque en faveur de la province - Gazette Info\" \/>\n<meta property=\"og:description\" content=\"Mbuji-Mayi, 1er septembre 2026 \u2014 La coordinatrice de la soci\u00e9t\u00e9 civile \u00ab Forces vives \u00bb du Kasa\u00ef-Oriental, Rose Mbuyi Kanku, s\u2019est exprim\u00e9e sur plusieurs sujets d\u2019actualit\u00e9 dans\u2026\" \/>\n<meta property=\"og:url\" content=\"https:\/\/gazetteinfos.net\/index.php\/2026\/09\/01\/kasai-oriental-rose-mbuyi-kanku-salue-lappel-au-dialogue-de-felix-tshisekedi-et-soutien-le-plaidoyer-de-leveque-en-faveur-de-la-province\/\" \/>\n<meta property=\"og:site_name\" content=\"Gazette Info\" \/>\n<meta property=\"article:published_time\" content=\"2026-09-01T15:50:39+00:00\" \/>\n<meta property=\"article:modified_time\" content=\"2026-09-01T15:50:43+00:00\" \/>\n<meta property=\"og:image\" content=\"https:\/\/gazetteinfos.net\/wp-content\/uploads\/2026\/09\/IMG-20260901-WA00302.jpg\" \/>\n\t<meta property=\"og:image:width\" content=\"571\" \/>\n\t<meta property=\"og:image:height\" content=\"925\" \/>\n\t<meta property=\"og:image:type\" content=\"image\/jpeg\" \/>\n<meta name=\"author\" content=\"gazettead2024gmailcom\" \/>\n<meta name=\"twitter:card\" content=\"summary_large_image\" \/>\n<meta name=\"twitter:label1\" content=\"\u00c9crit par\" \/>\n\t<meta name=\"twitter:data1\" content=\"gazettead2024gmailcom\" \/>\n\t<meta name=\"twitter:label2\" content=\"Dur\u00e9e de lecture estim\u00e9e\" \/>\n\t<meta name=\"twitter:data2\" content=\"3 minutes\" \/>\n<script type=\"application\/ld+json\" class=\"yoast-schema-graph\">{\"@context\":\"https:\\\/\\\/schema.org\",\"@graph\":[{\"@type\":\"Article\",\"@id\":\"https:\\\/\\\/gazetteinfos.net\\\/index.php\\\/2026\\\/09\\\/01\\\/kasai-oriental-rose-mbuyi-kanku-salue-lappel-au-dialogue-de-felix-tshisekedi-et-soutien-le-plaidoyer-de-leveque-en-faveur-de-la-province\\\/#article\",\"isPartOf\":{\"@id\":\"https:\\\/\\\/gazetteinfos.net\\\/index.php\\\/2026\\\/09\\\/01\\\/kasai-oriental-rose-mbuyi-kanku-salue-lappel-au-dialogue-de-felix-tshisekedi-et-soutien-le-plaidoyer-de-leveque-en-faveur-de-la-province\\\/\"},\"author\":{\"name\":\"gazettead2024gmailcom\",\"@id\":\"https:\\\/\\\/gazetteinfos.net\\\/#\\\/schema\\\/person\\\/d73ae61684083b98fa750c4800983201\"},\"headline\":\"Kasa\u00ef-Oriental : Rose Mbuyi Kanku salue l\u2019appel au dialogue de F\u00e9lix Tshisekedi et soutien le plaidoyer de l&rsquo;\u00e9v\u00eaque en faveur de la province\",\"datePublished\":\"2026-09-01T15:50:39+00:00\",\"dateModified\":\"2026-09-01T15:50:43+00:00\",\"mainEntityOfPage\":{\"@id\":\"https:\\\/\\\/gazetteinfos.net\\\/index.php\\\/2026\\\/09\\\/01\\\/kasai-oriental-rose-mbuyi-kanku-salue-lappel-au-dialogue-de-felix-tshisekedi-et-soutien-le-plaidoyer-de-leveque-en-faveur-de-la-province\\\/\"},\"wordCount\":446,\"commentCount\":0,\"publisher\":{\"@id\":\"https:\\\/\\\/gazetteinfos.net\\\/#organization\"},\"image\":{\"@id\":\"https:\\\/\\\/gazetteinfos.net\\\/index.php\\\/2026\\\/09\\\/01\\\/kasai-oriental-rose-mbuyi-kanku-salue-lappel-au-dialogue-de-felix-tshisekedi-et-soutien-le-plaidoyer-de-leveque-en-faveur-de-la-province\\\/#primaryimage\"},\"thumbnailUrl\":\"https:\\\/\\\/gazetteinfos.net\\\/wp-content\\\/uploads\\\/2026\\\/09\\\/IMG-20260901-WA00302.jpg\",\"articleSection\":[\"Politique\"],\"inLanguage\":\"fr-FR\",\"potentialAction\":[{\"@type\":\"CommentAction\",\"name\":\"Comment\",\"target\":[\"https:\\\/\\\/gazetteinfos.net\\\/index.php\\\/2026\\\/09\\\/01\\\/kasai-oriental-rose-mbuyi-kanku-salue-lappel-au-dialogue-de-felix-tshisekedi-et-soutien-le-plaidoyer-de-leveque-en-faveur-de-la-province\\\/#respond\"]}]},{\"@type\":\"WebPage\",\"@id\":\"https:\\\/\\\/gazetteinfos.net\\\/index.php\\\/2026\\\/09\\\/01\\\/kasai-oriental-rose-mbuyi-kanku-salue-lappel-au-dialogue-de-felix-tshisekedi-et-soutien-le-plaidoyer-de-leveque-en-faveur-de-la-province\\\/\",\"url\":\"https:\\\/\\\/gazetteinfos.net\\\/index.php\\\/2026\\\/09\\\/01\\\/kasai-oriental-rose-mbuyi-kanku-salue-lappel-au-dialogue-de-felix-tshisekedi-et-soutien-le-plaidoyer-de-leveque-en-faveur-de-la-province\\\/\",\"name\":\"Kasa\u00ef-Oriental : Rose Mbuyi Kanku salue l\u2019appel au dialogue de F\u00e9lix Tshisekedi et soutien le plaidoyer de l'\u00e9v\u00eaque en faveur de la province - Gazette Info\",\"isPartOf\":{\"@id\":\"https:\\\/\\\/gazetteinfos.net\\\/#website\"},\"primaryImageOfPage\":{\"@id\":\"https:\\\/\\\/gazetteinfos.net\\\/index.php\\\/2026\\\/09\\\/01\\\/kasai-oriental-rose-mbuyi-kanku-salue-lappel-au-dialogue-de-felix-tshisekedi-et-soutien-le-plaidoyer-de-leveque-en-faveur-de-la-province\\\/#primaryimage\"},\"image\":{\"@id\":\"https:\\\/\\\/gazetteinfos.net\\\/index.php\\\/2026\\\/09\\\/01\\\/kasai-oriental-rose-mbuyi-kanku-salue-lappel-au-dialogue-de-felix-tshisekedi-et-soutien-le-plaidoyer-de-leveque-en-faveur-de-la-province\\\/#primaryimage\"},\"thumbnailUrl\":\"https:\\\/\\\/gazetteinfos.net\\\/wp-content\\\/uploads\\\/2026\\\/09\\\/IMG-20260901-WA00302.jpg\",\"datePublished\":\"2026-09-01T15:50:39+00:00\",\"dateModified\":\"2026-09-01T15:50:43+00:00\",\"breadcrumb\":{\"@id\":\"https:\\\/\\\/gazetteinfos.net\\\/index.php\\\/2026\\\/09\\\/01\\\/kasai-oriental-rose-mbuyi-kanku-salue-lappel-au-dialogue-de-felix-tshisekedi-et-soutien-le-plaidoyer-de-leveque-en-faveur-de-la-province\\\/#breadcrumb\"},\"inLanguage\":\"fr-FR\",\"potentialAction\":[{\"@type\":\"ReadAction\",\"target\":[\"https:\\\/\\\/gazetteinfos.net\\\/index.php\\\/2026\\\/09\\\/01\\\/kasai-oriental-rose-mbuyi-kanku-salue-lappel-au-dialogue-de-felix-tshisekedi-et-soutien-le-plaidoyer-de-leveque-en-faveur-de-la-province\\\/\"]}]},{\"@type\":\"ImageObject\",\"inLanguage\":\"fr-FR\",\"@id\":\"https:\\\/\\\/gazetteinfos.net\\\/index.php\\\/2026\\\/09\\\/01\\\/kasai-oriental-rose-mbuyi-kanku-salue-lappel-au-dialogue-de-felix-tshisekedi-et-soutien-le-plaidoyer-de-leveque-en-faveur-de-la-province\\\/#primaryimage\",\"url\":\"https:\\\/\\\/gazetteinfos.net\\\/wp-content\\\/uploads\\\/2026\\\/09\\\/IMG-20260901-WA00302.jpg\",\"contentUrl\":\"https:\\\/\\\/gazetteinfos.net\\\/wp-content\\\/uploads\\\/2026\\\/09\\\/IMG-20260901-WA00302.jpg\",\"width\":571,\"height\":925},{\"@type\":\"BreadcrumbList\",\"@id\":\"https:\\\/\\\/gazetteinfos.net\\\/index.php\\\/2026\\\/09\\\/01\\\/kasai-oriental-rose-mbuyi-kanku-salue-lappel-au-dialogue-de-felix-tshisekedi-et-soutien-le-plaidoyer-de-leveque-en-faveur-de-la-province\\\/#breadcrumb\",\"itemListElement\":[{\"@type\":\"ListItem\",\"position\":1,\"name\":\"Home\",\"item\":\"https:\\\/\\\/gazetteinfos.net\\\/index.php\\\/accueil\\\/?lang=fr\"},{\"@type\":\"ListItem\",\"position\":2,\"name\":\"Kasa\u00ef-Oriental : Rose Mbuyi Kanku salue l\u2019appel au dialogue de F\u00e9lix Tshisekedi et soutien le plaidoyer de l&rsquo;\u00e9v\u00eaque en faveur de la province\"}]},{\"@type\":\"WebSite\",\"@id\":\"https:\\\/\\\/gazetteinfos.net\\\/#website\",\"url\":\"https:\\\/\\\/gazetteinfos.net\\\/\",\"name\":\"Gazette Info\",\"description\":\"L&#039;actualit\u00e9 au galop du cheval.\",\"publisher\":{\"@id\":\"https:\\\/\\\/gazetteinfos.net\\\/#organization\"},\"potentialAction\":[{\"@type\":\"SearchAction\",\"target\":{\"@type\":\"EntryPoint\",\"urlTemplate\":\"https:\\\/\\\/gazetteinfos.net\\\/?s={search_term_string}\"},\"query-input\":{\"@type\":\"PropertyValueSpecification\",\"valueRequired\":true,\"valueName\":\"search_term_string\"}}],\"inLanguage\":\"fr-FR\"},{\"@type\":\"Organization\",\"@id\":\"https:\\\/\\\/gazetteinfos.net\\\/#organization\",\"name\":\"Gazette Info\",\"url\":\"https:\\\/\\\/gazetteinfos.net\\\/\",\"logo\":{\"@type\":\"ImageObject\",\"inLanguage\":\"fr-FR\",\"@id\":\"https:\\\/\\\/gazetteinfos.net\\\/#\\\/schema\\\/logo\\\/image\\\/\",\"url\":\"https:\\\/\\\/gazetteinfos.net\\\/wp-content\\\/uploads\\\/2026\\\/08\\\/gazetteinfos-logo.png\",\"contentUrl\":\"https:\\\/\\\/gazetteinfos.net\\\/wp-content\\\/uploads\\\/2026\\\/08\\\/gazetteinfos-logo.png\",\"width\":1000,\"height\":250,\"caption\":\"Gazette Info\"},\"image\":{\"@id\":\"https:\\\/\\\/gazetteinfos.net\\\/#\\\/schema\\\/logo\\\/image\\\/\"}},{\"@type\":\"Person\",\"@id\":\"https:\\\/\\\/gazetteinfos.net\\\/#\\\/schema\\\/person\\\/d73ae61684083b98fa750c4800983201\",\"name\":\"gazettead2024gmailcom\",\"image\":{\"@type\":\"ImageObject\",\"inLanguage\":\"fr-FR\",\"@id\":\"https:\\\/\\\/secure.gravatar.com\\\/avatar\\\/8048ee0a120df59b2e841e99cd89588ad9a8b630732b434146f25e14cc0a442f?s=96&d=mm&r=g\",\"url\":\"https:\\\/\\\/secure.gravatar.com\\\/avatar\\\/8048ee0a120df59b2e841e99cd89588ad9a8b630732b434146f25e14cc0a442f?s=96&d=mm&r=g\",\"contentUrl\":\"https:\\\/\\\/secure.gravatar.com\\\/avatar\\\/8048ee0a120df59b2e841e99cd89588ad9a8b630732b434146f25e14cc0a442f?s=96&d=mm&r=g\",\"caption\":\"gazettead2024gmailcom\"},\"sameAs\":[\"https:\\\/\\\/gazetteinfos.net\"],\"url\":\"https:\\\/\\\/gazetteinfos.net\\\/index.php\\\/author\\\/gazettead2024gmailcom\\\/\"}]}<\/script>\n<!-- \/ Yoast SEO plugin. -->","yoast_head_json":{"title":"Kasa\u00ef-Oriental : Rose Mbuyi Kanku salue l\u2019appel au dialogue de F\u00e9lix Tshisekedi et soutien le plaidoyer de l'\u00e9v\u00eaque en faveur de la province - Gazette Info","robots":{"index":"index","follow":"follow","max-snippet":"max-snippet:-1","max-image-preview":"max-image-preview:large","max-video-preview":"max-video-preview:-1"},"canonical":"https:\/\/gazetteinfos.net\/index.php\/2026\/09\/01\/kasai-oriental-rose-mbuyi-kanku-salue-lappel-au-dialogue-de-felix-tshisekedi-et-soutien-le-plaidoyer-de-leveque-en-faveur-de-la-province\/","og_locale":"fr_FR","og_type":"article","og_title":"Kasa\u00ef-Oriental : Rose Mbuyi Kanku salue l\u2019appel au dialogue de F\u00e9lix Tshisekedi et soutien le plaidoyer de l'\u00e9v\u00eaque en faveur de la province - Gazette Info","og_description":"Mbuji-Mayi, 1er septembre 2026 \u2014 La coordinatrice de la soci\u00e9t\u00e9 civile \u00ab Forces vives \u00bb du Kasa\u00ef-Oriental, Rose Mbuyi Kanku, s\u2019est exprim\u00e9e sur plusieurs sujets d\u2019actualit\u00e9 dans\u2026","og_url":"https:\/\/gazetteinfos.net\/index.php\/2026\/09\/01\/kasai-oriental-rose-mbuyi-kanku-salue-lappel-au-dialogue-de-felix-tshisekedi-et-soutien-le-plaidoyer-de-leveque-en-faveur-de-la-province\/","og_site_name":"Gazette Info","article_published_time":"2026-09-01T15:50:39+00:00","article_modified_time":"2026-09-01T15:50:43+00:00","og_image":[{"width":571,"height":925,"url":"https:\/\/gazetteinfos.net\/wp-content\/uploads\/2026\/09\/IMG-20260901-WA00302.jpg","type":"image\/jpeg"}],"author":"gazettead2024gmailcom","twitter_card":"summary_large_image","twitter_misc":{"\u00c9crit par":"gazettead2024gmailcom","Dur\u00e9e de lecture estim\u00e9e":"3 minutes"},"schema":{"@context":"https:\/\/schema.org","@graph":[{"@type":"Article","@id":"https:\/\/gazetteinfos.net\/index.php\/2026\/09\/01\/kasai-oriental-rose-mbuyi-kanku-salue-lappel-au-dialogue-de-felix-tshisekedi-et-soutien-le-plaidoyer-de-leveque-en-faveur-de-la-province\/#article","isPartOf":{"@id":"https:\/\/gazetteinfos.net\/index.php\/2026\/09\/01\/kasai-oriental-rose-mbuyi-kanku-salue-lappel-au-dialogue-de-felix-tshisekedi-et-soutien-le-plaidoyer-de-leveque-en-faveur-de-la-province\/"},"author":{"name":"gazettead2024gmailcom","@id":"https:\/\/gazetteinfos.net\/#\/schema\/person\/d73ae61684083b98fa750c4800983201"},"headline":"Kasa\u00ef-Oriental : Rose Mbuyi Kanku salue l\u2019appel au dialogue de F\u00e9lix Tshisekedi et soutien le plaidoyer de l&rsquo;\u00e9v\u00eaque en faveur de la province","datePublished":"2026-09-01T15:50:39+00:00","dateModified":"2026-09-01T15:50:43+00:00","mainEntityOfPage":{"@id":"https:\/\/gazetteinfos.net\/index.php\/2026\/09\/01\/kasai-oriental-rose-mbuyi-kanku-salue-lappel-au-dialogue-de-felix-tshisekedi-et-soutien-le-plaidoyer-de-leveque-en-faveur-de-la-province\/"},"wordCount":446,"commentCount":0,"publisher":{"@id":"https:\/\/gazetteinfos.net\/#organization"},"image":{"@id":"https:\/\/gazetteinfos.net\/index.php\/2026\/09\/01\/kasai-oriental-rose-mbuyi-kanku-salue-lappel-au-dialogue-de-felix-tshisekedi-et-soutien-le-plaidoyer-de-leveque-en-faveur-de-la-province\/#primaryimage"},"thumbnailUrl":"https:\/\/gazetteinfos.net\/wp-content\/uploads\/2026\/09\/IMG-20260901-WA00302.jpg","articleSection":["Politique"],"inLanguage":"fr-FR","potentialAction":[{"@type":"CommentAction","name":"Comment","target":["https:\/\/gazetteinfos.net\/index.php\/2026\/09\/01\/kasai-oriental-rose-mbuyi-kanku-salue-lappel-au-dialogue-de-felix-tshisekedi-et-soutien-le-plaidoyer-de-leveque-en-faveur-de-la-province\/#respond"]}]},{"@type":"WebPage","@id":"https:\/\/gazetteinfos.net\/index.php\/2026\/09\/01\/kasai-oriental-rose-mbuyi-kanku-salue-lappel-au-dialogue-de-felix-tshisekedi-et-soutien-le-plaidoyer-de-leveque-en-faveur-de-la-province\/","url":"https:\/\/gazetteinfos.net\/index.php\/2026\/09\/01\/kasai-oriental-rose-mbuyi-kanku-salue-lappel-au-dialogue-de-felix-tshisekedi-et-soutien-le-plaidoyer-de-leveque-en-faveur-de-la-province\/","name":"Kasa\u00ef-Oriental : Rose Mbuyi Kanku salue l\u2019appel au dialogue de F\u00e9lix Tshisekedi et soutien le plaidoyer de l'\u00e9v\u00eaque en faveur de la province - Gazette Info","isPartOf":{"@id":"https:\/\/gazetteinfos.net\/#website"},"primaryImageOfPage":{"@id":"https:\/\/gazetteinfos.net\/index.php\/2026\/09\/01\/kasai-oriental-rose-mbuyi-kanku-salue-lappel-au-dialogue-de-felix-tshisekedi-et-soutien-le-plaidoyer-de-leveque-en-faveur-de-la-province\/#primaryimage"},"image":{"@id":"https:\/\/gazetteinfos.net\/index.php\/2026\/09\/01\/kasai-oriental-rose-mbuyi-kanku-salue-lappel-au-dialogue-de-felix-tshisekedi-et-soutien-le-plaidoyer-de-leveque-en-faveur-de-la-province\/#primaryimage"},"thumbnailUrl":"https:\/\/gazetteinfos.net\/wp-content\/uploads\/2026\/09\/IMG-20260901-WA00302.jpg","datePublished":"2026-09-01T15:50:39+00:00","dateModified":"2026-09-01T15:50:43+00:00","breadcrumb":{"@id":"https:\/\/gazetteinfos.net\/index.php\/2026\/09\/01\/kasai-oriental-rose-mbuyi-kanku-salue-lappel-au-dialogue-de-felix-tshisekedi-et-soutien-le-plaidoyer-de-leveque-en-faveur-de-la-province\/#breadcrumb"},"inLanguage":"fr-FR","potentialAction":[{"@type":"ReadAction","target":["https:\/\/gazetteinfos.net\/index.php\/2026\/09\/01\/kasai-oriental-rose-mbuyi-kanku-salue-lappel-au-dialogue-de-felix-tshisekedi-et-soutien-le-plaidoyer-de-leveque-en-faveur-de-la-province\/"]}]},{"@type":"ImageObject","inLanguage":"fr-FR","@id":"https:\/\/gazetteinfos.net\/index.php\/2026\/09\/01\/kasai-oriental-rose-mbuyi-kanku-salue-lappel-au-dialogue-de-felix-tshisekedi-et-soutien-le-plaidoyer-de-leveque-en-faveur-de-la-province\/#primaryimage","url":"https:\/\/gazetteinfos.net\/wp-content\/uploads\/2026\/09\/IMG-20260901-WA00302.jpg","contentUrl":"https:\/\/gazetteinfos.net\/wp-content\/uploads\/2026\/09\/IMG-20260901-WA00302.jpg","width":571,"height":925},{"@type":"BreadcrumbList","@id":"https:\/\/gazetteinfos.net\/index.php\/2026\/09\/01\/kasai-oriental-rose-mbuyi-kanku-salue-lappel-au-dialogue-de-felix-tshisekedi-et-soutien-le-plaidoyer-de-leveque-en-faveur-de-la-province\/#breadcrumb","itemListElement":[{"@type":"ListItem","position":1,"name":"Home","item":"https:\/\/gazetteinfos.net\/index.php\/accueil\/?lang=fr"},{"@type":"ListItem","position":2,"name":"Kasa\u00ef-Oriental : Rose Mbuyi Kanku salue l\u2019appel au dialogue de F\u00e9lix Tshisekedi et soutien le plaidoyer de l&rsquo;\u00e9v\u00eaque en faveur de la province"}]},{"@type":"WebSite","@id":"https:\/\/gazetteinfos.net\/#website","url":"https:\/\/gazetteinfos.net\/","name":"Gazette Info","description":"L&#039;actualit\u00e9 au galop du cheval.","publisher":{"@id":"https:\/\/gazetteinfos.net\/#organization"},"potentialAction":[{"@type":"SearchAction","target":{"@type":"EntryPoint","urlTemplate":"https:\/\/gazetteinfos.net\/?s={search_term_string}"},"query-input":{"@type":"PropertyValueSpecification","valueRequired":true,"valueName":"search_term_string"}}],"inLanguage":"fr-FR"},{"@type":"Organization","@id":"https:\/\/gazetteinfos.net\/#organization","name":"Gazette Info","url":"https:\/\/gazetteinfos.net\/","logo":{"@type":"ImageObject","inLanguage":"fr-FR","@id":"https:\/\/gazetteinfos.net\/#\/schema\/logo\/image\/","url":"https:\/\/gazetteinfos.net\/wp-content\/uploads\/2026\/08\/gazetteinfos-logo.png","contentUrl":"https:\/\/gazetteinfos.net\/wp-content\/uploads\/2026\/08\/gazetteinfos-logo.png","width":1000,"height":250,"caption":"Gazette Info"},"image":{"@id":"https:\/\/gazetteinfos.net\/#\/schema\/logo\/image\/"}},{"@type":"Person","@id":"https:\/\/gazetteinfos.net\/#\/schema\/person\/d73ae61684083b98fa750c4800983201","name":"gazettead2024gmailcom","image":{"@type":"ImageObject","inLanguage":"fr-FR","@id":"https:\/\/secure.gravatar.com\/avatar\/8048ee0a120df59b2e841e99cd89588ad9a8b630732b434146f25e14cc0a442f?s=96&d=mm&r=g","url":"https:\/\/secure.gravatar.com\/avatar\/8048ee0a120df59b2e841e99cd89588ad9a8b630732b434146f25e14cc0a442f?s=96&d=mm&r=g","contentUrl":"https:\/\/secure.gravatar.com\/avatar\/8048ee0a120df59b2e841e99cd89588ad9a8b630732b434146f25e14cc0a442f?s=96&d=mm&r=g","caption":"gazettead2024gmailcom"},"sameAs":["https:\/\/gazetteinfos.net"],"url":"https:\/\/gazetteinfos.net\/index.php\/author\/gazettead2024gmailcom\/"}]}},"_links":{"self":[{"href":"https:\/\/gazetteinfos.net\/index.php\/wp-json\/wp\/v2\/posts\/326","targetHints":{"allow":["GET"]}}],"collection":[{"href":"https:\/\/gazetteinfos.net\/index.php\/wp-json\/wp\/v2\/posts"}],"about":[{"href":"https:\/\/gazetteinfos.net\/index.php\/wp-json\/wp\/v2\/types\/post"}],"author":[{"embeddable":true,"href":"https:\/\/gazetteinfos.net\/index.php\/wp-json\/wp\/v2\/users\/1"}],"replies":[{"embeddable":true,"href":"https:\/\/gazetteinfos.net\/index.php\/wp-json\/wp\/v2\/comments?post=326"}],"version-history":[{"count":1,"href":"https:\/\/gazetteinfos.net\/index.php\/wp-json\/wp\/v2\/posts\/326\/revisions"}],"predecessor-version":[{"id":328,"href":"https:\/\/gazetteinfos.net\/index.php\/wp-json\/wp\/v2\/posts\/326\/revisions\/328"}],"wp:featuredmedia":[{"embeddable":true,"href":"https:\/\/gazetteinfos.net\/index.php\/wp-json\/wp\/v2\/media\/327"}],"wp:attachment":[{"href":"https:\/\/gazetteinfos.net\/index.php\/wp-json\/wp\/v2\/media?parent=326"}],"wp:term":[{"taxonomy":"category","embeddable":true,"href":"https:\/\/gazetteinfos.net\/index.php\/wp-json\/wp\/v2\/categories?post=326"},{"taxonomy":"post_tag","embeddable":true,"href":"https:\/\/gazetteinfos.net\/index.php\/wp-json\/wp\/v2\/tags?post=326"},{"taxonomy":"gi_province","embeddable":true,"href":"https:\/\/gazetteinfos.net\/index.php\/wp-json\/wp\/v2\/gi_province?post=326"}],"curies":[{"name":"wp","href":"https:\/\/api.w.org\/{rel}","templated":true}]}}