{"id":323,"date":"2026-09-01T17:16:19","date_gmt":"2026-09-01T15:16:19","guid":{"rendered":"https:\/\/gazetteinfos.net\/?p=323"},"modified":"2026-09-01T17:16:25","modified_gmt":"2026-09-01T15:16:25","slug":"eliminatoires-can-2027-quatre-arbitres-congolais-designes-pour-mali-cap-vert","status":"publish","type":"post","link":"https:\/\/gazetteinfos.net\/index.php\/2026\/09\/01\/eliminatoires-can-2027-quatre-arbitres-congolais-designes-pour-mali-cap-vert\/","title":{"rendered":"\u00c9liminatoires CAN 2027 : quatre arbitres congolais d\u00e9sign\u00e9s pour Mali\u2013Cap-Vert"},"content":{"rendered":"\n<p class=\"wp-block-paragraph\">Kinshasa, 1er septembre 2026 \u2014 La R\u00e9publique d\u00e9mocratique du Congo sera repr\u00e9sent\u00e9e sur le terrain arbitral lors du match des \u00e9liminatoires de la Coupe d\u2019Afrique des nations (CAN) 2027 entre le Mali et le Cap-Vert, pr\u00e9vu le 25 septembre prochain \u00e0 Bamako.\u200e\u200eSelon les informations publi\u00e9es par la Conf\u00e9d\u00e9ration africaine de football (CAF), consult\u00e9es mardi par gazetteinfos.net, quatre arbitres congolais ont \u00e9t\u00e9 d\u00e9sign\u00e9s pour officier cette rencontre.\u200e\u200eLe quatuor sera conduit par Jean-Jacques Ndala Ngambo, qui assumera les fonctions d\u2019arbitre principal. <\/p>\n\n\n\n<p class=\"wp-block-paragraph\">Il sera assist\u00e9 de Guylain Bongele Ngila, d\u00e9sign\u00e9 premier assistant, et de Gradel Mwanya Mbilizo, deuxi\u00e8me assistant.\u200e\u200ePierre Bimbo Kibingo compl\u00e8tera l\u2019\u00e9quipe arbitrale en qualit\u00e9 de quatri\u00e8me arbitre.\u200e\u200eCette d\u00e9signation constitue une nouvelle marque de confiance de l\u2019instance fa\u00eeti\u00e8re du football africain \u00e0 l\u2019\u00e9gard des arbitres de la RDC, appel\u00e9s r\u00e9guli\u00e8rement \u00e0 officier lors des comp\u00e9titions continentales.\u200e\u200e<\/p>\n\n\n\n<p class=\"wp-block-paragraph\">La rencontre Mali\u2013Cap-Vert, qui se disputera \u00e0 Bamako le 25 septembre, s\u2019inscrit dans le cadre des \u00e9liminatoires de la CAN 2027, comp\u00e9tition qui r\u00e9unira les meilleures s\u00e9lections nationales du continent africain.\u200e\u200e<\/p>\n\n\n\n<p class=\"wp-block-paragraph\"><strong><em>Redaction<\/em><\/strong><\/p>\n","protected":false},"excerpt":{"rendered":"<p>Kinshasa, 1er septembre 2026 \u2014 La R\u00e9publique d\u00e9mocratique du Congo sera repr\u00e9sent\u00e9e sur le terrain arbitral lors du match des \u00e9liminatoires de la Coupe d\u2019Afrique des nations\u2026<\/p>\n","protected":false},"author":1,"featured_media":324,"comment_status":"open","ping_status":"open","sticky":false,"template":"","format":"standard","meta":{"footnotes":""},"categories":[2],"tags":[],"gi_province":[16],"class_list":["post-323","post","type-post","status-publish","format-standard","has-post-thumbnail","hentry","category-actualite","gi_province-kinshasa"],"yoast_head":"<!-- This site is optimized with the Yoast SEO plugin v28.4 - https:\/\/yoast.com\/product\/yoast-seo-wordpress\/ -->\n<title>\u00c9liminatoires CAN 2027 : quatre arbitres congolais d\u00e9sign\u00e9s pour Mali\u2013Cap-Vert - Gazette Info<\/title>\n<meta name=\"robots\" content=\"index, follow, max-snippet:-1, max-image-preview:large, max-video-preview:-1\" \/>\n<link rel=\"canonical\" href=\"https:\/\/gazetteinfos.net\/index.php\/2026\/09\/01\/eliminatoires-can-2027-quatre-arbitres-congolais-designes-pour-mali-cap-vert\/\" \/>\n<meta property=\"og:locale\" content=\"fr_FR\" \/>\n<meta property=\"og:type\" content=\"article\" \/>\n<meta property=\"og:title\" content=\"\u00c9liminatoires CAN 2027 : quatre arbitres congolais d\u00e9sign\u00e9s pour Mali\u2013Cap-Vert - Gazette Info\" \/>\n<meta property=\"og:description\" content=\"Kinshasa, 1er septembre 2026 \u2014 La R\u00e9publique d\u00e9mocratique du Congo sera repr\u00e9sent\u00e9e sur le terrain arbitral lors du match des \u00e9liminatoires de la Coupe d\u2019Afrique des nations\u2026\" \/>\n<meta property=\"og:url\" content=\"https:\/\/gazetteinfos.net\/index.php\/2026\/09\/01\/eliminatoires-can-2027-quatre-arbitres-congolais-designes-pour-mali-cap-vert\/\" \/>\n<meta property=\"og:site_name\" content=\"Gazette Info\" \/>\n<meta property=\"article:published_time\" content=\"2026-09-01T15:16:19+00:00\" \/>\n<meta property=\"article:modified_time\" content=\"2026-09-01T15:16:25+00:00\" \/>\n<meta property=\"og:image\" content=\"https:\/\/gazetteinfos.net\/wp-content\/uploads\/2026\/09\/1788274632312.jpg\" \/>\n\t<meta property=\"og:image:width\" content=\"690\" \/>\n\t<meta property=\"og:image:height\" content=\"462\" \/>\n\t<meta property=\"og:image:type\" content=\"image\/jpeg\" \/>\n<meta name=\"author\" content=\"gazettead2024gmailcom\" \/>\n<meta name=\"twitter:card\" content=\"summary_large_image\" \/>\n<meta name=\"twitter:label1\" content=\"\u00c9crit par\" \/>\n\t<meta name=\"twitter:data1\" content=\"gazettead2024gmailcom\" \/>\n\t<meta name=\"twitter:label2\" content=\"Dur\u00e9e de lecture estim\u00e9e\" \/>\n\t<meta name=\"twitter:data2\" content=\"2 minutes\" \/>\n<script type=\"application\/ld+json\" class=\"yoast-schema-graph\">{\"@context\":\"https:\\\/\\\/schema.org\",\"@graph\":[{\"@type\":\"Article\",\"@id\":\"https:\\\/\\\/gazetteinfos.net\\\/index.php\\\/2026\\\/09\\\/01\\\/eliminatoires-can-2027-quatre-arbitres-congolais-designes-pour-mali-cap-vert\\\/#article\",\"isPartOf\":{\"@id\":\"https:\\\/\\\/gazetteinfos.net\\\/index.php\\\/2026\\\/09\\\/01\\\/eliminatoires-can-2027-quatre-arbitres-congolais-designes-pour-mali-cap-vert\\\/\"},\"author\":{\"name\":\"gazettead2024gmailcom\",\"@id\":\"https:\\\/\\\/gazetteinfos.net\\\/#\\\/schema\\\/person\\\/d73ae61684083b98fa750c4800983201\"},\"headline\":\"\u00c9liminatoires CAN 2027 : quatre arbitres congolais d\u00e9sign\u00e9s pour Mali\u2013Cap-Vert\",\"datePublished\":\"2026-09-01T15:16:19+00:00\",\"dateModified\":\"2026-09-01T15:16:25+00:00\",\"mainEntityOfPage\":{\"@id\":\"https:\\\/\\\/gazetteinfos.net\\\/index.php\\\/2026\\\/09\\\/01\\\/eliminatoires-can-2027-quatre-arbitres-congolais-designes-pour-mali-cap-vert\\\/\"},\"wordCount\":204,\"commentCount\":0,\"publisher\":{\"@id\":\"https:\\\/\\\/gazetteinfos.net\\\/#organization\"},\"image\":{\"@id\":\"https:\\\/\\\/gazetteinfos.net\\\/index.php\\\/2026\\\/09\\\/01\\\/eliminatoires-can-2027-quatre-arbitres-congolais-designes-pour-mali-cap-vert\\\/#primaryimage\"},\"thumbnailUrl\":\"https:\\\/\\\/gazetteinfos.net\\\/wp-content\\\/uploads\\\/2026\\\/09\\\/1788274632312.jpg\",\"articleSection\":[\"Actualit\u00e9\"],\"inLanguage\":\"fr-FR\",\"potentialAction\":[{\"@type\":\"CommentAction\",\"name\":\"Comment\",\"target\":[\"https:\\\/\\\/gazetteinfos.net\\\/index.php\\\/2026\\\/09\\\/01\\\/eliminatoires-can-2027-quatre-arbitres-congolais-designes-pour-mali-cap-vert\\\/#respond\"]}]},{\"@type\":\"WebPage\",\"@id\":\"https:\\\/\\\/gazetteinfos.net\\\/index.php\\\/2026\\\/09\\\/01\\\/eliminatoires-can-2027-quatre-arbitres-congolais-designes-pour-mali-cap-vert\\\/\",\"url\":\"https:\\\/\\\/gazetteinfos.net\\\/index.php\\\/2026\\\/09\\\/01\\\/eliminatoires-can-2027-quatre-arbitres-congolais-designes-pour-mali-cap-vert\\\/\",\"name\":\"\u00c9liminatoires CAN 2027 : quatre arbitres congolais d\u00e9sign\u00e9s pour Mali\u2013Cap-Vert - Gazette Info\",\"isPartOf\":{\"@id\":\"https:\\\/\\\/gazetteinfos.net\\\/#website\"},\"primaryImageOfPage\":{\"@id\":\"https:\\\/\\\/gazetteinfos.net\\\/index.php\\\/2026\\\/09\\\/01\\\/eliminatoires-can-2027-quatre-arbitres-congolais-designes-pour-mali-cap-vert\\\/#primaryimage\"},\"image\":{\"@id\":\"https:\\\/\\\/gazetteinfos.net\\\/index.php\\\/2026\\\/09\\\/01\\\/eliminatoires-can-2027-quatre-arbitres-congolais-designes-pour-mali-cap-vert\\\/#primaryimage\"},\"thumbnailUrl\":\"https:\\\/\\\/gazetteinfos.net\\\/wp-content\\\/uploads\\\/2026\\\/09\\\/1788274632312.jpg\",\"datePublished\":\"2026-09-01T15:16:19+00:00\",\"dateModified\":\"2026-09-01T15:16:25+00:00\",\"breadcrumb\":{\"@id\":\"https:\\\/\\\/gazetteinfos.net\\\/index.php\\\/2026\\\/09\\\/01\\\/eliminatoires-can-2027-quatre-arbitres-congolais-designes-pour-mali-cap-vert\\\/#breadcrumb\"},\"inLanguage\":\"fr-FR\",\"potentialAction\":[{\"@type\":\"ReadAction\",\"target\":[\"https:\\\/\\\/gazetteinfos.net\\\/index.php\\\/2026\\\/09\\\/01\\\/eliminatoires-can-2027-quatre-arbitres-congolais-designes-pour-mali-cap-vert\\\/\"]}]},{\"@type\":\"ImageObject\",\"inLanguage\":\"fr-FR\",\"@id\":\"https:\\\/\\\/gazetteinfos.net\\\/index.php\\\/2026\\\/09\\\/01\\\/eliminatoires-can-2027-quatre-arbitres-congolais-designes-pour-mali-cap-vert\\\/#primaryimage\",\"url\":\"https:\\\/\\\/gazetteinfos.net\\\/wp-content\\\/uploads\\\/2026\\\/09\\\/1788274632312.jpg\",\"contentUrl\":\"https:\\\/\\\/gazetteinfos.net\\\/wp-content\\\/uploads\\\/2026\\\/09\\\/1788274632312.jpg\",\"width\":690,\"height\":462},{\"@type\":\"BreadcrumbList\",\"@id\":\"https:\\\/\\\/gazetteinfos.net\\\/index.php\\\/2026\\\/09\\\/01\\\/eliminatoires-can-2027-quatre-arbitres-congolais-designes-pour-mali-cap-vert\\\/#breadcrumb\",\"itemListElement\":[{\"@type\":\"ListItem\",\"position\":1,\"name\":\"Home\",\"item\":\"https:\\\/\\\/gazetteinfos.net\\\/index.php\\\/accueil\\\/?lang=fr\"},{\"@type\":\"ListItem\",\"position\":2,\"name\":\"\u00c9liminatoires CAN 2027 : quatre arbitres congolais d\u00e9sign\u00e9s pour Mali\u2013Cap-Vert\"}]},{\"@type\":\"WebSite\",\"@id\":\"https:\\\/\\\/gazetteinfos.net\\\/#website\",\"url\":\"https:\\\/\\\/gazetteinfos.net\\\/\",\"name\":\"Gazette Info\",\"description\":\"L&#039;actualit\u00e9 au galop du cheval.\",\"publisher\":{\"@id\":\"https:\\\/\\\/gazetteinfos.net\\\/#organization\"},\"potentialAction\":[{\"@type\":\"SearchAction\",\"target\":{\"@type\":\"EntryPoint\",\"urlTemplate\":\"https:\\\/\\\/gazetteinfos.net\\\/?s={search_term_string}\"},\"query-input\":{\"@type\":\"PropertyValueSpecification\",\"valueRequired\":true,\"valueName\":\"search_term_string\"}}],\"inLanguage\":\"fr-FR\"},{\"@type\":\"Organization\",\"@id\":\"https:\\\/\\\/gazetteinfos.net\\\/#organization\",\"name\":\"Gazette Info\",\"url\":\"https:\\\/\\\/gazetteinfos.net\\\/\",\"logo\":{\"@type\":\"ImageObject\",\"inLanguage\":\"fr-FR\",\"@id\":\"https:\\\/\\\/gazetteinfos.net\\\/#\\\/schema\\\/logo\\\/image\\\/\",\"url\":\"https:\\\/\\\/gazetteinfos.net\\\/wp-content\\\/uploads\\\/2026\\\/08\\\/gazetteinfos-logo.png\",\"contentUrl\":\"https:\\\/\\\/gazetteinfos.net\\\/wp-content\\\/uploads\\\/2026\\\/08\\\/gazetteinfos-logo.png\",\"width\":1000,\"height\":250,\"caption\":\"Gazette Info\"},\"image\":{\"@id\":\"https:\\\/\\\/gazetteinfos.net\\\/#\\\/schema\\\/logo\\\/image\\\/\"}},{\"@type\":\"Person\",\"@id\":\"https:\\\/\\\/gazetteinfos.net\\\/#\\\/schema\\\/person\\\/d73ae61684083b98fa750c4800983201\",\"name\":\"gazettead2024gmailcom\",\"image\":{\"@type\":\"ImageObject\",\"inLanguage\":\"fr-FR\",\"@id\":\"https:\\\/\\\/secure.gravatar.com\\\/avatar\\\/8048ee0a120df59b2e841e99cd89588ad9a8b630732b434146f25e14cc0a442f?s=96&d=mm&r=g\",\"url\":\"https:\\\/\\\/secure.gravatar.com\\\/avatar\\\/8048ee0a120df59b2e841e99cd89588ad9a8b630732b434146f25e14cc0a442f?s=96&d=mm&r=g\",\"contentUrl\":\"https:\\\/\\\/secure.gravatar.com\\\/avatar\\\/8048ee0a120df59b2e841e99cd89588ad9a8b630732b434146f25e14cc0a442f?s=96&d=mm&r=g\",\"caption\":\"gazettead2024gmailcom\"},\"sameAs\":[\"https:\\\/\\\/gazetteinfos.net\"],\"url\":\"https:\\\/\\\/gazetteinfos.net\\\/index.php\\\/author\\\/gazettead2024gmailcom\\\/\"}]}<\/script>\n<!-- \/ Yoast SEO plugin. -->","yoast_head_json":{"title":"\u00c9liminatoires CAN 2027 : quatre arbitres congolais d\u00e9sign\u00e9s pour Mali\u2013Cap-Vert - Gazette Info","robots":{"index":"index","follow":"follow","max-snippet":"max-snippet:-1","max-image-preview":"max-image-preview:large","max-video-preview":"max-video-preview:-1"},"canonical":"https:\/\/gazetteinfos.net\/index.php\/2026\/09\/01\/eliminatoires-can-2027-quatre-arbitres-congolais-designes-pour-mali-cap-vert\/","og_locale":"fr_FR","og_type":"article","og_title":"\u00c9liminatoires CAN 2027 : quatre arbitres congolais d\u00e9sign\u00e9s pour Mali\u2013Cap-Vert - Gazette Info","og_description":"Kinshasa, 1er septembre 2026 \u2014 La R\u00e9publique d\u00e9mocratique du Congo sera repr\u00e9sent\u00e9e sur le terrain arbitral lors du match des \u00e9liminatoires de la Coupe d\u2019Afrique des nations\u2026","og_url":"https:\/\/gazetteinfos.net\/index.php\/2026\/09\/01\/eliminatoires-can-2027-quatre-arbitres-congolais-designes-pour-mali-cap-vert\/","og_site_name":"Gazette Info","article_published_time":"2026-09-01T15:16:19+00:00","article_modified_time":"2026-09-01T15:16:25+00:00","og_image":[{"width":690,"height":462,"url":"https:\/\/gazetteinfos.net\/wp-content\/uploads\/2026\/09\/1788274632312.jpg","type":"image\/jpeg"}],"author":"gazettead2024gmailcom","twitter_card":"summary_large_image","twitter_misc":{"\u00c9crit par":"gazettead2024gmailcom","Dur\u00e9e de lecture estim\u00e9e":"2 minutes"},"schema":{"@context":"https:\/\/schema.org","@graph":[{"@type":"Article","@id":"https:\/\/gazetteinfos.net\/index.php\/2026\/09\/01\/eliminatoires-can-2027-quatre-arbitres-congolais-designes-pour-mali-cap-vert\/#article","isPartOf":{"@id":"https:\/\/gazetteinfos.net\/index.php\/2026\/09\/01\/eliminatoires-can-2027-quatre-arbitres-congolais-designes-pour-mali-cap-vert\/"},"author":{"name":"gazettead2024gmailcom","@id":"https:\/\/gazetteinfos.net\/#\/schema\/person\/d73ae61684083b98fa750c4800983201"},"headline":"\u00c9liminatoires CAN 2027 : quatre arbitres congolais d\u00e9sign\u00e9s pour Mali\u2013Cap-Vert","datePublished":"2026-09-01T15:16:19+00:00","dateModified":"2026-09-01T15:16:25+00:00","mainEntityOfPage":{"@id":"https:\/\/gazetteinfos.net\/index.php\/2026\/09\/01\/eliminatoires-can-2027-quatre-arbitres-congolais-designes-pour-mali-cap-vert\/"},"wordCount":204,"commentCount":0,"publisher":{"@id":"https:\/\/gazetteinfos.net\/#organization"},"image":{"@id":"https:\/\/gazetteinfos.net\/index.php\/2026\/09\/01\/eliminatoires-can-2027-quatre-arbitres-congolais-designes-pour-mali-cap-vert\/#primaryimage"},"thumbnailUrl":"https:\/\/gazetteinfos.net\/wp-content\/uploads\/2026\/09\/1788274632312.jpg","articleSection":["Actualit\u00e9"],"inLanguage":"fr-FR","potentialAction":[{"@type":"CommentAction","name":"Comment","target":["https:\/\/gazetteinfos.net\/index.php\/2026\/09\/01\/eliminatoires-can-2027-quatre-arbitres-congolais-designes-pour-mali-cap-vert\/#respond"]}]},{"@type":"WebPage","@id":"https:\/\/gazetteinfos.net\/index.php\/2026\/09\/01\/eliminatoires-can-2027-quatre-arbitres-congolais-designes-pour-mali-cap-vert\/","url":"https:\/\/gazetteinfos.net\/index.php\/2026\/09\/01\/eliminatoires-can-2027-quatre-arbitres-congolais-designes-pour-mali-cap-vert\/","name":"\u00c9liminatoires CAN 2027 : quatre arbitres congolais d\u00e9sign\u00e9s pour Mali\u2013Cap-Vert - Gazette Info","isPartOf":{"@id":"https:\/\/gazetteinfos.net\/#website"},"primaryImageOfPage":{"@id":"https:\/\/gazetteinfos.net\/index.php\/2026\/09\/01\/eliminatoires-can-2027-quatre-arbitres-congolais-designes-pour-mali-cap-vert\/#primaryimage"},"image":{"@id":"https:\/\/gazetteinfos.net\/index.php\/2026\/09\/01\/eliminatoires-can-2027-quatre-arbitres-congolais-designes-pour-mali-cap-vert\/#primaryimage"},"thumbnailUrl":"https:\/\/gazetteinfos.net\/wp-content\/uploads\/2026\/09\/1788274632312.jpg","datePublished":"2026-09-01T15:16:19+00:00","dateModified":"2026-09-01T15:16:25+00:00","breadcrumb":{"@id":"https:\/\/gazetteinfos.net\/index.php\/2026\/09\/01\/eliminatoires-can-2027-quatre-arbitres-congolais-designes-pour-mali-cap-vert\/#breadcrumb"},"inLanguage":"fr-FR","potentialAction":[{"@type":"ReadAction","target":["https:\/\/gazetteinfos.net\/index.php\/2026\/09\/01\/eliminatoires-can-2027-quatre-arbitres-congolais-designes-pour-mali-cap-vert\/"]}]},{"@type":"ImageObject","inLanguage":"fr-FR","@id":"https:\/\/gazetteinfos.net\/index.php\/2026\/09\/01\/eliminatoires-can-2027-quatre-arbitres-congolais-designes-pour-mali-cap-vert\/#primaryimage","url":"https:\/\/gazetteinfos.net\/wp-content\/uploads\/2026\/09\/1788274632312.jpg","contentUrl":"https:\/\/gazetteinfos.net\/wp-content\/uploads\/2026\/09\/1788274632312.jpg","width":690,"height":462},{"@type":"BreadcrumbList","@id":"https:\/\/gazetteinfos.net\/index.php\/2026\/09\/01\/eliminatoires-can-2027-quatre-arbitres-congolais-designes-pour-mali-cap-vert\/#breadcrumb","itemListElement":[{"@type":"ListItem","position":1,"name":"Home","item":"https:\/\/gazetteinfos.net\/index.php\/accueil\/?lang=fr"},{"@type":"ListItem","position":2,"name":"\u00c9liminatoires CAN 2027 : quatre arbitres congolais d\u00e9sign\u00e9s pour Mali\u2013Cap-Vert"}]},{"@type":"WebSite","@id":"https:\/\/gazetteinfos.net\/#website","url":"https:\/\/gazetteinfos.net\/","name":"Gazette Info","description":"L&#039;actualit\u00e9 au galop du cheval.","publisher":{"@id":"https:\/\/gazetteinfos.net\/#organization"},"potentialAction":[{"@type":"SearchAction","target":{"@type":"EntryPoint","urlTemplate":"https:\/\/gazetteinfos.net\/?s={search_term_string}"},"query-input":{"@type":"PropertyValueSpecification","valueRequired":true,"valueName":"search_term_string"}}],"inLanguage":"fr-FR"},{"@type":"Organization","@id":"https:\/\/gazetteinfos.net\/#organization","name":"Gazette Info","url":"https:\/\/gazetteinfos.net\/","logo":{"@type":"ImageObject","inLanguage":"fr-FR","@id":"https:\/\/gazetteinfos.net\/#\/schema\/logo\/image\/","url":"https:\/\/gazetteinfos.net\/wp-content\/uploads\/2026\/08\/gazetteinfos-logo.png","contentUrl":"https:\/\/gazetteinfos.net\/wp-content\/uploads\/2026\/08\/gazetteinfos-logo.png","width":1000,"height":250,"caption":"Gazette Info"},"image":{"@id":"https:\/\/gazetteinfos.net\/#\/schema\/logo\/image\/"}},{"@type":"Person","@id":"https:\/\/gazetteinfos.net\/#\/schema\/person\/d73ae61684083b98fa750c4800983201","name":"gazettead2024gmailcom","image":{"@type":"ImageObject","inLanguage":"fr-FR","@id":"https:\/\/secure.gravatar.com\/avatar\/8048ee0a120df59b2e841e99cd89588ad9a8b630732b434146f25e14cc0a442f?s=96&d=mm&r=g","url":"https:\/\/secure.gravatar.com\/avatar\/8048ee0a120df59b2e841e99cd89588ad9a8b630732b434146f25e14cc0a442f?s=96&d=mm&r=g","contentUrl":"https:\/\/secure.gravatar.com\/avatar\/8048ee0a120df59b2e841e99cd89588ad9a8b630732b434146f25e14cc0a442f?s=96&d=mm&r=g","caption":"gazettead2024gmailcom"},"sameAs":["https:\/\/gazetteinfos.net"],"url":"https:\/\/gazetteinfos.net\/index.php\/author\/gazettead2024gmailcom\/"}]}},"_links":{"self":[{"href":"https:\/\/gazetteinfos.net\/index.php\/wp-json\/wp\/v2\/posts\/323","targetHints":{"allow":["GET"]}}],"collection":[{"href":"https:\/\/gazetteinfos.net\/index.php\/wp-json\/wp\/v2\/posts"}],"about":[{"href":"https:\/\/gazetteinfos.net\/index.php\/wp-json\/wp\/v2\/types\/post"}],"author":[{"embeddable":true,"href":"https:\/\/gazetteinfos.net\/index.php\/wp-json\/wp\/v2\/users\/1"}],"replies":[{"embeddable":true,"href":"https:\/\/gazetteinfos.net\/index.php\/wp-json\/wp\/v2\/comments?post=323"}],"version-history":[{"count":1,"href":"https:\/\/gazetteinfos.net\/index.php\/wp-json\/wp\/v2\/posts\/323\/revisions"}],"predecessor-version":[{"id":325,"href":"https:\/\/gazetteinfos.net\/index.php\/wp-json\/wp\/v2\/posts\/323\/revisions\/325"}],"wp:featuredmedia":[{"embeddable":true,"href":"https:\/\/gazetteinfos.net\/index.php\/wp-json\/wp\/v2\/media\/324"}],"wp:attachment":[{"href":"https:\/\/gazetteinfos.net\/index.php\/wp-json\/wp\/v2\/media?parent=323"}],"wp:term":[{"taxonomy":"category","embeddable":true,"href":"https:\/\/gazetteinfos.net\/index.php\/wp-json\/wp\/v2\/categories?post=323"},{"taxonomy":"post_tag","embeddable":true,"href":"https:\/\/gazetteinfos.net\/index.php\/wp-json\/wp\/v2\/tags?post=323"},{"taxonomy":"gi_province","embeddable":true,"href":"https:\/\/gazetteinfos.net\/index.php\/wp-json\/wp\/v2\/gi_province?post=323"}],"curies":[{"name":"wp","href":"https:\/\/api.w.org\/{rel}","templated":true}]}}