{"id":320,"date":"2026-09-01T16:42:32","date_gmt":"2026-09-01T14:42:32","guid":{"rendered":"https:\/\/gazetteinfos.net\/?p=320"},"modified":"2026-09-01T16:42:36","modified_gmt":"2026-09-01T14:42:36","slug":"kasumbalesa-rentree-scolaire-2026-2027-le-maire-de-la-ville-maitre-andre-kapampa-kamwanya-donne-le-go","status":"publish","type":"post","link":"https:\/\/gazetteinfos.net\/index.php\/2026\/09\/01\/kasumbalesa-rentree-scolaire-2026-2027-le-maire-de-la-ville-maitre-andre-kapampa-kamwanya-donne-le-go\/","title":{"rendered":"Kasumbalesa : Rentr\u00e9e scolaire 2026-2027, le Maire de la ville Maitre Andr\u00e9 KAPAMPA KAMWANYA donne le Go."},"content":{"rendered":"\n<p class=\"wp-block-paragraph\">Le Maire de la ville de Kasumbalesa Maitre Andr\u00e9 KAPAMPA KAMWANYA a donn\u00e9 le ton ce Mardi 01 septembre de la rentr\u00e9e scolaire \u00e9dition 2026-2027 dans sa juridiction. \u200e\u200eUne c\u00e9r\u00e9monie qui a connue la participation du chef de secteur de Balamba Don Paulin KAMBWADJA, des cadres du syst\u00e8me \u00e9ducatif local et autres partenaires intervenants dans le secteur de l\u2019\u00e9ducation dans la ville fronti\u00e8re. <\/p>\n\n\n\n<p class=\"wp-block-paragraph\">\u200e\u200eBien avant cela, le Directeur sous Provincial de l\u2019enseignement Primaire, secondaire et nouvelle citoyennet\u00e9 de Kasumbalesa- Sakania Beno\u00eet TSHISAMBU a de prime abord Rendu hommage au Pr\u00e9sident de la R\u00e9publique F\u00e9lix Antoine Tshisekedi Tshilombo pour sa vision bas\u00e9e sur la gratuit\u00e9 de l\u2019enseignement Primaire dans notre pays. <\/p>\n\n\n\n<p class=\"wp-block-paragraph\">\u200e\u200eIl a en outre remercier le Maire de la ville de Kasumbalesa Maitre Andr\u00e9 KAPAMPA KAMWANYA et le chef du secteur de Balamba Don Paulin KAMBWADJA KAUTA pour leur accompagnement durant l\u2019ann\u00e9e scolaire qui vient de s\u2019\u00e9croul\u00e9. \u200e\u200ePour sa part, Ma\u00eetre Andr\u00e9 KAPAMPA KAMWANYA qui a d\u00e9clar\u00e9 ouverte cette ann\u00e9e scolaire dans sa juridiction n\u2019a pas cach\u00e9 toute sa satisfaction, celle d\u2019inviter tous les acteurs du syst\u00e8me \u00e9ducatif \u00e0 une bonne prestation comme voulu par le Gouvernement de la R\u00e9publique D\u00e9mocratique du Congo. \u200e\u200eC\u2019est par une visite de salles des classes du Maire de Kasumbalesa et toute sa d\u00e9l\u00e9gation que la journ\u00e9e s\u2019est cl\u00f4turer. \u200e\u200e\u200e\u200e\u200eBen DINANGA<\/p>\n","protected":false},"excerpt":{"rendered":"<p>Le Maire de la ville de Kasumbalesa Maitre Andr\u00e9 KAPAMPA KAMWANYA a donn\u00e9 le ton ce Mardi 01 septembre de la rentr\u00e9e scolaire \u00e9dition 2026-2027 dans sa\u2026<\/p>\n","protected":false},"author":1,"featured_media":321,"comment_status":"open","ping_status":"open","sticky":false,"template":"","format":"standard","meta":{"footnotes":""},"categories":[2],"tags":[],"gi_province":[9],"class_list":["post-320","post","type-post","status-publish","format-standard","has-post-thumbnail","hentry","category-actualite","gi_province-haut-katanga"],"yoast_head":"<!-- This site is optimized with the Yoast SEO plugin v28.4 - https:\/\/yoast.com\/product\/yoast-seo-wordpress\/ -->\n<title>Kasumbalesa : Rentr\u00e9e scolaire 2026-2027, le Maire de la ville Maitre Andr\u00e9 KAPAMPA KAMWANYA donne le Go. - Gazette Info<\/title>\n<meta name=\"robots\" content=\"index, follow, max-snippet:-1, max-image-preview:large, max-video-preview:-1\" \/>\n<link rel=\"canonical\" href=\"https:\/\/gazetteinfos.net\/index.php\/2026\/09\/01\/kasumbalesa-rentree-scolaire-2026-2027-le-maire-de-la-ville-maitre-andre-kapampa-kamwanya-donne-le-go\/\" \/>\n<meta property=\"og:locale\" content=\"fr_FR\" \/>\n<meta property=\"og:type\" content=\"article\" \/>\n<meta property=\"og:title\" content=\"Kasumbalesa : Rentr\u00e9e scolaire 2026-2027, le Maire de la ville Maitre Andr\u00e9 KAPAMPA KAMWANYA donne le Go. - Gazette Info\" \/>\n<meta property=\"og:description\" content=\"Le Maire de la ville de Kasumbalesa Maitre Andr\u00e9 KAPAMPA KAMWANYA a donn\u00e9 le ton ce Mardi 01 septembre de la rentr\u00e9e scolaire \u00e9dition 2026-2027 dans sa\u2026\" \/>\n<meta property=\"og:url\" content=\"https:\/\/gazetteinfos.net\/index.php\/2026\/09\/01\/kasumbalesa-rentree-scolaire-2026-2027-le-maire-de-la-ville-maitre-andre-kapampa-kamwanya-donne-le-go\/\" \/>\n<meta property=\"og:site_name\" content=\"Gazette Info\" \/>\n<meta property=\"article:published_time\" content=\"2026-09-01T14:42:32+00:00\" \/>\n<meta property=\"article:modified_time\" content=\"2026-09-01T14:42:36+00:00\" \/>\n<meta property=\"og:image\" content=\"https:\/\/gazetteinfos.net\/wp-content\/uploads\/2026\/09\/IMG-20260901-WA0044.jpg\" \/>\n\t<meta property=\"og:image:width\" content=\"2560\" \/>\n\t<meta property=\"og:image:height\" content=\"1182\" \/>\n\t<meta property=\"og:image:type\" content=\"image\/jpeg\" \/>\n<meta name=\"author\" content=\"gazettead2024gmailcom\" \/>\n<meta name=\"twitter:card\" content=\"summary_large_image\" \/>\n<meta name=\"twitter:label1\" content=\"\u00c9crit par\" \/>\n\t<meta name=\"twitter:data1\" content=\"gazettead2024gmailcom\" \/>\n\t<meta name=\"twitter:label2\" content=\"Dur\u00e9e de lecture estim\u00e9e\" \/>\n\t<meta name=\"twitter:data2\" content=\"2 minutes\" \/>\n<script type=\"application\/ld+json\" class=\"yoast-schema-graph\">{\"@context\":\"https:\\\/\\\/schema.org\",\"@graph\":[{\"@type\":\"Article\",\"@id\":\"https:\\\/\\\/gazetteinfos.net\\\/index.php\\\/2026\\\/09\\\/01\\\/kasumbalesa-rentree-scolaire-2026-2027-le-maire-de-la-ville-maitre-andre-kapampa-kamwanya-donne-le-go\\\/#article\",\"isPartOf\":{\"@id\":\"https:\\\/\\\/gazetteinfos.net\\\/index.php\\\/2026\\\/09\\\/01\\\/kasumbalesa-rentree-scolaire-2026-2027-le-maire-de-la-ville-maitre-andre-kapampa-kamwanya-donne-le-go\\\/\"},\"author\":{\"name\":\"gazettead2024gmailcom\",\"@id\":\"https:\\\/\\\/gazetteinfos.net\\\/#\\\/schema\\\/person\\\/d73ae61684083b98fa750c4800983201\"},\"headline\":\"Kasumbalesa : Rentr\u00e9e scolaire 2026-2027, le Maire de la ville Maitre Andr\u00e9 KAPAMPA KAMWANYA donne le Go.\",\"datePublished\":\"2026-09-01T14:42:32+00:00\",\"dateModified\":\"2026-09-01T14:42:36+00:00\",\"mainEntityOfPage\":{\"@id\":\"https:\\\/\\\/gazetteinfos.net\\\/index.php\\\/2026\\\/09\\\/01\\\/kasumbalesa-rentree-scolaire-2026-2027-le-maire-de-la-ville-maitre-andre-kapampa-kamwanya-donne-le-go\\\/\"},\"wordCount\":261,\"commentCount\":0,\"publisher\":{\"@id\":\"https:\\\/\\\/gazetteinfos.net\\\/#organization\"},\"image\":{\"@id\":\"https:\\\/\\\/gazetteinfos.net\\\/index.php\\\/2026\\\/09\\\/01\\\/kasumbalesa-rentree-scolaire-2026-2027-le-maire-de-la-ville-maitre-andre-kapampa-kamwanya-donne-le-go\\\/#primaryimage\"},\"thumbnailUrl\":\"https:\\\/\\\/gazetteinfos.net\\\/wp-content\\\/uploads\\\/2026\\\/09\\\/IMG-20260901-WA0044.jpg\",\"articleSection\":[\"Actualit\u00e9\"],\"inLanguage\":\"fr-FR\",\"potentialAction\":[{\"@type\":\"CommentAction\",\"name\":\"Comment\",\"target\":[\"https:\\\/\\\/gazetteinfos.net\\\/index.php\\\/2026\\\/09\\\/01\\\/kasumbalesa-rentree-scolaire-2026-2027-le-maire-de-la-ville-maitre-andre-kapampa-kamwanya-donne-le-go\\\/#respond\"]}]},{\"@type\":\"WebPage\",\"@id\":\"https:\\\/\\\/gazetteinfos.net\\\/index.php\\\/2026\\\/09\\\/01\\\/kasumbalesa-rentree-scolaire-2026-2027-le-maire-de-la-ville-maitre-andre-kapampa-kamwanya-donne-le-go\\\/\",\"url\":\"https:\\\/\\\/gazetteinfos.net\\\/index.php\\\/2026\\\/09\\\/01\\\/kasumbalesa-rentree-scolaire-2026-2027-le-maire-de-la-ville-maitre-andre-kapampa-kamwanya-donne-le-go\\\/\",\"name\":\"Kasumbalesa : Rentr\u00e9e scolaire 2026-2027, le Maire de la ville Maitre Andr\u00e9 KAPAMPA KAMWANYA donne le Go. - Gazette Info\",\"isPartOf\":{\"@id\":\"https:\\\/\\\/gazetteinfos.net\\\/#website\"},\"primaryImageOfPage\":{\"@id\":\"https:\\\/\\\/gazetteinfos.net\\\/index.php\\\/2026\\\/09\\\/01\\\/kasumbalesa-rentree-scolaire-2026-2027-le-maire-de-la-ville-maitre-andre-kapampa-kamwanya-donne-le-go\\\/#primaryimage\"},\"image\":{\"@id\":\"https:\\\/\\\/gazetteinfos.net\\\/index.php\\\/2026\\\/09\\\/01\\\/kasumbalesa-rentree-scolaire-2026-2027-le-maire-de-la-ville-maitre-andre-kapampa-kamwanya-donne-le-go\\\/#primaryimage\"},\"thumbnailUrl\":\"https:\\\/\\\/gazetteinfos.net\\\/wp-content\\\/uploads\\\/2026\\\/09\\\/IMG-20260901-WA0044.jpg\",\"datePublished\":\"2026-09-01T14:42:32+00:00\",\"dateModified\":\"2026-09-01T14:42:36+00:00\",\"breadcrumb\":{\"@id\":\"https:\\\/\\\/gazetteinfos.net\\\/index.php\\\/2026\\\/09\\\/01\\\/kasumbalesa-rentree-scolaire-2026-2027-le-maire-de-la-ville-maitre-andre-kapampa-kamwanya-donne-le-go\\\/#breadcrumb\"},\"inLanguage\":\"fr-FR\",\"potentialAction\":[{\"@type\":\"ReadAction\",\"target\":[\"https:\\\/\\\/gazetteinfos.net\\\/index.php\\\/2026\\\/09\\\/01\\\/kasumbalesa-rentree-scolaire-2026-2027-le-maire-de-la-ville-maitre-andre-kapampa-kamwanya-donne-le-go\\\/\"]}]},{\"@type\":\"ImageObject\",\"inLanguage\":\"fr-FR\",\"@id\":\"https:\\\/\\\/gazetteinfos.net\\\/index.php\\\/2026\\\/09\\\/01\\\/kasumbalesa-rentree-scolaire-2026-2027-le-maire-de-la-ville-maitre-andre-kapampa-kamwanya-donne-le-go\\\/#primaryimage\",\"url\":\"https:\\\/\\\/gazetteinfos.net\\\/wp-content\\\/uploads\\\/2026\\\/09\\\/IMG-20260901-WA0044.jpg\",\"contentUrl\":\"https:\\\/\\\/gazetteinfos.net\\\/wp-content\\\/uploads\\\/2026\\\/09\\\/IMG-20260901-WA0044.jpg\",\"width\":2560,\"height\":1182},{\"@type\":\"BreadcrumbList\",\"@id\":\"https:\\\/\\\/gazetteinfos.net\\\/index.php\\\/2026\\\/09\\\/01\\\/kasumbalesa-rentree-scolaire-2026-2027-le-maire-de-la-ville-maitre-andre-kapampa-kamwanya-donne-le-go\\\/#breadcrumb\",\"itemListElement\":[{\"@type\":\"ListItem\",\"position\":1,\"name\":\"Home\",\"item\":\"https:\\\/\\\/gazetteinfos.net\\\/index.php\\\/accueil\\\/?lang=fr\"},{\"@type\":\"ListItem\",\"position\":2,\"name\":\"Kasumbalesa : Rentr\u00e9e scolaire 2026-2027, le Maire de la ville Maitre Andr\u00e9 KAPAMPA KAMWANYA donne le Go.\"}]},{\"@type\":\"WebSite\",\"@id\":\"https:\\\/\\\/gazetteinfos.net\\\/#website\",\"url\":\"https:\\\/\\\/gazetteinfos.net\\\/\",\"name\":\"Gazette Info\",\"description\":\"L&#039;actualit\u00e9 au galop du cheval.\",\"publisher\":{\"@id\":\"https:\\\/\\\/gazetteinfos.net\\\/#organization\"},\"potentialAction\":[{\"@type\":\"SearchAction\",\"target\":{\"@type\":\"EntryPoint\",\"urlTemplate\":\"https:\\\/\\\/gazetteinfos.net\\\/?s={search_term_string}\"},\"query-input\":{\"@type\":\"PropertyValueSpecification\",\"valueRequired\":true,\"valueName\":\"search_term_string\"}}],\"inLanguage\":\"fr-FR\"},{\"@type\":\"Organization\",\"@id\":\"https:\\\/\\\/gazetteinfos.net\\\/#organization\",\"name\":\"Gazette Info\",\"url\":\"https:\\\/\\\/gazetteinfos.net\\\/\",\"logo\":{\"@type\":\"ImageObject\",\"inLanguage\":\"fr-FR\",\"@id\":\"https:\\\/\\\/gazetteinfos.net\\\/#\\\/schema\\\/logo\\\/image\\\/\",\"url\":\"https:\\\/\\\/gazetteinfos.net\\\/wp-content\\\/uploads\\\/2026\\\/08\\\/gazetteinfos-logo.png\",\"contentUrl\":\"https:\\\/\\\/gazetteinfos.net\\\/wp-content\\\/uploads\\\/2026\\\/08\\\/gazetteinfos-logo.png\",\"width\":1000,\"height\":250,\"caption\":\"Gazette Info\"},\"image\":{\"@id\":\"https:\\\/\\\/gazetteinfos.net\\\/#\\\/schema\\\/logo\\\/image\\\/\"}},{\"@type\":\"Person\",\"@id\":\"https:\\\/\\\/gazetteinfos.net\\\/#\\\/schema\\\/person\\\/d73ae61684083b98fa750c4800983201\",\"name\":\"gazettead2024gmailcom\",\"image\":{\"@type\":\"ImageObject\",\"inLanguage\":\"fr-FR\",\"@id\":\"https:\\\/\\\/secure.gravatar.com\\\/avatar\\\/8048ee0a120df59b2e841e99cd89588ad9a8b630732b434146f25e14cc0a442f?s=96&d=mm&r=g\",\"url\":\"https:\\\/\\\/secure.gravatar.com\\\/avatar\\\/8048ee0a120df59b2e841e99cd89588ad9a8b630732b434146f25e14cc0a442f?s=96&d=mm&r=g\",\"contentUrl\":\"https:\\\/\\\/secure.gravatar.com\\\/avatar\\\/8048ee0a120df59b2e841e99cd89588ad9a8b630732b434146f25e14cc0a442f?s=96&d=mm&r=g\",\"caption\":\"gazettead2024gmailcom\"},\"sameAs\":[\"https:\\\/\\\/gazetteinfos.net\"],\"url\":\"https:\\\/\\\/gazetteinfos.net\\\/index.php\\\/author\\\/gazettead2024gmailcom\\\/\"}]}<\/script>\n<!-- \/ Yoast SEO plugin. -->","yoast_head_json":{"title":"Kasumbalesa : Rentr\u00e9e scolaire 2026-2027, le Maire de la ville Maitre Andr\u00e9 KAPAMPA KAMWANYA donne le Go. - Gazette Info","robots":{"index":"index","follow":"follow","max-snippet":"max-snippet:-1","max-image-preview":"max-image-preview:large","max-video-preview":"max-video-preview:-1"},"canonical":"https:\/\/gazetteinfos.net\/index.php\/2026\/09\/01\/kasumbalesa-rentree-scolaire-2026-2027-le-maire-de-la-ville-maitre-andre-kapampa-kamwanya-donne-le-go\/","og_locale":"fr_FR","og_type":"article","og_title":"Kasumbalesa : Rentr\u00e9e scolaire 2026-2027, le Maire de la ville Maitre Andr\u00e9 KAPAMPA KAMWANYA donne le Go. - Gazette Info","og_description":"Le Maire de la ville de Kasumbalesa Maitre Andr\u00e9 KAPAMPA KAMWANYA a donn\u00e9 le ton ce Mardi 01 septembre de la rentr\u00e9e scolaire \u00e9dition 2026-2027 dans sa\u2026","og_url":"https:\/\/gazetteinfos.net\/index.php\/2026\/09\/01\/kasumbalesa-rentree-scolaire-2026-2027-le-maire-de-la-ville-maitre-andre-kapampa-kamwanya-donne-le-go\/","og_site_name":"Gazette Info","article_published_time":"2026-09-01T14:42:32+00:00","article_modified_time":"2026-09-01T14:42:36+00:00","og_image":[{"width":2560,"height":1182,"url":"https:\/\/gazetteinfos.net\/wp-content\/uploads\/2026\/09\/IMG-20260901-WA0044.jpg","type":"image\/jpeg"}],"author":"gazettead2024gmailcom","twitter_card":"summary_large_image","twitter_misc":{"\u00c9crit par":"gazettead2024gmailcom","Dur\u00e9e de lecture estim\u00e9e":"2 minutes"},"schema":{"@context":"https:\/\/schema.org","@graph":[{"@type":"Article","@id":"https:\/\/gazetteinfos.net\/index.php\/2026\/09\/01\/kasumbalesa-rentree-scolaire-2026-2027-le-maire-de-la-ville-maitre-andre-kapampa-kamwanya-donne-le-go\/#article","isPartOf":{"@id":"https:\/\/gazetteinfos.net\/index.php\/2026\/09\/01\/kasumbalesa-rentree-scolaire-2026-2027-le-maire-de-la-ville-maitre-andre-kapampa-kamwanya-donne-le-go\/"},"author":{"name":"gazettead2024gmailcom","@id":"https:\/\/gazetteinfos.net\/#\/schema\/person\/d73ae61684083b98fa750c4800983201"},"headline":"Kasumbalesa : Rentr\u00e9e scolaire 2026-2027, le Maire de la ville Maitre Andr\u00e9 KAPAMPA KAMWANYA donne le Go.","datePublished":"2026-09-01T14:42:32+00:00","dateModified":"2026-09-01T14:42:36+00:00","mainEntityOfPage":{"@id":"https:\/\/gazetteinfos.net\/index.php\/2026\/09\/01\/kasumbalesa-rentree-scolaire-2026-2027-le-maire-de-la-ville-maitre-andre-kapampa-kamwanya-donne-le-go\/"},"wordCount":261,"commentCount":0,"publisher":{"@id":"https:\/\/gazetteinfos.net\/#organization"},"image":{"@id":"https:\/\/gazetteinfos.net\/index.php\/2026\/09\/01\/kasumbalesa-rentree-scolaire-2026-2027-le-maire-de-la-ville-maitre-andre-kapampa-kamwanya-donne-le-go\/#primaryimage"},"thumbnailUrl":"https:\/\/gazetteinfos.net\/wp-content\/uploads\/2026\/09\/IMG-20260901-WA0044.jpg","articleSection":["Actualit\u00e9"],"inLanguage":"fr-FR","potentialAction":[{"@type":"CommentAction","name":"Comment","target":["https:\/\/gazetteinfos.net\/index.php\/2026\/09\/01\/kasumbalesa-rentree-scolaire-2026-2027-le-maire-de-la-ville-maitre-andre-kapampa-kamwanya-donne-le-go\/#respond"]}]},{"@type":"WebPage","@id":"https:\/\/gazetteinfos.net\/index.php\/2026\/09\/01\/kasumbalesa-rentree-scolaire-2026-2027-le-maire-de-la-ville-maitre-andre-kapampa-kamwanya-donne-le-go\/","url":"https:\/\/gazetteinfos.net\/index.php\/2026\/09\/01\/kasumbalesa-rentree-scolaire-2026-2027-le-maire-de-la-ville-maitre-andre-kapampa-kamwanya-donne-le-go\/","name":"Kasumbalesa : Rentr\u00e9e scolaire 2026-2027, le Maire de la ville Maitre Andr\u00e9 KAPAMPA KAMWANYA donne le Go. - Gazette Info","isPartOf":{"@id":"https:\/\/gazetteinfos.net\/#website"},"primaryImageOfPage":{"@id":"https:\/\/gazetteinfos.net\/index.php\/2026\/09\/01\/kasumbalesa-rentree-scolaire-2026-2027-le-maire-de-la-ville-maitre-andre-kapampa-kamwanya-donne-le-go\/#primaryimage"},"image":{"@id":"https:\/\/gazetteinfos.net\/index.php\/2026\/09\/01\/kasumbalesa-rentree-scolaire-2026-2027-le-maire-de-la-ville-maitre-andre-kapampa-kamwanya-donne-le-go\/#primaryimage"},"thumbnailUrl":"https:\/\/gazetteinfos.net\/wp-content\/uploads\/2026\/09\/IMG-20260901-WA0044.jpg","datePublished":"2026-09-01T14:42:32+00:00","dateModified":"2026-09-01T14:42:36+00:00","breadcrumb":{"@id":"https:\/\/gazetteinfos.net\/index.php\/2026\/09\/01\/kasumbalesa-rentree-scolaire-2026-2027-le-maire-de-la-ville-maitre-andre-kapampa-kamwanya-donne-le-go\/#breadcrumb"},"inLanguage":"fr-FR","potentialAction":[{"@type":"ReadAction","target":["https:\/\/gazetteinfos.net\/index.php\/2026\/09\/01\/kasumbalesa-rentree-scolaire-2026-2027-le-maire-de-la-ville-maitre-andre-kapampa-kamwanya-donne-le-go\/"]}]},{"@type":"ImageObject","inLanguage":"fr-FR","@id":"https:\/\/gazetteinfos.net\/index.php\/2026\/09\/01\/kasumbalesa-rentree-scolaire-2026-2027-le-maire-de-la-ville-maitre-andre-kapampa-kamwanya-donne-le-go\/#primaryimage","url":"https:\/\/gazetteinfos.net\/wp-content\/uploads\/2026\/09\/IMG-20260901-WA0044.jpg","contentUrl":"https:\/\/gazetteinfos.net\/wp-content\/uploads\/2026\/09\/IMG-20260901-WA0044.jpg","width":2560,"height":1182},{"@type":"BreadcrumbList","@id":"https:\/\/gazetteinfos.net\/index.php\/2026\/09\/01\/kasumbalesa-rentree-scolaire-2026-2027-le-maire-de-la-ville-maitre-andre-kapampa-kamwanya-donne-le-go\/#breadcrumb","itemListElement":[{"@type":"ListItem","position":1,"name":"Home","item":"https:\/\/gazetteinfos.net\/index.php\/accueil\/?lang=fr"},{"@type":"ListItem","position":2,"name":"Kasumbalesa : Rentr\u00e9e scolaire 2026-2027, le Maire de la ville Maitre Andr\u00e9 KAPAMPA KAMWANYA donne le Go."}]},{"@type":"WebSite","@id":"https:\/\/gazetteinfos.net\/#website","url":"https:\/\/gazetteinfos.net\/","name":"Gazette Info","description":"L&#039;actualit\u00e9 au galop du cheval.","publisher":{"@id":"https:\/\/gazetteinfos.net\/#organization"},"potentialAction":[{"@type":"SearchAction","target":{"@type":"EntryPoint","urlTemplate":"https:\/\/gazetteinfos.net\/?s={search_term_string}"},"query-input":{"@type":"PropertyValueSpecification","valueRequired":true,"valueName":"search_term_string"}}],"inLanguage":"fr-FR"},{"@type":"Organization","@id":"https:\/\/gazetteinfos.net\/#organization","name":"Gazette Info","url":"https:\/\/gazetteinfos.net\/","logo":{"@type":"ImageObject","inLanguage":"fr-FR","@id":"https:\/\/gazetteinfos.net\/#\/schema\/logo\/image\/","url":"https:\/\/gazetteinfos.net\/wp-content\/uploads\/2026\/08\/gazetteinfos-logo.png","contentUrl":"https:\/\/gazetteinfos.net\/wp-content\/uploads\/2026\/08\/gazetteinfos-logo.png","width":1000,"height":250,"caption":"Gazette Info"},"image":{"@id":"https:\/\/gazetteinfos.net\/#\/schema\/logo\/image\/"}},{"@type":"Person","@id":"https:\/\/gazetteinfos.net\/#\/schema\/person\/d73ae61684083b98fa750c4800983201","name":"gazettead2024gmailcom","image":{"@type":"ImageObject","inLanguage":"fr-FR","@id":"https:\/\/secure.gravatar.com\/avatar\/8048ee0a120df59b2e841e99cd89588ad9a8b630732b434146f25e14cc0a442f?s=96&d=mm&r=g","url":"https:\/\/secure.gravatar.com\/avatar\/8048ee0a120df59b2e841e99cd89588ad9a8b630732b434146f25e14cc0a442f?s=96&d=mm&r=g","contentUrl":"https:\/\/secure.gravatar.com\/avatar\/8048ee0a120df59b2e841e99cd89588ad9a8b630732b434146f25e14cc0a442f?s=96&d=mm&r=g","caption":"gazettead2024gmailcom"},"sameAs":["https:\/\/gazetteinfos.net"],"url":"https:\/\/gazetteinfos.net\/index.php\/author\/gazettead2024gmailcom\/"}]}},"_links":{"self":[{"href":"https:\/\/gazetteinfos.net\/index.php\/wp-json\/wp\/v2\/posts\/320","targetHints":{"allow":["GET"]}}],"collection":[{"href":"https:\/\/gazetteinfos.net\/index.php\/wp-json\/wp\/v2\/posts"}],"about":[{"href":"https:\/\/gazetteinfos.net\/index.php\/wp-json\/wp\/v2\/types\/post"}],"author":[{"embeddable":true,"href":"https:\/\/gazetteinfos.net\/index.php\/wp-json\/wp\/v2\/users\/1"}],"replies":[{"embeddable":true,"href":"https:\/\/gazetteinfos.net\/index.php\/wp-json\/wp\/v2\/comments?post=320"}],"version-history":[{"count":1,"href":"https:\/\/gazetteinfos.net\/index.php\/wp-json\/wp\/v2\/posts\/320\/revisions"}],"predecessor-version":[{"id":322,"href":"https:\/\/gazetteinfos.net\/index.php\/wp-json\/wp\/v2\/posts\/320\/revisions\/322"}],"wp:featuredmedia":[{"embeddable":true,"href":"https:\/\/gazetteinfos.net\/index.php\/wp-json\/wp\/v2\/media\/321"}],"wp:attachment":[{"href":"https:\/\/gazetteinfos.net\/index.php\/wp-json\/wp\/v2\/media?parent=320"}],"wp:term":[{"taxonomy":"category","embeddable":true,"href":"https:\/\/gazetteinfos.net\/index.php\/wp-json\/wp\/v2\/categories?post=320"},{"taxonomy":"post_tag","embeddable":true,"href":"https:\/\/gazetteinfos.net\/index.php\/wp-json\/wp\/v2\/tags?post=320"},{"taxonomy":"gi_province","embeddable":true,"href":"https:\/\/gazetteinfos.net\/index.php\/wp-json\/wp\/v2\/gi_province?post=320"}],"curies":[{"name":"wp","href":"https:\/\/api.w.org\/{rel}","templated":true}]}}