{"id":317,"date":"2026-09-01T16:30:11","date_gmt":"2026-09-01T14:30:11","guid":{"rendered":"https:\/\/gazetteinfos.net\/?p=317"},"modified":"2026-09-01T16:30:21","modified_gmt":"2026-09-01T14:30:21","slug":"kasumbalesa-le-nouveau-procureur-de-la-republique-renouvelle-son-serment-devant-le-tribunal-de-paix","status":"publish","type":"post","link":"https:\/\/gazetteinfos.net\/index.php\/2026\/09\/01\/kasumbalesa-le-nouveau-procureur-de-la-republique-renouvelle-son-serment-devant-le-tribunal-de-paix\/","title":{"rendered":"Kasumbalesa : le nouveau procureur de la R\u00e9publique renouvelle son serment devant le Tribunal de paix"},"content":{"rendered":"\n<p class=\"wp-block-paragraph\">Kasumbalesa \u2014 Une nouvelle page s\u2019ouvre au sein du Parquet pr\u00e8s le Tribunal de paix de Kasumbalesa. Le nouveau procureur de la R\u00e9publique, M. Bope Mikomi Alain, a solennellement renouvel\u00e9 son serment devant cette juridiction, au cours d\u2019une c\u00e9r\u00e9monie officielle organis\u00e9e dans la ville frontali\u00e8re.\u200e\u200eNomm\u00e9 r\u00e9cemment par ordonnance pr\u00e9sidentielle et affect\u00e9 \u00e0 Kasumbalesa en qualit\u00e9 de chef du Parquet, Bope Mikomi Alain a ainsi officiellement pris ses fonctions, conform\u00e9ment aux exigences l\u00e9gales r\u00e9gissant l\u2019exercice de la magistrature en R\u00e9publique d\u00e9mocratique du Congo.<\/p>\n\n\n\n<p class=\"wp-block-paragraph\">\u200e\u200eLa c\u00e9r\u00e9monie s\u2019est d\u00e9roul\u00e9e en pr\u00e9sence de plusieurs personnalit\u00e9s politico-administratives, judiciaires et s\u00e9curitaires de la ville. Parmi les invit\u00e9s figuraient notamment le maire de Kasumbalesa, Ma\u00eetre Andr\u00e9 Kapampa Kamwanya, son adjointe Fifi Mwitaba Kabobo, les membres du comit\u00e9 local de s\u00e9curit\u00e9, ainsi que des avocats et d\u00e9fenseurs judiciaires relevant du Tribunal de grande instance de Kipushi. Plusieurs responsables des services \u00e9tatiques et para\u00e9tatiques de la ville ont \u00e9galement pris part \u00e0 cet \u00e9v\u00e9nement.<\/p>\n\n\n\n<p class=\"wp-block-paragraph\">\u200e\u200eApr\u00e8s la prestation solennelle du serment, la parole a \u00e9t\u00e9 successivement accord\u00e9e au repr\u00e9sentant du barreau du Haut-Katanga, Ma\u00eetre Armand Betu, et au syndic du Tribunal de grande instance de Kipushi, Ma\u00eetre Olivier Kasongo. Dans leurs interventions, les deux repr\u00e9sentants du corps judiciaire ont souhait\u00e9 la bienvenue au nouveau chef du Parquet de Kasumbalesa, tout en l\u2019exhortant \u00e0 exercer ses fonctions dans le strict respect des lois et des principes qui r\u00e9gissent la justice congolaise.<\/p>\n\n\n\n<p class=\"wp-block-paragraph\">\u200e\u200ePrenant la parole \u00e0 son tour, le nouveau procureur de la R\u00e9publique a exprim\u00e9 sa reconnaissance au Pr\u00e9sident de la R\u00e9publique, F\u00e9lix-Antoine Tshisekedi Tshilombo, pour sa nomination et la confiance plac\u00e9e en sa personne. Il a r\u00e9affirm\u00e9 son engagement \u00e0 assumer pleinement les responsabilit\u00e9s qui lui sont confi\u00e9es dans son nouveau ressort judiciaire.<\/p>\n\n\n\n<p class=\"wp-block-paragraph\">\u200e\u200eDans le cadre de son expos\u00e9 consacr\u00e9 \u00e0 une notion de droit, Alain Bope Mikomi s\u2019est notamment pench\u00e9 sur la mission de la magistrature, en mettant en lumi\u00e8re la distinction entre les magistrats du minist\u00e8re public et les magistrats du si\u00e8ge. Une intervention qui a permis de rappeler les r\u00f4les respectifs de ces deux composantes essentielles de l\u2019appareil judiciaire.\u200e\u200e<\/p>\n\n\n\n<p class=\"wp-block-paragraph\"><strong><em>Ben DINANGA<\/em><\/strong><\/p>\n","protected":false},"excerpt":{"rendered":"<p>Kasumbalesa \u2014 Une nouvelle page s\u2019ouvre au sein du Parquet pr\u00e8s le Tribunal de paix de Kasumbalesa. Le nouveau procureur de la R\u00e9publique, M. Bope Mikomi Alain,\u2026<\/p>\n","protected":false},"author":1,"featured_media":318,"comment_status":"open","ping_status":"open","sticky":false,"template":"","format":"standard","meta":{"footnotes":""},"categories":[2],"tags":[],"gi_province":[9],"class_list":["post-317","post","type-post","status-publish","format-standard","has-post-thumbnail","hentry","category-actualite","gi_province-haut-katanga"],"yoast_head":"<!-- This site is optimized with the Yoast SEO plugin v28.4 - https:\/\/yoast.com\/product\/yoast-seo-wordpress\/ -->\n<title>Kasumbalesa : le nouveau procureur de la R\u00e9publique renouvelle son serment devant le Tribunal de paix - Gazette Info<\/title>\n<meta name=\"robots\" content=\"index, follow, max-snippet:-1, max-image-preview:large, max-video-preview:-1\" \/>\n<link rel=\"canonical\" href=\"https:\/\/gazetteinfos.net\/index.php\/2026\/09\/01\/kasumbalesa-le-nouveau-procureur-de-la-republique-renouvelle-son-serment-devant-le-tribunal-de-paix\/\" \/>\n<meta property=\"og:locale\" content=\"fr_FR\" \/>\n<meta property=\"og:type\" content=\"article\" \/>\n<meta property=\"og:title\" content=\"Kasumbalesa : le nouveau procureur de la R\u00e9publique renouvelle son serment devant le Tribunal de paix - Gazette Info\" \/>\n<meta property=\"og:description\" content=\"Kasumbalesa \u2014 Une nouvelle page s\u2019ouvre au sein du Parquet pr\u00e8s le Tribunal de paix de Kasumbalesa. Le nouveau procureur de la R\u00e9publique, M. Bope Mikomi Alain,\u2026\" \/>\n<meta property=\"og:url\" content=\"https:\/\/gazetteinfos.net\/index.php\/2026\/09\/01\/kasumbalesa-le-nouveau-procureur-de-la-republique-renouvelle-son-serment-devant-le-tribunal-de-paix\/\" \/>\n<meta property=\"og:site_name\" content=\"Gazette Info\" \/>\n<meta property=\"article:published_time\" content=\"2026-09-01T14:30:11+00:00\" \/>\n<meta property=\"article:modified_time\" content=\"2026-09-01T14:30:21+00:00\" \/>\n<meta property=\"og:image\" content=\"https:\/\/gazetteinfos.net\/wp-content\/uploads\/2026\/09\/IMG-20260901-WA0040.jpg\" \/>\n\t<meta property=\"og:image:width\" content=\"1000\" \/>\n\t<meta property=\"og:image:height\" content=\"750\" \/>\n\t<meta property=\"og:image:type\" content=\"image\/jpeg\" \/>\n<meta name=\"author\" content=\"gazettead2024gmailcom\" \/>\n<meta name=\"twitter:card\" content=\"summary_large_image\" \/>\n<meta name=\"twitter:label1\" content=\"\u00c9crit par\" \/>\n\t<meta name=\"twitter:data1\" content=\"gazettead2024gmailcom\" \/>\n\t<meta name=\"twitter:label2\" content=\"Dur\u00e9e de lecture estim\u00e9e\" \/>\n\t<meta name=\"twitter:data2\" content=\"2 minutes\" \/>\n<script type=\"application\/ld+json\" class=\"yoast-schema-graph\">{\"@context\":\"https:\\\/\\\/schema.org\",\"@graph\":[{\"@type\":\"Article\",\"@id\":\"https:\\\/\\\/gazetteinfos.net\\\/index.php\\\/2026\\\/09\\\/01\\\/kasumbalesa-le-nouveau-procureur-de-la-republique-renouvelle-son-serment-devant-le-tribunal-de-paix\\\/#article\",\"isPartOf\":{\"@id\":\"https:\\\/\\\/gazetteinfos.net\\\/index.php\\\/2026\\\/09\\\/01\\\/kasumbalesa-le-nouveau-procureur-de-la-republique-renouvelle-son-serment-devant-le-tribunal-de-paix\\\/\"},\"author\":{\"name\":\"gazettead2024gmailcom\",\"@id\":\"https:\\\/\\\/gazetteinfos.net\\\/#\\\/schema\\\/person\\\/d73ae61684083b98fa750c4800983201\"},\"headline\":\"Kasumbalesa : le nouveau procureur de la R\u00e9publique renouvelle son serment devant le Tribunal de paix\",\"datePublished\":\"2026-09-01T14:30:11+00:00\",\"dateModified\":\"2026-09-01T14:30:21+00:00\",\"mainEntityOfPage\":{\"@id\":\"https:\\\/\\\/gazetteinfos.net\\\/index.php\\\/2026\\\/09\\\/01\\\/kasumbalesa-le-nouveau-procureur-de-la-republique-renouvelle-son-serment-devant-le-tribunal-de-paix\\\/\"},\"wordCount\":406,\"commentCount\":0,\"publisher\":{\"@id\":\"https:\\\/\\\/gazetteinfos.net\\\/#organization\"},\"image\":{\"@id\":\"https:\\\/\\\/gazetteinfos.net\\\/index.php\\\/2026\\\/09\\\/01\\\/kasumbalesa-le-nouveau-procureur-de-la-republique-renouvelle-son-serment-devant-le-tribunal-de-paix\\\/#primaryimage\"},\"thumbnailUrl\":\"https:\\\/\\\/gazetteinfos.net\\\/wp-content\\\/uploads\\\/2026\\\/09\\\/IMG-20260901-WA0040.jpg\",\"articleSection\":[\"Actualit\u00e9\"],\"inLanguage\":\"fr-FR\",\"potentialAction\":[{\"@type\":\"CommentAction\",\"name\":\"Comment\",\"target\":[\"https:\\\/\\\/gazetteinfos.net\\\/index.php\\\/2026\\\/09\\\/01\\\/kasumbalesa-le-nouveau-procureur-de-la-republique-renouvelle-son-serment-devant-le-tribunal-de-paix\\\/#respond\"]}]},{\"@type\":\"WebPage\",\"@id\":\"https:\\\/\\\/gazetteinfos.net\\\/index.php\\\/2026\\\/09\\\/01\\\/kasumbalesa-le-nouveau-procureur-de-la-republique-renouvelle-son-serment-devant-le-tribunal-de-paix\\\/\",\"url\":\"https:\\\/\\\/gazetteinfos.net\\\/index.php\\\/2026\\\/09\\\/01\\\/kasumbalesa-le-nouveau-procureur-de-la-republique-renouvelle-son-serment-devant-le-tribunal-de-paix\\\/\",\"name\":\"Kasumbalesa : le nouveau procureur de la R\u00e9publique renouvelle son serment devant le Tribunal de paix - Gazette Info\",\"isPartOf\":{\"@id\":\"https:\\\/\\\/gazetteinfos.net\\\/#website\"},\"primaryImageOfPage\":{\"@id\":\"https:\\\/\\\/gazetteinfos.net\\\/index.php\\\/2026\\\/09\\\/01\\\/kasumbalesa-le-nouveau-procureur-de-la-republique-renouvelle-son-serment-devant-le-tribunal-de-paix\\\/#primaryimage\"},\"image\":{\"@id\":\"https:\\\/\\\/gazetteinfos.net\\\/index.php\\\/2026\\\/09\\\/01\\\/kasumbalesa-le-nouveau-procureur-de-la-republique-renouvelle-son-serment-devant-le-tribunal-de-paix\\\/#primaryimage\"},\"thumbnailUrl\":\"https:\\\/\\\/gazetteinfos.net\\\/wp-content\\\/uploads\\\/2026\\\/09\\\/IMG-20260901-WA0040.jpg\",\"datePublished\":\"2026-09-01T14:30:11+00:00\",\"dateModified\":\"2026-09-01T14:30:21+00:00\",\"breadcrumb\":{\"@id\":\"https:\\\/\\\/gazetteinfos.net\\\/index.php\\\/2026\\\/09\\\/01\\\/kasumbalesa-le-nouveau-procureur-de-la-republique-renouvelle-son-serment-devant-le-tribunal-de-paix\\\/#breadcrumb\"},\"inLanguage\":\"fr-FR\",\"potentialAction\":[{\"@type\":\"ReadAction\",\"target\":[\"https:\\\/\\\/gazetteinfos.net\\\/index.php\\\/2026\\\/09\\\/01\\\/kasumbalesa-le-nouveau-procureur-de-la-republique-renouvelle-son-serment-devant-le-tribunal-de-paix\\\/\"]}]},{\"@type\":\"ImageObject\",\"inLanguage\":\"fr-FR\",\"@id\":\"https:\\\/\\\/gazetteinfos.net\\\/index.php\\\/2026\\\/09\\\/01\\\/kasumbalesa-le-nouveau-procureur-de-la-republique-renouvelle-son-serment-devant-le-tribunal-de-paix\\\/#primaryimage\",\"url\":\"https:\\\/\\\/gazetteinfos.net\\\/wp-content\\\/uploads\\\/2026\\\/09\\\/IMG-20260901-WA0040.jpg\",\"contentUrl\":\"https:\\\/\\\/gazetteinfos.net\\\/wp-content\\\/uploads\\\/2026\\\/09\\\/IMG-20260901-WA0040.jpg\",\"width\":1000,\"height\":750},{\"@type\":\"BreadcrumbList\",\"@id\":\"https:\\\/\\\/gazetteinfos.net\\\/index.php\\\/2026\\\/09\\\/01\\\/kasumbalesa-le-nouveau-procureur-de-la-republique-renouvelle-son-serment-devant-le-tribunal-de-paix\\\/#breadcrumb\",\"itemListElement\":[{\"@type\":\"ListItem\",\"position\":1,\"name\":\"Home\",\"item\":\"https:\\\/\\\/gazetteinfos.net\\\/index.php\\\/accueil\\\/?lang=fr\"},{\"@type\":\"ListItem\",\"position\":2,\"name\":\"Kasumbalesa : le nouveau procureur de la R\u00e9publique renouvelle son serment devant le Tribunal de paix\"}]},{\"@type\":\"WebSite\",\"@id\":\"https:\\\/\\\/gazetteinfos.net\\\/#website\",\"url\":\"https:\\\/\\\/gazetteinfos.net\\\/\",\"name\":\"Gazette Info\",\"description\":\"L&#039;actualit\u00e9 au galop du cheval.\",\"publisher\":{\"@id\":\"https:\\\/\\\/gazetteinfos.net\\\/#organization\"},\"potentialAction\":[{\"@type\":\"SearchAction\",\"target\":{\"@type\":\"EntryPoint\",\"urlTemplate\":\"https:\\\/\\\/gazetteinfos.net\\\/?s={search_term_string}\"},\"query-input\":{\"@type\":\"PropertyValueSpecification\",\"valueRequired\":true,\"valueName\":\"search_term_string\"}}],\"inLanguage\":\"fr-FR\"},{\"@type\":\"Organization\",\"@id\":\"https:\\\/\\\/gazetteinfos.net\\\/#organization\",\"name\":\"Gazette Info\",\"url\":\"https:\\\/\\\/gazetteinfos.net\\\/\",\"logo\":{\"@type\":\"ImageObject\",\"inLanguage\":\"fr-FR\",\"@id\":\"https:\\\/\\\/gazetteinfos.net\\\/#\\\/schema\\\/logo\\\/image\\\/\",\"url\":\"https:\\\/\\\/gazetteinfos.net\\\/wp-content\\\/uploads\\\/2026\\\/08\\\/gazetteinfos-logo.png\",\"contentUrl\":\"https:\\\/\\\/gazetteinfos.net\\\/wp-content\\\/uploads\\\/2026\\\/08\\\/gazetteinfos-logo.png\",\"width\":1000,\"height\":250,\"caption\":\"Gazette Info\"},\"image\":{\"@id\":\"https:\\\/\\\/gazetteinfos.net\\\/#\\\/schema\\\/logo\\\/image\\\/\"}},{\"@type\":\"Person\",\"@id\":\"https:\\\/\\\/gazetteinfos.net\\\/#\\\/schema\\\/person\\\/d73ae61684083b98fa750c4800983201\",\"name\":\"gazettead2024gmailcom\",\"image\":{\"@type\":\"ImageObject\",\"inLanguage\":\"fr-FR\",\"@id\":\"https:\\\/\\\/secure.gravatar.com\\\/avatar\\\/8048ee0a120df59b2e841e99cd89588ad9a8b630732b434146f25e14cc0a442f?s=96&d=mm&r=g\",\"url\":\"https:\\\/\\\/secure.gravatar.com\\\/avatar\\\/8048ee0a120df59b2e841e99cd89588ad9a8b630732b434146f25e14cc0a442f?s=96&d=mm&r=g\",\"contentUrl\":\"https:\\\/\\\/secure.gravatar.com\\\/avatar\\\/8048ee0a120df59b2e841e99cd89588ad9a8b630732b434146f25e14cc0a442f?s=96&d=mm&r=g\",\"caption\":\"gazettead2024gmailcom\"},\"sameAs\":[\"https:\\\/\\\/gazetteinfos.net\"],\"url\":\"https:\\\/\\\/gazetteinfos.net\\\/index.php\\\/author\\\/gazettead2024gmailcom\\\/\"}]}<\/script>\n<!-- \/ Yoast SEO plugin. -->","yoast_head_json":{"title":"Kasumbalesa : le nouveau procureur de la R\u00e9publique renouvelle son serment devant le Tribunal de paix - Gazette Info","robots":{"index":"index","follow":"follow","max-snippet":"max-snippet:-1","max-image-preview":"max-image-preview:large","max-video-preview":"max-video-preview:-1"},"canonical":"https:\/\/gazetteinfos.net\/index.php\/2026\/09\/01\/kasumbalesa-le-nouveau-procureur-de-la-republique-renouvelle-son-serment-devant-le-tribunal-de-paix\/","og_locale":"fr_FR","og_type":"article","og_title":"Kasumbalesa : le nouveau procureur de la R\u00e9publique renouvelle son serment devant le Tribunal de paix - Gazette Info","og_description":"Kasumbalesa \u2014 Une nouvelle page s\u2019ouvre au sein du Parquet pr\u00e8s le Tribunal de paix de Kasumbalesa. Le nouveau procureur de la R\u00e9publique, M. Bope Mikomi Alain,\u2026","og_url":"https:\/\/gazetteinfos.net\/index.php\/2026\/09\/01\/kasumbalesa-le-nouveau-procureur-de-la-republique-renouvelle-son-serment-devant-le-tribunal-de-paix\/","og_site_name":"Gazette Info","article_published_time":"2026-09-01T14:30:11+00:00","article_modified_time":"2026-09-01T14:30:21+00:00","og_image":[{"width":1000,"height":750,"url":"https:\/\/gazetteinfos.net\/wp-content\/uploads\/2026\/09\/IMG-20260901-WA0040.jpg","type":"image\/jpeg"}],"author":"gazettead2024gmailcom","twitter_card":"summary_large_image","twitter_misc":{"\u00c9crit par":"gazettead2024gmailcom","Dur\u00e9e de lecture estim\u00e9e":"2 minutes"},"schema":{"@context":"https:\/\/schema.org","@graph":[{"@type":"Article","@id":"https:\/\/gazetteinfos.net\/index.php\/2026\/09\/01\/kasumbalesa-le-nouveau-procureur-de-la-republique-renouvelle-son-serment-devant-le-tribunal-de-paix\/#article","isPartOf":{"@id":"https:\/\/gazetteinfos.net\/index.php\/2026\/09\/01\/kasumbalesa-le-nouveau-procureur-de-la-republique-renouvelle-son-serment-devant-le-tribunal-de-paix\/"},"author":{"name":"gazettead2024gmailcom","@id":"https:\/\/gazetteinfos.net\/#\/schema\/person\/d73ae61684083b98fa750c4800983201"},"headline":"Kasumbalesa : le nouveau procureur de la R\u00e9publique renouvelle son serment devant le Tribunal de paix","datePublished":"2026-09-01T14:30:11+00:00","dateModified":"2026-09-01T14:30:21+00:00","mainEntityOfPage":{"@id":"https:\/\/gazetteinfos.net\/index.php\/2026\/09\/01\/kasumbalesa-le-nouveau-procureur-de-la-republique-renouvelle-son-serment-devant-le-tribunal-de-paix\/"},"wordCount":406,"commentCount":0,"publisher":{"@id":"https:\/\/gazetteinfos.net\/#organization"},"image":{"@id":"https:\/\/gazetteinfos.net\/index.php\/2026\/09\/01\/kasumbalesa-le-nouveau-procureur-de-la-republique-renouvelle-son-serment-devant-le-tribunal-de-paix\/#primaryimage"},"thumbnailUrl":"https:\/\/gazetteinfos.net\/wp-content\/uploads\/2026\/09\/IMG-20260901-WA0040.jpg","articleSection":["Actualit\u00e9"],"inLanguage":"fr-FR","potentialAction":[{"@type":"CommentAction","name":"Comment","target":["https:\/\/gazetteinfos.net\/index.php\/2026\/09\/01\/kasumbalesa-le-nouveau-procureur-de-la-republique-renouvelle-son-serment-devant-le-tribunal-de-paix\/#respond"]}]},{"@type":"WebPage","@id":"https:\/\/gazetteinfos.net\/index.php\/2026\/09\/01\/kasumbalesa-le-nouveau-procureur-de-la-republique-renouvelle-son-serment-devant-le-tribunal-de-paix\/","url":"https:\/\/gazetteinfos.net\/index.php\/2026\/09\/01\/kasumbalesa-le-nouveau-procureur-de-la-republique-renouvelle-son-serment-devant-le-tribunal-de-paix\/","name":"Kasumbalesa : le nouveau procureur de la R\u00e9publique renouvelle son serment devant le Tribunal de paix - Gazette Info","isPartOf":{"@id":"https:\/\/gazetteinfos.net\/#website"},"primaryImageOfPage":{"@id":"https:\/\/gazetteinfos.net\/index.php\/2026\/09\/01\/kasumbalesa-le-nouveau-procureur-de-la-republique-renouvelle-son-serment-devant-le-tribunal-de-paix\/#primaryimage"},"image":{"@id":"https:\/\/gazetteinfos.net\/index.php\/2026\/09\/01\/kasumbalesa-le-nouveau-procureur-de-la-republique-renouvelle-son-serment-devant-le-tribunal-de-paix\/#primaryimage"},"thumbnailUrl":"https:\/\/gazetteinfos.net\/wp-content\/uploads\/2026\/09\/IMG-20260901-WA0040.jpg","datePublished":"2026-09-01T14:30:11+00:00","dateModified":"2026-09-01T14:30:21+00:00","breadcrumb":{"@id":"https:\/\/gazetteinfos.net\/index.php\/2026\/09\/01\/kasumbalesa-le-nouveau-procureur-de-la-republique-renouvelle-son-serment-devant-le-tribunal-de-paix\/#breadcrumb"},"inLanguage":"fr-FR","potentialAction":[{"@type":"ReadAction","target":["https:\/\/gazetteinfos.net\/index.php\/2026\/09\/01\/kasumbalesa-le-nouveau-procureur-de-la-republique-renouvelle-son-serment-devant-le-tribunal-de-paix\/"]}]},{"@type":"ImageObject","inLanguage":"fr-FR","@id":"https:\/\/gazetteinfos.net\/index.php\/2026\/09\/01\/kasumbalesa-le-nouveau-procureur-de-la-republique-renouvelle-son-serment-devant-le-tribunal-de-paix\/#primaryimage","url":"https:\/\/gazetteinfos.net\/wp-content\/uploads\/2026\/09\/IMG-20260901-WA0040.jpg","contentUrl":"https:\/\/gazetteinfos.net\/wp-content\/uploads\/2026\/09\/IMG-20260901-WA0040.jpg","width":1000,"height":750},{"@type":"BreadcrumbList","@id":"https:\/\/gazetteinfos.net\/index.php\/2026\/09\/01\/kasumbalesa-le-nouveau-procureur-de-la-republique-renouvelle-son-serment-devant-le-tribunal-de-paix\/#breadcrumb","itemListElement":[{"@type":"ListItem","position":1,"name":"Home","item":"https:\/\/gazetteinfos.net\/index.php\/accueil\/?lang=fr"},{"@type":"ListItem","position":2,"name":"Kasumbalesa : le nouveau procureur de la R\u00e9publique renouvelle son serment devant le Tribunal de paix"}]},{"@type":"WebSite","@id":"https:\/\/gazetteinfos.net\/#website","url":"https:\/\/gazetteinfos.net\/","name":"Gazette Info","description":"L&#039;actualit\u00e9 au galop du cheval.","publisher":{"@id":"https:\/\/gazetteinfos.net\/#organization"},"potentialAction":[{"@type":"SearchAction","target":{"@type":"EntryPoint","urlTemplate":"https:\/\/gazetteinfos.net\/?s={search_term_string}"},"query-input":{"@type":"PropertyValueSpecification","valueRequired":true,"valueName":"search_term_string"}}],"inLanguage":"fr-FR"},{"@type":"Organization","@id":"https:\/\/gazetteinfos.net\/#organization","name":"Gazette Info","url":"https:\/\/gazetteinfos.net\/","logo":{"@type":"ImageObject","inLanguage":"fr-FR","@id":"https:\/\/gazetteinfos.net\/#\/schema\/logo\/image\/","url":"https:\/\/gazetteinfos.net\/wp-content\/uploads\/2026\/08\/gazetteinfos-logo.png","contentUrl":"https:\/\/gazetteinfos.net\/wp-content\/uploads\/2026\/08\/gazetteinfos-logo.png","width":1000,"height":250,"caption":"Gazette Info"},"image":{"@id":"https:\/\/gazetteinfos.net\/#\/schema\/logo\/image\/"}},{"@type":"Person","@id":"https:\/\/gazetteinfos.net\/#\/schema\/person\/d73ae61684083b98fa750c4800983201","name":"gazettead2024gmailcom","image":{"@type":"ImageObject","inLanguage":"fr-FR","@id":"https:\/\/secure.gravatar.com\/avatar\/8048ee0a120df59b2e841e99cd89588ad9a8b630732b434146f25e14cc0a442f?s=96&d=mm&r=g","url":"https:\/\/secure.gravatar.com\/avatar\/8048ee0a120df59b2e841e99cd89588ad9a8b630732b434146f25e14cc0a442f?s=96&d=mm&r=g","contentUrl":"https:\/\/secure.gravatar.com\/avatar\/8048ee0a120df59b2e841e99cd89588ad9a8b630732b434146f25e14cc0a442f?s=96&d=mm&r=g","caption":"gazettead2024gmailcom"},"sameAs":["https:\/\/gazetteinfos.net"],"url":"https:\/\/gazetteinfos.net\/index.php\/author\/gazettead2024gmailcom\/"}]}},"_links":{"self":[{"href":"https:\/\/gazetteinfos.net\/index.php\/wp-json\/wp\/v2\/posts\/317","targetHints":{"allow":["GET"]}}],"collection":[{"href":"https:\/\/gazetteinfos.net\/index.php\/wp-json\/wp\/v2\/posts"}],"about":[{"href":"https:\/\/gazetteinfos.net\/index.php\/wp-json\/wp\/v2\/types\/post"}],"author":[{"embeddable":true,"href":"https:\/\/gazetteinfos.net\/index.php\/wp-json\/wp\/v2\/users\/1"}],"replies":[{"embeddable":true,"href":"https:\/\/gazetteinfos.net\/index.php\/wp-json\/wp\/v2\/comments?post=317"}],"version-history":[{"count":1,"href":"https:\/\/gazetteinfos.net\/index.php\/wp-json\/wp\/v2\/posts\/317\/revisions"}],"predecessor-version":[{"id":319,"href":"https:\/\/gazetteinfos.net\/index.php\/wp-json\/wp\/v2\/posts\/317\/revisions\/319"}],"wp:featuredmedia":[{"embeddable":true,"href":"https:\/\/gazetteinfos.net\/index.php\/wp-json\/wp\/v2\/media\/318"}],"wp:attachment":[{"href":"https:\/\/gazetteinfos.net\/index.php\/wp-json\/wp\/v2\/media?parent=317"}],"wp:term":[{"taxonomy":"category","embeddable":true,"href":"https:\/\/gazetteinfos.net\/index.php\/wp-json\/wp\/v2\/categories?post=317"},{"taxonomy":"post_tag","embeddable":true,"href":"https:\/\/gazetteinfos.net\/index.php\/wp-json\/wp\/v2\/tags?post=317"},{"taxonomy":"gi_province","embeddable":true,"href":"https:\/\/gazetteinfos.net\/index.php\/wp-json\/wp\/v2\/gi_province?post=317"}],"curies":[{"name":"wp","href":"https:\/\/api.w.org\/{rel}","templated":true}]}}