{"id":314,"date":"2026-09-01T09:44:40","date_gmt":"2026-09-01T07:44:40","guid":{"rendered":"https:\/\/gazetteinfos.net\/?p=314"},"modified":"2026-09-01T09:44:45","modified_gmt":"2026-09-01T07:44:45","slug":"rentree-scolaire-2026-2027-faible-affluence-des-eleves-dans-les-rues-de-mbujimayi","status":"publish","type":"post","link":"https:\/\/gazetteinfos.net\/index.php\/2026\/09\/01\/rentree-scolaire-2026-2027-faible-affluence-des-eleves-dans-les-rues-de-mbujimayi\/","title":{"rendered":"Rentr\u00e9e scolaire 2026-2027 : faible affluence des \u00e9l\u00e8ves dans les rues de Mbujimayi"},"content":{"rendered":"\n<p class=\"wp-block-paragraph\">La rentr\u00e9e scolaire 2026-2027 a d\u00e9but\u00e9 ce mardi matin dans une ambiance encore timide \u00e0 Mbujimayi, chef-lieu de la province du Kasa\u00ef-Oriental. D\u00e8s 6 heures, les premiers \u00e9coliers ont commenc\u00e9 \u00e0 reprendre le chemin des \u00e9tablissements scolaires, tandis que la ville se r\u00e9veillait progressivement.\u200e\u200eDans les rues de Mbujimayi, la circulation est demeur\u00e9e relativement calme aux premi\u00e8res heures de la matin\u00e9e. Les \u00e9l\u00e8ves \u00e9taient encore peu nombreux \u00e0 se diriger vers leurs \u00e9coles. <\/p>\n\n\n\n<p class=\"wp-block-paragraph\">Quelques parents ont toutefois accompagn\u00e9 leurs enfants, r\u00e9pondant ainsi au mot d\u2019ordre lanc\u00e9 par le gouvernement \u00e0 l\u2019occasion de cette nouvelle rentr\u00e9e scolaire.\u200e\u200eSur certaines grandes art\u00e8res de la ville, des \u00e9coliers ont \u00e9galement \u00e9t\u00e9 aper\u00e7us \u00e0 bord de motos, un moyen de transport couramment utilis\u00e9 par certains habitants pour se d\u00e9placer.\u200e\u200e<\/p>\n\n\n\n<p class=\"wp-block-paragraph\">Entre l\u2019enthousiasme des retrouvailles apr\u00e8s les vacances et les incertitudes qui peuvent accompagner une nouvelle ann\u00e9e scolaire, Mbujimayi reprend progressivement son rythme habituel. Dans plusieurs quartiers, la pr\u00e9sence des \u00e9l\u00e8ves s\u2019est intensifi\u00e9e au fil des heures, donnant peu \u00e0 peu \u00e0 la ville son ambiance scolaire.\u200e\u200e<\/p>\n\n\n\n<p class=\"wp-block-paragraph\"><\/p>\n","protected":false},"excerpt":{"rendered":"<p>La rentr\u00e9e scolaire 2026-2027 a d\u00e9but\u00e9 ce mardi matin dans une ambiance encore timide \u00e0 Mbujimayi, chef-lieu de la province du Kasa\u00ef-Oriental. D\u00e8s 6 heures, les premiers\u2026<\/p>\n","protected":false},"author":1,"featured_media":315,"comment_status":"open","ping_status":"open","sticky":false,"template":"","format":"standard","meta":{"footnotes":""},"categories":[4],"tags":[],"gi_province":[15],"class_list":["post-314","post","type-post","status-publish","format-standard","has-post-thumbnail","hentry","category-social","gi_province-kasai-oriental"],"yoast_head":"<!-- This site is optimized with the Yoast SEO plugin v28.3 - https:\/\/yoast.com\/product\/yoast-seo-wordpress\/ -->\n<title>Rentr\u00e9e scolaire 2026-2027 : faible affluence des \u00e9l\u00e8ves dans les rues de Mbujimayi - Gazette Info<\/title>\n<meta name=\"robots\" content=\"index, follow, max-snippet:-1, max-image-preview:large, max-video-preview:-1\" \/>\n<link rel=\"canonical\" href=\"https:\/\/gazetteinfos.net\/index.php\/2026\/09\/01\/rentree-scolaire-2026-2027-faible-affluence-des-eleves-dans-les-rues-de-mbujimayi\/\" \/>\n<meta property=\"og:locale\" content=\"fr_FR\" \/>\n<meta property=\"og:type\" content=\"article\" \/>\n<meta property=\"og:title\" content=\"Rentr\u00e9e scolaire 2026-2027 : faible affluence des \u00e9l\u00e8ves dans les rues de Mbujimayi - Gazette Info\" \/>\n<meta property=\"og:description\" content=\"La rentr\u00e9e scolaire 2026-2027 a d\u00e9but\u00e9 ce mardi matin dans une ambiance encore timide \u00e0 Mbujimayi, chef-lieu de la province du Kasa\u00ef-Oriental. D\u00e8s 6 heures, les premiers\u2026\" \/>\n<meta property=\"og:url\" content=\"https:\/\/gazetteinfos.net\/index.php\/2026\/09\/01\/rentree-scolaire-2026-2027-faible-affluence-des-eleves-dans-les-rues-de-mbujimayi\/\" \/>\n<meta property=\"og:site_name\" content=\"Gazette Info\" \/>\n<meta property=\"article:published_time\" content=\"2026-09-01T07:44:40+00:00\" \/>\n<meta property=\"article:modified_time\" content=\"2026-09-01T07:44:45+00:00\" \/>\n<meta property=\"og:image\" content=\"https:\/\/gazetteinfos.net\/wp-content\/uploads\/2026\/09\/1788248145982.jpg\" \/>\n\t<meta property=\"og:image:width\" content=\"720\" \/>\n\t<meta property=\"og:image:height\" content=\"395\" \/>\n\t<meta property=\"og:image:type\" content=\"image\/jpeg\" \/>\n<meta name=\"author\" content=\"gazettead2024gmailcom\" \/>\n<meta name=\"twitter:card\" content=\"summary_large_image\" \/>\n<meta name=\"twitter:label1\" content=\"\u00c9crit par\" \/>\n\t<meta name=\"twitter:data1\" content=\"gazettead2024gmailcom\" \/>\n\t<meta name=\"twitter:label2\" content=\"Dur\u00e9e de lecture estim\u00e9e\" \/>\n\t<meta name=\"twitter:data2\" content=\"2 minutes\" \/>\n<script type=\"application\/ld+json\" class=\"yoast-schema-graph\">{\"@context\":\"https:\\\/\\\/schema.org\",\"@graph\":[{\"@type\":\"Article\",\"@id\":\"https:\\\/\\\/gazetteinfos.net\\\/index.php\\\/2026\\\/09\\\/01\\\/rentree-scolaire-2026-2027-faible-affluence-des-eleves-dans-les-rues-de-mbujimayi\\\/#article\",\"isPartOf\":{\"@id\":\"https:\\\/\\\/gazetteinfos.net\\\/index.php\\\/2026\\\/09\\\/01\\\/rentree-scolaire-2026-2027-faible-affluence-des-eleves-dans-les-rues-de-mbujimayi\\\/\"},\"author\":{\"name\":\"gazettead2024gmailcom\",\"@id\":\"https:\\\/\\\/gazetteinfos.net\\\/#\\\/schema\\\/person\\\/d73ae61684083b98fa750c4800983201\"},\"headline\":\"Rentr\u00e9e scolaire 2026-2027 : faible affluence des \u00e9l\u00e8ves dans les rues de Mbujimayi\",\"datePublished\":\"2026-09-01T07:44:40+00:00\",\"dateModified\":\"2026-09-01T07:44:45+00:00\",\"mainEntityOfPage\":{\"@id\":\"https:\\\/\\\/gazetteinfos.net\\\/index.php\\\/2026\\\/09\\\/01\\\/rentree-scolaire-2026-2027-faible-affluence-des-eleves-dans-les-rues-de-mbujimayi\\\/\"},\"wordCount\":200,\"commentCount\":0,\"publisher\":{\"@id\":\"https:\\\/\\\/gazetteinfos.net\\\/#organization\"},\"image\":{\"@id\":\"https:\\\/\\\/gazetteinfos.net\\\/index.php\\\/2026\\\/09\\\/01\\\/rentree-scolaire-2026-2027-faible-affluence-des-eleves-dans-les-rues-de-mbujimayi\\\/#primaryimage\"},\"thumbnailUrl\":\"https:\\\/\\\/gazetteinfos.net\\\/wp-content\\\/uploads\\\/2026\\\/09\\\/1788248145982.jpg\",\"articleSection\":[\"Social\"],\"inLanguage\":\"fr-FR\",\"potentialAction\":[{\"@type\":\"CommentAction\",\"name\":\"Comment\",\"target\":[\"https:\\\/\\\/gazetteinfos.net\\\/index.php\\\/2026\\\/09\\\/01\\\/rentree-scolaire-2026-2027-faible-affluence-des-eleves-dans-les-rues-de-mbujimayi\\\/#respond\"]}]},{\"@type\":\"WebPage\",\"@id\":\"https:\\\/\\\/gazetteinfos.net\\\/index.php\\\/2026\\\/09\\\/01\\\/rentree-scolaire-2026-2027-faible-affluence-des-eleves-dans-les-rues-de-mbujimayi\\\/\",\"url\":\"https:\\\/\\\/gazetteinfos.net\\\/index.php\\\/2026\\\/09\\\/01\\\/rentree-scolaire-2026-2027-faible-affluence-des-eleves-dans-les-rues-de-mbujimayi\\\/\",\"name\":\"Rentr\u00e9e scolaire 2026-2027 : faible affluence des \u00e9l\u00e8ves dans les rues de Mbujimayi - Gazette Info\",\"isPartOf\":{\"@id\":\"https:\\\/\\\/gazetteinfos.net\\\/#website\"},\"primaryImageOfPage\":{\"@id\":\"https:\\\/\\\/gazetteinfos.net\\\/index.php\\\/2026\\\/09\\\/01\\\/rentree-scolaire-2026-2027-faible-affluence-des-eleves-dans-les-rues-de-mbujimayi\\\/#primaryimage\"},\"image\":{\"@id\":\"https:\\\/\\\/gazetteinfos.net\\\/index.php\\\/2026\\\/09\\\/01\\\/rentree-scolaire-2026-2027-faible-affluence-des-eleves-dans-les-rues-de-mbujimayi\\\/#primaryimage\"},\"thumbnailUrl\":\"https:\\\/\\\/gazetteinfos.net\\\/wp-content\\\/uploads\\\/2026\\\/09\\\/1788248145982.jpg\",\"datePublished\":\"2026-09-01T07:44:40+00:00\",\"dateModified\":\"2026-09-01T07:44:45+00:00\",\"breadcrumb\":{\"@id\":\"https:\\\/\\\/gazetteinfos.net\\\/index.php\\\/2026\\\/09\\\/01\\\/rentree-scolaire-2026-2027-faible-affluence-des-eleves-dans-les-rues-de-mbujimayi\\\/#breadcrumb\"},\"inLanguage\":\"fr-FR\",\"potentialAction\":[{\"@type\":\"ReadAction\",\"target\":[\"https:\\\/\\\/gazetteinfos.net\\\/index.php\\\/2026\\\/09\\\/01\\\/rentree-scolaire-2026-2027-faible-affluence-des-eleves-dans-les-rues-de-mbujimayi\\\/\"]}]},{\"@type\":\"ImageObject\",\"inLanguage\":\"fr-FR\",\"@id\":\"https:\\\/\\\/gazetteinfos.net\\\/index.php\\\/2026\\\/09\\\/01\\\/rentree-scolaire-2026-2027-faible-affluence-des-eleves-dans-les-rues-de-mbujimayi\\\/#primaryimage\",\"url\":\"https:\\\/\\\/gazetteinfos.net\\\/wp-content\\\/uploads\\\/2026\\\/09\\\/1788248145982.jpg\",\"contentUrl\":\"https:\\\/\\\/gazetteinfos.net\\\/wp-content\\\/uploads\\\/2026\\\/09\\\/1788248145982.jpg\",\"width\":720,\"height\":395},{\"@type\":\"BreadcrumbList\",\"@id\":\"https:\\\/\\\/gazetteinfos.net\\\/index.php\\\/2026\\\/09\\\/01\\\/rentree-scolaire-2026-2027-faible-affluence-des-eleves-dans-les-rues-de-mbujimayi\\\/#breadcrumb\",\"itemListElement\":[{\"@type\":\"ListItem\",\"position\":1,\"name\":\"Home\",\"item\":\"https:\\\/\\\/gazetteinfos.net\\\/index.php\\\/accueil\\\/?lang=fr\"},{\"@type\":\"ListItem\",\"position\":2,\"name\":\"Rentr\u00e9e scolaire 2026-2027 : faible affluence des \u00e9l\u00e8ves dans les rues de Mbujimayi\"}]},{\"@type\":\"WebSite\",\"@id\":\"https:\\\/\\\/gazetteinfos.net\\\/#website\",\"url\":\"https:\\\/\\\/gazetteinfos.net\\\/\",\"name\":\"Gazette Info\",\"description\":\"L&#039;actualit\u00e9 au galop du cheval.\",\"publisher\":{\"@id\":\"https:\\\/\\\/gazetteinfos.net\\\/#organization\"},\"potentialAction\":[{\"@type\":\"SearchAction\",\"target\":{\"@type\":\"EntryPoint\",\"urlTemplate\":\"https:\\\/\\\/gazetteinfos.net\\\/?s={search_term_string}\"},\"query-input\":{\"@type\":\"PropertyValueSpecification\",\"valueRequired\":true,\"valueName\":\"search_term_string\"}}],\"inLanguage\":\"fr-FR\"},{\"@type\":\"Organization\",\"@id\":\"https:\\\/\\\/gazetteinfos.net\\\/#organization\",\"name\":\"Gazette Info\",\"url\":\"https:\\\/\\\/gazetteinfos.net\\\/\",\"logo\":{\"@type\":\"ImageObject\",\"inLanguage\":\"fr-FR\",\"@id\":\"https:\\\/\\\/gazetteinfos.net\\\/#\\\/schema\\\/logo\\\/image\\\/\",\"url\":\"https:\\\/\\\/gazetteinfos.net\\\/wp-content\\\/uploads\\\/2026\\\/08\\\/gazetteinfos-logo.png\",\"contentUrl\":\"https:\\\/\\\/gazetteinfos.net\\\/wp-content\\\/uploads\\\/2026\\\/08\\\/gazetteinfos-logo.png\",\"width\":1000,\"height\":250,\"caption\":\"Gazette Info\"},\"image\":{\"@id\":\"https:\\\/\\\/gazetteinfos.net\\\/#\\\/schema\\\/logo\\\/image\\\/\"}},{\"@type\":\"Person\",\"@id\":\"https:\\\/\\\/gazetteinfos.net\\\/#\\\/schema\\\/person\\\/d73ae61684083b98fa750c4800983201\",\"name\":\"gazettead2024gmailcom\",\"image\":{\"@type\":\"ImageObject\",\"inLanguage\":\"fr-FR\",\"@id\":\"https:\\\/\\\/secure.gravatar.com\\\/avatar\\\/8048ee0a120df59b2e841e99cd89588ad9a8b630732b434146f25e14cc0a442f?s=96&d=mm&r=g\",\"url\":\"https:\\\/\\\/secure.gravatar.com\\\/avatar\\\/8048ee0a120df59b2e841e99cd89588ad9a8b630732b434146f25e14cc0a442f?s=96&d=mm&r=g\",\"contentUrl\":\"https:\\\/\\\/secure.gravatar.com\\\/avatar\\\/8048ee0a120df59b2e841e99cd89588ad9a8b630732b434146f25e14cc0a442f?s=96&d=mm&r=g\",\"caption\":\"gazettead2024gmailcom\"},\"sameAs\":[\"https:\\\/\\\/gazetteinfos.net\"],\"url\":\"https:\\\/\\\/gazetteinfos.net\\\/index.php\\\/author\\\/gazettead2024gmailcom\\\/\"}]}<\/script>\n<!-- \/ Yoast SEO plugin. -->","yoast_head_json":{"title":"Rentr\u00e9e scolaire 2026-2027 : faible affluence des \u00e9l\u00e8ves dans les rues de Mbujimayi - Gazette Info","robots":{"index":"index","follow":"follow","max-snippet":"max-snippet:-1","max-image-preview":"max-image-preview:large","max-video-preview":"max-video-preview:-1"},"canonical":"https:\/\/gazetteinfos.net\/index.php\/2026\/09\/01\/rentree-scolaire-2026-2027-faible-affluence-des-eleves-dans-les-rues-de-mbujimayi\/","og_locale":"fr_FR","og_type":"article","og_title":"Rentr\u00e9e scolaire 2026-2027 : faible affluence des \u00e9l\u00e8ves dans les rues de Mbujimayi - Gazette Info","og_description":"La rentr\u00e9e scolaire 2026-2027 a d\u00e9but\u00e9 ce mardi matin dans une ambiance encore timide \u00e0 Mbujimayi, chef-lieu de la province du Kasa\u00ef-Oriental. D\u00e8s 6 heures, les premiers\u2026","og_url":"https:\/\/gazetteinfos.net\/index.php\/2026\/09\/01\/rentree-scolaire-2026-2027-faible-affluence-des-eleves-dans-les-rues-de-mbujimayi\/","og_site_name":"Gazette Info","article_published_time":"2026-09-01T07:44:40+00:00","article_modified_time":"2026-09-01T07:44:45+00:00","og_image":[{"width":720,"height":395,"url":"https:\/\/gazetteinfos.net\/wp-content\/uploads\/2026\/09\/1788248145982.jpg","type":"image\/jpeg"}],"author":"gazettead2024gmailcom","twitter_card":"summary_large_image","twitter_misc":{"\u00c9crit par":"gazettead2024gmailcom","Dur\u00e9e de lecture estim\u00e9e":"2 minutes"},"schema":{"@context":"https:\/\/schema.org","@graph":[{"@type":"Article","@id":"https:\/\/gazetteinfos.net\/index.php\/2026\/09\/01\/rentree-scolaire-2026-2027-faible-affluence-des-eleves-dans-les-rues-de-mbujimayi\/#article","isPartOf":{"@id":"https:\/\/gazetteinfos.net\/index.php\/2026\/09\/01\/rentree-scolaire-2026-2027-faible-affluence-des-eleves-dans-les-rues-de-mbujimayi\/"},"author":{"name":"gazettead2024gmailcom","@id":"https:\/\/gazetteinfos.net\/#\/schema\/person\/d73ae61684083b98fa750c4800983201"},"headline":"Rentr\u00e9e scolaire 2026-2027 : faible affluence des \u00e9l\u00e8ves dans les rues de Mbujimayi","datePublished":"2026-09-01T07:44:40+00:00","dateModified":"2026-09-01T07:44:45+00:00","mainEntityOfPage":{"@id":"https:\/\/gazetteinfos.net\/index.php\/2026\/09\/01\/rentree-scolaire-2026-2027-faible-affluence-des-eleves-dans-les-rues-de-mbujimayi\/"},"wordCount":200,"commentCount":0,"publisher":{"@id":"https:\/\/gazetteinfos.net\/#organization"},"image":{"@id":"https:\/\/gazetteinfos.net\/index.php\/2026\/09\/01\/rentree-scolaire-2026-2027-faible-affluence-des-eleves-dans-les-rues-de-mbujimayi\/#primaryimage"},"thumbnailUrl":"https:\/\/gazetteinfos.net\/wp-content\/uploads\/2026\/09\/1788248145982.jpg","articleSection":["Social"],"inLanguage":"fr-FR","potentialAction":[{"@type":"CommentAction","name":"Comment","target":["https:\/\/gazetteinfos.net\/index.php\/2026\/09\/01\/rentree-scolaire-2026-2027-faible-affluence-des-eleves-dans-les-rues-de-mbujimayi\/#respond"]}]},{"@type":"WebPage","@id":"https:\/\/gazetteinfos.net\/index.php\/2026\/09\/01\/rentree-scolaire-2026-2027-faible-affluence-des-eleves-dans-les-rues-de-mbujimayi\/","url":"https:\/\/gazetteinfos.net\/index.php\/2026\/09\/01\/rentree-scolaire-2026-2027-faible-affluence-des-eleves-dans-les-rues-de-mbujimayi\/","name":"Rentr\u00e9e scolaire 2026-2027 : faible affluence des \u00e9l\u00e8ves dans les rues de Mbujimayi - Gazette Info","isPartOf":{"@id":"https:\/\/gazetteinfos.net\/#website"},"primaryImageOfPage":{"@id":"https:\/\/gazetteinfos.net\/index.php\/2026\/09\/01\/rentree-scolaire-2026-2027-faible-affluence-des-eleves-dans-les-rues-de-mbujimayi\/#primaryimage"},"image":{"@id":"https:\/\/gazetteinfos.net\/index.php\/2026\/09\/01\/rentree-scolaire-2026-2027-faible-affluence-des-eleves-dans-les-rues-de-mbujimayi\/#primaryimage"},"thumbnailUrl":"https:\/\/gazetteinfos.net\/wp-content\/uploads\/2026\/09\/1788248145982.jpg","datePublished":"2026-09-01T07:44:40+00:00","dateModified":"2026-09-01T07:44:45+00:00","breadcrumb":{"@id":"https:\/\/gazetteinfos.net\/index.php\/2026\/09\/01\/rentree-scolaire-2026-2027-faible-affluence-des-eleves-dans-les-rues-de-mbujimayi\/#breadcrumb"},"inLanguage":"fr-FR","potentialAction":[{"@type":"ReadAction","target":["https:\/\/gazetteinfos.net\/index.php\/2026\/09\/01\/rentree-scolaire-2026-2027-faible-affluence-des-eleves-dans-les-rues-de-mbujimayi\/"]}]},{"@type":"ImageObject","inLanguage":"fr-FR","@id":"https:\/\/gazetteinfos.net\/index.php\/2026\/09\/01\/rentree-scolaire-2026-2027-faible-affluence-des-eleves-dans-les-rues-de-mbujimayi\/#primaryimage","url":"https:\/\/gazetteinfos.net\/wp-content\/uploads\/2026\/09\/1788248145982.jpg","contentUrl":"https:\/\/gazetteinfos.net\/wp-content\/uploads\/2026\/09\/1788248145982.jpg","width":720,"height":395},{"@type":"BreadcrumbList","@id":"https:\/\/gazetteinfos.net\/index.php\/2026\/09\/01\/rentree-scolaire-2026-2027-faible-affluence-des-eleves-dans-les-rues-de-mbujimayi\/#breadcrumb","itemListElement":[{"@type":"ListItem","position":1,"name":"Home","item":"https:\/\/gazetteinfos.net\/index.php\/accueil\/?lang=fr"},{"@type":"ListItem","position":2,"name":"Rentr\u00e9e scolaire 2026-2027 : faible affluence des \u00e9l\u00e8ves dans les rues de Mbujimayi"}]},{"@type":"WebSite","@id":"https:\/\/gazetteinfos.net\/#website","url":"https:\/\/gazetteinfos.net\/","name":"Gazette Info","description":"L&#039;actualit\u00e9 au galop du cheval.","publisher":{"@id":"https:\/\/gazetteinfos.net\/#organization"},"potentialAction":[{"@type":"SearchAction","target":{"@type":"EntryPoint","urlTemplate":"https:\/\/gazetteinfos.net\/?s={search_term_string}"},"query-input":{"@type":"PropertyValueSpecification","valueRequired":true,"valueName":"search_term_string"}}],"inLanguage":"fr-FR"},{"@type":"Organization","@id":"https:\/\/gazetteinfos.net\/#organization","name":"Gazette Info","url":"https:\/\/gazetteinfos.net\/","logo":{"@type":"ImageObject","inLanguage":"fr-FR","@id":"https:\/\/gazetteinfos.net\/#\/schema\/logo\/image\/","url":"https:\/\/gazetteinfos.net\/wp-content\/uploads\/2026\/08\/gazetteinfos-logo.png","contentUrl":"https:\/\/gazetteinfos.net\/wp-content\/uploads\/2026\/08\/gazetteinfos-logo.png","width":1000,"height":250,"caption":"Gazette Info"},"image":{"@id":"https:\/\/gazetteinfos.net\/#\/schema\/logo\/image\/"}},{"@type":"Person","@id":"https:\/\/gazetteinfos.net\/#\/schema\/person\/d73ae61684083b98fa750c4800983201","name":"gazettead2024gmailcom","image":{"@type":"ImageObject","inLanguage":"fr-FR","@id":"https:\/\/secure.gravatar.com\/avatar\/8048ee0a120df59b2e841e99cd89588ad9a8b630732b434146f25e14cc0a442f?s=96&d=mm&r=g","url":"https:\/\/secure.gravatar.com\/avatar\/8048ee0a120df59b2e841e99cd89588ad9a8b630732b434146f25e14cc0a442f?s=96&d=mm&r=g","contentUrl":"https:\/\/secure.gravatar.com\/avatar\/8048ee0a120df59b2e841e99cd89588ad9a8b630732b434146f25e14cc0a442f?s=96&d=mm&r=g","caption":"gazettead2024gmailcom"},"sameAs":["https:\/\/gazetteinfos.net"],"url":"https:\/\/gazetteinfos.net\/index.php\/author\/gazettead2024gmailcom\/"}]}},"_links":{"self":[{"href":"https:\/\/gazetteinfos.net\/index.php\/wp-json\/wp\/v2\/posts\/314","targetHints":{"allow":["GET"]}}],"collection":[{"href":"https:\/\/gazetteinfos.net\/index.php\/wp-json\/wp\/v2\/posts"}],"about":[{"href":"https:\/\/gazetteinfos.net\/index.php\/wp-json\/wp\/v2\/types\/post"}],"author":[{"embeddable":true,"href":"https:\/\/gazetteinfos.net\/index.php\/wp-json\/wp\/v2\/users\/1"}],"replies":[{"embeddable":true,"href":"https:\/\/gazetteinfos.net\/index.php\/wp-json\/wp\/v2\/comments?post=314"}],"version-history":[{"count":1,"href":"https:\/\/gazetteinfos.net\/index.php\/wp-json\/wp\/v2\/posts\/314\/revisions"}],"predecessor-version":[{"id":316,"href":"https:\/\/gazetteinfos.net\/index.php\/wp-json\/wp\/v2\/posts\/314\/revisions\/316"}],"wp:featuredmedia":[{"embeddable":true,"href":"https:\/\/gazetteinfos.net\/index.php\/wp-json\/wp\/v2\/media\/315"}],"wp:attachment":[{"href":"https:\/\/gazetteinfos.net\/index.php\/wp-json\/wp\/v2\/media?parent=314"}],"wp:term":[{"taxonomy":"category","embeddable":true,"href":"https:\/\/gazetteinfos.net\/index.php\/wp-json\/wp\/v2\/categories?post=314"},{"taxonomy":"post_tag","embeddable":true,"href":"https:\/\/gazetteinfos.net\/index.php\/wp-json\/wp\/v2\/tags?post=314"},{"taxonomy":"gi_province","embeddable":true,"href":"https:\/\/gazetteinfos.net\/index.php\/wp-json\/wp\/v2\/gi_province?post=314"}],"curies":[{"name":"wp","href":"https:\/\/api.w.org\/{rel}","templated":true}]}}