{"id":311,"date":"2026-09-01T09:08:50","date_gmt":"2026-09-01T07:08:50","guid":{"rendered":"https:\/\/gazetteinfos.net\/?p=311"},"modified":"2026-09-01T09:08:53","modified_gmt":"2026-09-01T07:08:53","slug":"rdc-la-tiktokeuse-denise-dusauchoy-arretee-en-tanzanie-a-la-demande-de-la-justice-congolaise","status":"publish","type":"post","link":"https:\/\/gazetteinfos.net\/index.php\/2026\/09\/01\/rdc-la-tiktokeuse-denise-dusauchoy-arretee-en-tanzanie-a-la-demande-de-la-justice-congolaise\/","title":{"rendered":"RDC : la TikTokeuse Denise Dusauchoy arr\u00eat\u00e9e en Tanzanie \u00e0 la demande de la justice congolaise"},"content":{"rendered":"\n<p class=\"wp-block-paragraph\">La TikTokeuse congolaise Denise Dusauchoy a \u00e9t\u00e9 arr\u00eat\u00e9e dimanche 30 ao\u00fbt 2026 en Tanzanie, \u00e0 la demande des autorit\u00e9s judiciaires de la R\u00e9publique d\u00e9mocratique du Congo (RDC), dans le cadre de proc\u00e9dures p\u00e9nales en cours.\u200e\u200eL\u2019information a \u00e9t\u00e9 confirm\u00e9e lundi par le minist\u00e8re congolais de la Justice dans un communiqu\u00e9 parvenu \u00e0 Gazetteinfos.net. <\/p>\n\n\n\n<p class=\"wp-block-paragraph\">Selon le document, l\u2019arrestation a \u00e9t\u00e9 effectu\u00e9e par les autorit\u00e9s tanzaniennes en ex\u00e9cution d\u2019un mandat d\u2019arr\u00eat d\u00e9livr\u00e9 par la justice congolaise.\u200e\u200e\u00ab Madame Denise Dusauchoy a \u00e9t\u00e9 arr\u00eat\u00e9e le 30 ao\u00fbt 2026 en R\u00e9publique-Unie de Tanzanie par les autorit\u00e9s comp\u00e9tentes tanzaniennes, en ex\u00e9cution d\u2019un mandat d\u2019arr\u00eat d\u00e9livr\u00e9 par les autorit\u00e9s judiciaires de la R\u00e9publique d\u00e9mocratique du Congo \u00bb, pr\u00e9cise le minist\u00e8re.\u200e\u200e<\/p>\n\n\n\n<p class=\"wp-block-paragraph\">Pr\u00e9sent\u00e9e par les autorit\u00e9s congolaises comme une propagandiste favorable au M23\/AFC et au Rwanda, Denise Dusauchoy fait l\u2019objet de proc\u00e9dures judiciaires engag\u00e9es en RDC. Le minist\u00e8re de la Justice n\u2019a toutefois pas d\u00e9taill\u00e9, dans ce communiqu\u00e9, les faits pr\u00e9cis qui lui sont reproch\u00e9s ni les prochaines \u00e9tapes de la proc\u00e9dure.\u200e\u200eLe gouvernement congolais rappelle que le dossier s\u2019inscrit dans une proc\u00e9dure judiciaire engag\u00e9e depuis plusieurs mois. <\/p>\n\n\n\n<p class=\"wp-block-paragraph\">En octobre et novembre 2025, le procureur g\u00e9n\u00e9ral pr\u00e8s la Cour de cassation avait notamment adress\u00e9 trois commissions rogatoires internationales aux autorit\u00e9s judiciaires belges dans le cadre de dossiers ouverts au parquet de grande instance de Kinshasa\/Gombe.\u200e\u200e<\/p>\n\n\n\n<p class=\"wp-block-paragraph\">Ces proc\u00e9dures concernaient notamment Denise Dusauchoy ainsi que d\u2019autres personnes, selon le minist\u00e8re de la Justice.\u200e\u200e<\/p>\n\n\n\n<p class=\"wp-block-paragraph\"><strong><em>Denis BABI WA MULUMBA<\/em><\/strong><\/p>\n","protected":false},"excerpt":{"rendered":"<p>La TikTokeuse congolaise Denise Dusauchoy a \u00e9t\u00e9 arr\u00eat\u00e9e dimanche 30 ao\u00fbt 2026 en Tanzanie, \u00e0 la demande des autorit\u00e9s judiciaires de la R\u00e9publique d\u00e9mocratique du Congo (RDC),\u2026<\/p>\n","protected":false},"author":1,"featured_media":312,"comment_status":"open","ping_status":"open","sticky":false,"template":"","format":"standard","meta":{"footnotes":""},"categories":[3],"tags":[],"gi_province":[16],"class_list":["post-311","post","type-post","status-publish","format-standard","has-post-thumbnail","hentry","category-politique","gi_province-kinshasa"],"yoast_head":"<!-- This site is optimized with the Yoast SEO plugin v28.3 - https:\/\/yoast.com\/product\/yoast-seo-wordpress\/ -->\n<title>RDC : la TikTokeuse Denise Dusauchoy arr\u00eat\u00e9e en Tanzanie \u00e0 la demande de la justice congolaise - Gazette Info<\/title>\n<meta name=\"robots\" content=\"index, follow, max-snippet:-1, max-image-preview:large, max-video-preview:-1\" \/>\n<link rel=\"canonical\" href=\"https:\/\/gazetteinfos.net\/index.php\/2026\/09\/01\/rdc-la-tiktokeuse-denise-dusauchoy-arretee-en-tanzanie-a-la-demande-de-la-justice-congolaise\/\" \/>\n<meta property=\"og:locale\" content=\"fr_FR\" \/>\n<meta property=\"og:type\" content=\"article\" \/>\n<meta property=\"og:title\" content=\"RDC : la TikTokeuse Denise Dusauchoy arr\u00eat\u00e9e en Tanzanie \u00e0 la demande de la justice congolaise - Gazette Info\" \/>\n<meta property=\"og:description\" content=\"La TikTokeuse congolaise Denise Dusauchoy a \u00e9t\u00e9 arr\u00eat\u00e9e dimanche 30 ao\u00fbt 2026 en Tanzanie, \u00e0 la demande des autorit\u00e9s judiciaires de la R\u00e9publique d\u00e9mocratique du Congo (RDC),\u2026\" \/>\n<meta property=\"og:url\" content=\"https:\/\/gazetteinfos.net\/index.php\/2026\/09\/01\/rdc-la-tiktokeuse-denise-dusauchoy-arretee-en-tanzanie-a-la-demande-de-la-justice-congolaise\/\" \/>\n<meta property=\"og:site_name\" content=\"Gazette Info\" \/>\n<meta property=\"article:published_time\" content=\"2026-09-01T07:08:50+00:00\" \/>\n<meta property=\"article:modified_time\" content=\"2026-09-01T07:08:53+00:00\" \/>\n<meta property=\"og:image\" content=\"https:\/\/gazetteinfos.net\/wp-content\/uploads\/2026\/09\/1788246349092.jpg\" \/>\n\t<meta property=\"og:image:width\" content=\"720\" \/>\n\t<meta property=\"og:image:height\" content=\"480\" \/>\n\t<meta property=\"og:image:type\" content=\"image\/jpeg\" \/>\n<meta name=\"author\" content=\"gazettead2024gmailcom\" \/>\n<meta name=\"twitter:card\" content=\"summary_large_image\" \/>\n<meta name=\"twitter:label1\" content=\"\u00c9crit par\" \/>\n\t<meta name=\"twitter:data1\" content=\"gazettead2024gmailcom\" \/>\n\t<meta name=\"twitter:label2\" content=\"Dur\u00e9e de lecture estim\u00e9e\" \/>\n\t<meta name=\"twitter:data2\" content=\"2 minutes\" \/>\n<script type=\"application\/ld+json\" class=\"yoast-schema-graph\">{\"@context\":\"https:\\\/\\\/schema.org\",\"@graph\":[{\"@type\":\"Article\",\"@id\":\"https:\\\/\\\/gazetteinfos.net\\\/index.php\\\/2026\\\/09\\\/01\\\/rdc-la-tiktokeuse-denise-dusauchoy-arretee-en-tanzanie-a-la-demande-de-la-justice-congolaise\\\/#article\",\"isPartOf\":{\"@id\":\"https:\\\/\\\/gazetteinfos.net\\\/index.php\\\/2026\\\/09\\\/01\\\/rdc-la-tiktokeuse-denise-dusauchoy-arretee-en-tanzanie-a-la-demande-de-la-justice-congolaise\\\/\"},\"author\":{\"name\":\"gazettead2024gmailcom\",\"@id\":\"https:\\\/\\\/gazetteinfos.net\\\/#\\\/schema\\\/person\\\/d73ae61684083b98fa750c4800983201\"},\"headline\":\"RDC : la TikTokeuse Denise Dusauchoy arr\u00eat\u00e9e en Tanzanie \u00e0 la demande de la justice congolaise\",\"datePublished\":\"2026-09-01T07:08:50+00:00\",\"dateModified\":\"2026-09-01T07:08:53+00:00\",\"mainEntityOfPage\":{\"@id\":\"https:\\\/\\\/gazetteinfos.net\\\/index.php\\\/2026\\\/09\\\/01\\\/rdc-la-tiktokeuse-denise-dusauchoy-arretee-en-tanzanie-a-la-demande-de-la-justice-congolaise\\\/\"},\"wordCount\":304,\"commentCount\":0,\"publisher\":{\"@id\":\"https:\\\/\\\/gazetteinfos.net\\\/#organization\"},\"image\":{\"@id\":\"https:\\\/\\\/gazetteinfos.net\\\/index.php\\\/2026\\\/09\\\/01\\\/rdc-la-tiktokeuse-denise-dusauchoy-arretee-en-tanzanie-a-la-demande-de-la-justice-congolaise\\\/#primaryimage\"},\"thumbnailUrl\":\"https:\\\/\\\/gazetteinfos.net\\\/wp-content\\\/uploads\\\/2026\\\/09\\\/1788246349092.jpg\",\"articleSection\":[\"Politique\"],\"inLanguage\":\"fr-FR\",\"potentialAction\":[{\"@type\":\"CommentAction\",\"name\":\"Comment\",\"target\":[\"https:\\\/\\\/gazetteinfos.net\\\/index.php\\\/2026\\\/09\\\/01\\\/rdc-la-tiktokeuse-denise-dusauchoy-arretee-en-tanzanie-a-la-demande-de-la-justice-congolaise\\\/#respond\"]}]},{\"@type\":\"WebPage\",\"@id\":\"https:\\\/\\\/gazetteinfos.net\\\/index.php\\\/2026\\\/09\\\/01\\\/rdc-la-tiktokeuse-denise-dusauchoy-arretee-en-tanzanie-a-la-demande-de-la-justice-congolaise\\\/\",\"url\":\"https:\\\/\\\/gazetteinfos.net\\\/index.php\\\/2026\\\/09\\\/01\\\/rdc-la-tiktokeuse-denise-dusauchoy-arretee-en-tanzanie-a-la-demande-de-la-justice-congolaise\\\/\",\"name\":\"RDC : la TikTokeuse Denise Dusauchoy arr\u00eat\u00e9e en Tanzanie \u00e0 la demande de la justice congolaise - Gazette Info\",\"isPartOf\":{\"@id\":\"https:\\\/\\\/gazetteinfos.net\\\/#website\"},\"primaryImageOfPage\":{\"@id\":\"https:\\\/\\\/gazetteinfos.net\\\/index.php\\\/2026\\\/09\\\/01\\\/rdc-la-tiktokeuse-denise-dusauchoy-arretee-en-tanzanie-a-la-demande-de-la-justice-congolaise\\\/#primaryimage\"},\"image\":{\"@id\":\"https:\\\/\\\/gazetteinfos.net\\\/index.php\\\/2026\\\/09\\\/01\\\/rdc-la-tiktokeuse-denise-dusauchoy-arretee-en-tanzanie-a-la-demande-de-la-justice-congolaise\\\/#primaryimage\"},\"thumbnailUrl\":\"https:\\\/\\\/gazetteinfos.net\\\/wp-content\\\/uploads\\\/2026\\\/09\\\/1788246349092.jpg\",\"datePublished\":\"2026-09-01T07:08:50+00:00\",\"dateModified\":\"2026-09-01T07:08:53+00:00\",\"breadcrumb\":{\"@id\":\"https:\\\/\\\/gazetteinfos.net\\\/index.php\\\/2026\\\/09\\\/01\\\/rdc-la-tiktokeuse-denise-dusauchoy-arretee-en-tanzanie-a-la-demande-de-la-justice-congolaise\\\/#breadcrumb\"},\"inLanguage\":\"fr-FR\",\"potentialAction\":[{\"@type\":\"ReadAction\",\"target\":[\"https:\\\/\\\/gazetteinfos.net\\\/index.php\\\/2026\\\/09\\\/01\\\/rdc-la-tiktokeuse-denise-dusauchoy-arretee-en-tanzanie-a-la-demande-de-la-justice-congolaise\\\/\"]}]},{\"@type\":\"ImageObject\",\"inLanguage\":\"fr-FR\",\"@id\":\"https:\\\/\\\/gazetteinfos.net\\\/index.php\\\/2026\\\/09\\\/01\\\/rdc-la-tiktokeuse-denise-dusauchoy-arretee-en-tanzanie-a-la-demande-de-la-justice-congolaise\\\/#primaryimage\",\"url\":\"https:\\\/\\\/gazetteinfos.net\\\/wp-content\\\/uploads\\\/2026\\\/09\\\/1788246349092.jpg\",\"contentUrl\":\"https:\\\/\\\/gazetteinfos.net\\\/wp-content\\\/uploads\\\/2026\\\/09\\\/1788246349092.jpg\",\"width\":720,\"height\":480},{\"@type\":\"BreadcrumbList\",\"@id\":\"https:\\\/\\\/gazetteinfos.net\\\/index.php\\\/2026\\\/09\\\/01\\\/rdc-la-tiktokeuse-denise-dusauchoy-arretee-en-tanzanie-a-la-demande-de-la-justice-congolaise\\\/#breadcrumb\",\"itemListElement\":[{\"@type\":\"ListItem\",\"position\":1,\"name\":\"Home\",\"item\":\"https:\\\/\\\/gazetteinfos.net\\\/index.php\\\/accueil\\\/?lang=fr\"},{\"@type\":\"ListItem\",\"position\":2,\"name\":\"RDC : la TikTokeuse Denise Dusauchoy arr\u00eat\u00e9e en Tanzanie \u00e0 la demande de la justice congolaise\"}]},{\"@type\":\"WebSite\",\"@id\":\"https:\\\/\\\/gazetteinfos.net\\\/#website\",\"url\":\"https:\\\/\\\/gazetteinfos.net\\\/\",\"name\":\"Gazette Info\",\"description\":\"L&#039;actualit\u00e9 au galop du cheval.\",\"publisher\":{\"@id\":\"https:\\\/\\\/gazetteinfos.net\\\/#organization\"},\"potentialAction\":[{\"@type\":\"SearchAction\",\"target\":{\"@type\":\"EntryPoint\",\"urlTemplate\":\"https:\\\/\\\/gazetteinfos.net\\\/?s={search_term_string}\"},\"query-input\":{\"@type\":\"PropertyValueSpecification\",\"valueRequired\":true,\"valueName\":\"search_term_string\"}}],\"inLanguage\":\"fr-FR\"},{\"@type\":\"Organization\",\"@id\":\"https:\\\/\\\/gazetteinfos.net\\\/#organization\",\"name\":\"Gazette Info\",\"url\":\"https:\\\/\\\/gazetteinfos.net\\\/\",\"logo\":{\"@type\":\"ImageObject\",\"inLanguage\":\"fr-FR\",\"@id\":\"https:\\\/\\\/gazetteinfos.net\\\/#\\\/schema\\\/logo\\\/image\\\/\",\"url\":\"https:\\\/\\\/gazetteinfos.net\\\/wp-content\\\/uploads\\\/2026\\\/08\\\/gazetteinfos-logo.png\",\"contentUrl\":\"https:\\\/\\\/gazetteinfos.net\\\/wp-content\\\/uploads\\\/2026\\\/08\\\/gazetteinfos-logo.png\",\"width\":1000,\"height\":250,\"caption\":\"Gazette Info\"},\"image\":{\"@id\":\"https:\\\/\\\/gazetteinfos.net\\\/#\\\/schema\\\/logo\\\/image\\\/\"}},{\"@type\":\"Person\",\"@id\":\"https:\\\/\\\/gazetteinfos.net\\\/#\\\/schema\\\/person\\\/d73ae61684083b98fa750c4800983201\",\"name\":\"gazettead2024gmailcom\",\"image\":{\"@type\":\"ImageObject\",\"inLanguage\":\"fr-FR\",\"@id\":\"https:\\\/\\\/secure.gravatar.com\\\/avatar\\\/8048ee0a120df59b2e841e99cd89588ad9a8b630732b434146f25e14cc0a442f?s=96&d=mm&r=g\",\"url\":\"https:\\\/\\\/secure.gravatar.com\\\/avatar\\\/8048ee0a120df59b2e841e99cd89588ad9a8b630732b434146f25e14cc0a442f?s=96&d=mm&r=g\",\"contentUrl\":\"https:\\\/\\\/secure.gravatar.com\\\/avatar\\\/8048ee0a120df59b2e841e99cd89588ad9a8b630732b434146f25e14cc0a442f?s=96&d=mm&r=g\",\"caption\":\"gazettead2024gmailcom\"},\"sameAs\":[\"https:\\\/\\\/gazetteinfos.net\"],\"url\":\"https:\\\/\\\/gazetteinfos.net\\\/index.php\\\/author\\\/gazettead2024gmailcom\\\/\"}]}<\/script>\n<!-- \/ Yoast SEO plugin. -->","yoast_head_json":{"title":"RDC : la TikTokeuse Denise Dusauchoy arr\u00eat\u00e9e en Tanzanie \u00e0 la demande de la justice congolaise - Gazette Info","robots":{"index":"index","follow":"follow","max-snippet":"max-snippet:-1","max-image-preview":"max-image-preview:large","max-video-preview":"max-video-preview:-1"},"canonical":"https:\/\/gazetteinfos.net\/index.php\/2026\/09\/01\/rdc-la-tiktokeuse-denise-dusauchoy-arretee-en-tanzanie-a-la-demande-de-la-justice-congolaise\/","og_locale":"fr_FR","og_type":"article","og_title":"RDC : la TikTokeuse Denise Dusauchoy arr\u00eat\u00e9e en Tanzanie \u00e0 la demande de la justice congolaise - Gazette Info","og_description":"La TikTokeuse congolaise Denise Dusauchoy a \u00e9t\u00e9 arr\u00eat\u00e9e dimanche 30 ao\u00fbt 2026 en Tanzanie, \u00e0 la demande des autorit\u00e9s judiciaires de la R\u00e9publique d\u00e9mocratique du Congo (RDC),\u2026","og_url":"https:\/\/gazetteinfos.net\/index.php\/2026\/09\/01\/rdc-la-tiktokeuse-denise-dusauchoy-arretee-en-tanzanie-a-la-demande-de-la-justice-congolaise\/","og_site_name":"Gazette Info","article_published_time":"2026-09-01T07:08:50+00:00","article_modified_time":"2026-09-01T07:08:53+00:00","og_image":[{"width":720,"height":480,"url":"https:\/\/gazetteinfos.net\/wp-content\/uploads\/2026\/09\/1788246349092.jpg","type":"image\/jpeg"}],"author":"gazettead2024gmailcom","twitter_card":"summary_large_image","twitter_misc":{"\u00c9crit par":"gazettead2024gmailcom","Dur\u00e9e de lecture estim\u00e9e":"2 minutes"},"schema":{"@context":"https:\/\/schema.org","@graph":[{"@type":"Article","@id":"https:\/\/gazetteinfos.net\/index.php\/2026\/09\/01\/rdc-la-tiktokeuse-denise-dusauchoy-arretee-en-tanzanie-a-la-demande-de-la-justice-congolaise\/#article","isPartOf":{"@id":"https:\/\/gazetteinfos.net\/index.php\/2026\/09\/01\/rdc-la-tiktokeuse-denise-dusauchoy-arretee-en-tanzanie-a-la-demande-de-la-justice-congolaise\/"},"author":{"name":"gazettead2024gmailcom","@id":"https:\/\/gazetteinfos.net\/#\/schema\/person\/d73ae61684083b98fa750c4800983201"},"headline":"RDC : la TikTokeuse Denise Dusauchoy arr\u00eat\u00e9e en Tanzanie \u00e0 la demande de la justice congolaise","datePublished":"2026-09-01T07:08:50+00:00","dateModified":"2026-09-01T07:08:53+00:00","mainEntityOfPage":{"@id":"https:\/\/gazetteinfos.net\/index.php\/2026\/09\/01\/rdc-la-tiktokeuse-denise-dusauchoy-arretee-en-tanzanie-a-la-demande-de-la-justice-congolaise\/"},"wordCount":304,"commentCount":0,"publisher":{"@id":"https:\/\/gazetteinfos.net\/#organization"},"image":{"@id":"https:\/\/gazetteinfos.net\/index.php\/2026\/09\/01\/rdc-la-tiktokeuse-denise-dusauchoy-arretee-en-tanzanie-a-la-demande-de-la-justice-congolaise\/#primaryimage"},"thumbnailUrl":"https:\/\/gazetteinfos.net\/wp-content\/uploads\/2026\/09\/1788246349092.jpg","articleSection":["Politique"],"inLanguage":"fr-FR","potentialAction":[{"@type":"CommentAction","name":"Comment","target":["https:\/\/gazetteinfos.net\/index.php\/2026\/09\/01\/rdc-la-tiktokeuse-denise-dusauchoy-arretee-en-tanzanie-a-la-demande-de-la-justice-congolaise\/#respond"]}]},{"@type":"WebPage","@id":"https:\/\/gazetteinfos.net\/index.php\/2026\/09\/01\/rdc-la-tiktokeuse-denise-dusauchoy-arretee-en-tanzanie-a-la-demande-de-la-justice-congolaise\/","url":"https:\/\/gazetteinfos.net\/index.php\/2026\/09\/01\/rdc-la-tiktokeuse-denise-dusauchoy-arretee-en-tanzanie-a-la-demande-de-la-justice-congolaise\/","name":"RDC : la TikTokeuse Denise Dusauchoy arr\u00eat\u00e9e en Tanzanie \u00e0 la demande de la justice congolaise - Gazette Info","isPartOf":{"@id":"https:\/\/gazetteinfos.net\/#website"},"primaryImageOfPage":{"@id":"https:\/\/gazetteinfos.net\/index.php\/2026\/09\/01\/rdc-la-tiktokeuse-denise-dusauchoy-arretee-en-tanzanie-a-la-demande-de-la-justice-congolaise\/#primaryimage"},"image":{"@id":"https:\/\/gazetteinfos.net\/index.php\/2026\/09\/01\/rdc-la-tiktokeuse-denise-dusauchoy-arretee-en-tanzanie-a-la-demande-de-la-justice-congolaise\/#primaryimage"},"thumbnailUrl":"https:\/\/gazetteinfos.net\/wp-content\/uploads\/2026\/09\/1788246349092.jpg","datePublished":"2026-09-01T07:08:50+00:00","dateModified":"2026-09-01T07:08:53+00:00","breadcrumb":{"@id":"https:\/\/gazetteinfos.net\/index.php\/2026\/09\/01\/rdc-la-tiktokeuse-denise-dusauchoy-arretee-en-tanzanie-a-la-demande-de-la-justice-congolaise\/#breadcrumb"},"inLanguage":"fr-FR","potentialAction":[{"@type":"ReadAction","target":["https:\/\/gazetteinfos.net\/index.php\/2026\/09\/01\/rdc-la-tiktokeuse-denise-dusauchoy-arretee-en-tanzanie-a-la-demande-de-la-justice-congolaise\/"]}]},{"@type":"ImageObject","inLanguage":"fr-FR","@id":"https:\/\/gazetteinfos.net\/index.php\/2026\/09\/01\/rdc-la-tiktokeuse-denise-dusauchoy-arretee-en-tanzanie-a-la-demande-de-la-justice-congolaise\/#primaryimage","url":"https:\/\/gazetteinfos.net\/wp-content\/uploads\/2026\/09\/1788246349092.jpg","contentUrl":"https:\/\/gazetteinfos.net\/wp-content\/uploads\/2026\/09\/1788246349092.jpg","width":720,"height":480},{"@type":"BreadcrumbList","@id":"https:\/\/gazetteinfos.net\/index.php\/2026\/09\/01\/rdc-la-tiktokeuse-denise-dusauchoy-arretee-en-tanzanie-a-la-demande-de-la-justice-congolaise\/#breadcrumb","itemListElement":[{"@type":"ListItem","position":1,"name":"Home","item":"https:\/\/gazetteinfos.net\/index.php\/accueil\/?lang=fr"},{"@type":"ListItem","position":2,"name":"RDC : la TikTokeuse Denise Dusauchoy arr\u00eat\u00e9e en Tanzanie \u00e0 la demande de la justice congolaise"}]},{"@type":"WebSite","@id":"https:\/\/gazetteinfos.net\/#website","url":"https:\/\/gazetteinfos.net\/","name":"Gazette Info","description":"L&#039;actualit\u00e9 au galop du cheval.","publisher":{"@id":"https:\/\/gazetteinfos.net\/#organization"},"potentialAction":[{"@type":"SearchAction","target":{"@type":"EntryPoint","urlTemplate":"https:\/\/gazetteinfos.net\/?s={search_term_string}"},"query-input":{"@type":"PropertyValueSpecification","valueRequired":true,"valueName":"search_term_string"}}],"inLanguage":"fr-FR"},{"@type":"Organization","@id":"https:\/\/gazetteinfos.net\/#organization","name":"Gazette Info","url":"https:\/\/gazetteinfos.net\/","logo":{"@type":"ImageObject","inLanguage":"fr-FR","@id":"https:\/\/gazetteinfos.net\/#\/schema\/logo\/image\/","url":"https:\/\/gazetteinfos.net\/wp-content\/uploads\/2026\/08\/gazetteinfos-logo.png","contentUrl":"https:\/\/gazetteinfos.net\/wp-content\/uploads\/2026\/08\/gazetteinfos-logo.png","width":1000,"height":250,"caption":"Gazette Info"},"image":{"@id":"https:\/\/gazetteinfos.net\/#\/schema\/logo\/image\/"}},{"@type":"Person","@id":"https:\/\/gazetteinfos.net\/#\/schema\/person\/d73ae61684083b98fa750c4800983201","name":"gazettead2024gmailcom","image":{"@type":"ImageObject","inLanguage":"fr-FR","@id":"https:\/\/secure.gravatar.com\/avatar\/8048ee0a120df59b2e841e99cd89588ad9a8b630732b434146f25e14cc0a442f?s=96&d=mm&r=g","url":"https:\/\/secure.gravatar.com\/avatar\/8048ee0a120df59b2e841e99cd89588ad9a8b630732b434146f25e14cc0a442f?s=96&d=mm&r=g","contentUrl":"https:\/\/secure.gravatar.com\/avatar\/8048ee0a120df59b2e841e99cd89588ad9a8b630732b434146f25e14cc0a442f?s=96&d=mm&r=g","caption":"gazettead2024gmailcom"},"sameAs":["https:\/\/gazetteinfos.net"],"url":"https:\/\/gazetteinfos.net\/index.php\/author\/gazettead2024gmailcom\/"}]}},"_links":{"self":[{"href":"https:\/\/gazetteinfos.net\/index.php\/wp-json\/wp\/v2\/posts\/311","targetHints":{"allow":["GET"]}}],"collection":[{"href":"https:\/\/gazetteinfos.net\/index.php\/wp-json\/wp\/v2\/posts"}],"about":[{"href":"https:\/\/gazetteinfos.net\/index.php\/wp-json\/wp\/v2\/types\/post"}],"author":[{"embeddable":true,"href":"https:\/\/gazetteinfos.net\/index.php\/wp-json\/wp\/v2\/users\/1"}],"replies":[{"embeddable":true,"href":"https:\/\/gazetteinfos.net\/index.php\/wp-json\/wp\/v2\/comments?post=311"}],"version-history":[{"count":1,"href":"https:\/\/gazetteinfos.net\/index.php\/wp-json\/wp\/v2\/posts\/311\/revisions"}],"predecessor-version":[{"id":313,"href":"https:\/\/gazetteinfos.net\/index.php\/wp-json\/wp\/v2\/posts\/311\/revisions\/313"}],"wp:featuredmedia":[{"embeddable":true,"href":"https:\/\/gazetteinfos.net\/index.php\/wp-json\/wp\/v2\/media\/312"}],"wp:attachment":[{"href":"https:\/\/gazetteinfos.net\/index.php\/wp-json\/wp\/v2\/media?parent=311"}],"wp:term":[{"taxonomy":"category","embeddable":true,"href":"https:\/\/gazetteinfos.net\/index.php\/wp-json\/wp\/v2\/categories?post=311"},{"taxonomy":"post_tag","embeddable":true,"href":"https:\/\/gazetteinfos.net\/index.php\/wp-json\/wp\/v2\/tags?post=311"},{"taxonomy":"gi_province","embeddable":true,"href":"https:\/\/gazetteinfos.net\/index.php\/wp-json\/wp\/v2\/gi_province?post=311"}],"curies":[{"name":"wp","href":"https:\/\/api.w.org\/{rel}","templated":true}]}}