{"id":308,"date":"2026-09-01T04:51:13","date_gmt":"2026-09-01T02:51:13","guid":{"rendered":"https:\/\/gazetteinfos.net\/?p=308"},"modified":"2026-09-01T04:51:16","modified_gmt":"2026-09-01T02:51:16","slug":"kasumbalesa-rentree-scolaire-le-sous-proved-benoit-tshisambu-appelle-a-limplication-des-parents-et-enseignants","status":"publish","type":"post","link":"https:\/\/gazetteinfos.net\/index.php\/2026\/09\/01\/kasumbalesa-rentree-scolaire-le-sous-proved-benoit-tshisambu-appelle-a-limplication-des-parents-et-enseignants\/","title":{"rendered":"Kasumbalesa : Rentr\u00e9e scolaire, le Sous-Proved Beno\u00eet TSHISAMBU appelle \u00e0 l\u2019implication des parents et enseignants."},"content":{"rendered":"\n<p class=\"wp-block-paragraph\">Les \u00e9l\u00e8ves du cycle Primaire et secondaire sont attendus au retour de classe ce Mardi 01 septembre sur l\u2019ensemble du territoire national.<\/p>\n\n\n\n<p class=\"wp-block-paragraph\"> \u200e\u200eDans la ville fronti\u00e8re de Kasumbalesa et le territoire de sakania, le Directeur sous Provincial de l\u2019enseignement Primaire, secondaire et nouvelle citoyennet\u00e9 Beno\u00eet TSHISAMBU a au cours d\u2019un message officiel confirm\u00e9 cette nouvelle qui marque le d\u00e9but des cours suivant la date fix\u00e9e par le ministre du tutelle. \u200e\u200e<\/p>\n\n\n\n<p class=\"wp-block-paragraph\">Aux parents d\u2019\u00e9l\u00e8ves, il les a demand\u00e9 d\u2019amener les enfants \u00e0 l\u2019\u00e9cole car il y a aucune exigence et toutes les portes des classes seront ouvertes pour les accueillir. \u200e\u200e<\/p>\n\n\n\n<p class=\"wp-block-paragraph\">S\u2019agissant de corps enseignant, toutes les dispositions n\u00e9cessaires sont prises afin d\u2019accueillir les nouveaux et anciens \u00e9l\u00e8ves \u00e0 travers tous les \u00e9tablissements scolaires de sa juridiction a-t-il conclu. \u200e\u200e\u200e\u200e<\/p>\n\n\n\n<p class=\"wp-block-paragraph\"><strong><em>Ben DINANGA<\/em><\/strong>.<\/p>\n","protected":false},"excerpt":{"rendered":"<p>Les \u00e9l\u00e8ves du cycle Primaire et secondaire sont attendus au retour de classe ce Mardi 01 septembre sur l\u2019ensemble du territoire national. \u200e\u200eDans la ville fronti\u00e8re de\u2026<\/p>\n","protected":false},"author":1,"featured_media":309,"comment_status":"open","ping_status":"open","sticky":false,"template":"","format":"standard","meta":{"footnotes":""},"categories":[4],"tags":[],"gi_province":[9],"class_list":["post-308","post","type-post","status-publish","format-standard","has-post-thumbnail","hentry","category-social","gi_province-haut-katanga"],"yoast_head":"<!-- This site is optimized with the Yoast SEO plugin v28.3 - https:\/\/yoast.com\/product\/yoast-seo-wordpress\/ -->\n<title>Kasumbalesa : Rentr\u00e9e scolaire, le Sous-Proved Beno\u00eet TSHISAMBU appelle \u00e0 l\u2019implication des parents et enseignants. - Gazette Info<\/title>\n<meta name=\"robots\" content=\"index, follow, max-snippet:-1, max-image-preview:large, max-video-preview:-1\" \/>\n<link rel=\"canonical\" href=\"https:\/\/gazetteinfos.net\/index.php\/2026\/09\/01\/kasumbalesa-rentree-scolaire-le-sous-proved-benoit-tshisambu-appelle-a-limplication-des-parents-et-enseignants\/\" \/>\n<meta property=\"og:locale\" content=\"fr_FR\" \/>\n<meta property=\"og:type\" content=\"article\" \/>\n<meta property=\"og:title\" content=\"Kasumbalesa : Rentr\u00e9e scolaire, le Sous-Proved Beno\u00eet TSHISAMBU appelle \u00e0 l\u2019implication des parents et enseignants. - Gazette Info\" \/>\n<meta property=\"og:description\" content=\"Les \u00e9l\u00e8ves du cycle Primaire et secondaire sont attendus au retour de classe ce Mardi 01 septembre sur l\u2019ensemble du territoire national. \u200e\u200eDans la ville fronti\u00e8re de\u2026\" \/>\n<meta property=\"og:url\" content=\"https:\/\/gazetteinfos.net\/index.php\/2026\/09\/01\/kasumbalesa-rentree-scolaire-le-sous-proved-benoit-tshisambu-appelle-a-limplication-des-parents-et-enseignants\/\" \/>\n<meta property=\"og:site_name\" content=\"Gazette Info\" \/>\n<meta property=\"article:published_time\" content=\"2026-09-01T02:51:13+00:00\" \/>\n<meta property=\"article:modified_time\" content=\"2026-09-01T02:51:16+00:00\" \/>\n<meta property=\"og:image\" content=\"https:\/\/gazetteinfos.net\/wp-content\/uploads\/2026\/09\/IMG-20260901-WA0000.jpg\" \/>\n\t<meta property=\"og:image:width\" content=\"1080\" \/>\n\t<meta property=\"og:image:height\" content=\"621\" \/>\n\t<meta property=\"og:image:type\" content=\"image\/jpeg\" \/>\n<meta name=\"author\" content=\"gazettead2024gmailcom\" \/>\n<meta name=\"twitter:card\" content=\"summary_large_image\" \/>\n<meta name=\"twitter:label1\" content=\"\u00c9crit par\" \/>\n\t<meta name=\"twitter:data1\" content=\"gazettead2024gmailcom\" \/>\n\t<meta name=\"twitter:label2\" content=\"Dur\u00e9e de lecture estim\u00e9e\" \/>\n\t<meta name=\"twitter:data2\" content=\"1 minute\" \/>\n<script type=\"application\/ld+json\" class=\"yoast-schema-graph\">{\"@context\":\"https:\\\/\\\/schema.org\",\"@graph\":[{\"@type\":\"Article\",\"@id\":\"https:\\\/\\\/gazetteinfos.net\\\/index.php\\\/2026\\\/09\\\/01\\\/kasumbalesa-rentree-scolaire-le-sous-proved-benoit-tshisambu-appelle-a-limplication-des-parents-et-enseignants\\\/#article\",\"isPartOf\":{\"@id\":\"https:\\\/\\\/gazetteinfos.net\\\/index.php\\\/2026\\\/09\\\/01\\\/kasumbalesa-rentree-scolaire-le-sous-proved-benoit-tshisambu-appelle-a-limplication-des-parents-et-enseignants\\\/\"},\"author\":{\"name\":\"gazettead2024gmailcom\",\"@id\":\"https:\\\/\\\/gazetteinfos.net\\\/#\\\/schema\\\/person\\\/d73ae61684083b98fa750c4800983201\"},\"headline\":\"Kasumbalesa : Rentr\u00e9e scolaire, le Sous-Proved Beno\u00eet TSHISAMBU appelle \u00e0 l\u2019implication des parents et enseignants.\",\"datePublished\":\"2026-09-01T02:51:13+00:00\",\"dateModified\":\"2026-09-01T02:51:16+00:00\",\"mainEntityOfPage\":{\"@id\":\"https:\\\/\\\/gazetteinfos.net\\\/index.php\\\/2026\\\/09\\\/01\\\/kasumbalesa-rentree-scolaire-le-sous-proved-benoit-tshisambu-appelle-a-limplication-des-parents-et-enseignants\\\/\"},\"wordCount\":158,\"commentCount\":0,\"publisher\":{\"@id\":\"https:\\\/\\\/gazetteinfos.net\\\/#organization\"},\"image\":{\"@id\":\"https:\\\/\\\/gazetteinfos.net\\\/index.php\\\/2026\\\/09\\\/01\\\/kasumbalesa-rentree-scolaire-le-sous-proved-benoit-tshisambu-appelle-a-limplication-des-parents-et-enseignants\\\/#primaryimage\"},\"thumbnailUrl\":\"https:\\\/\\\/gazetteinfos.net\\\/wp-content\\\/uploads\\\/2026\\\/09\\\/IMG-20260901-WA0000.jpg\",\"articleSection\":[\"Social\"],\"inLanguage\":\"fr-FR\",\"potentialAction\":[{\"@type\":\"CommentAction\",\"name\":\"Comment\",\"target\":[\"https:\\\/\\\/gazetteinfos.net\\\/index.php\\\/2026\\\/09\\\/01\\\/kasumbalesa-rentree-scolaire-le-sous-proved-benoit-tshisambu-appelle-a-limplication-des-parents-et-enseignants\\\/#respond\"]}]},{\"@type\":\"WebPage\",\"@id\":\"https:\\\/\\\/gazetteinfos.net\\\/index.php\\\/2026\\\/09\\\/01\\\/kasumbalesa-rentree-scolaire-le-sous-proved-benoit-tshisambu-appelle-a-limplication-des-parents-et-enseignants\\\/\",\"url\":\"https:\\\/\\\/gazetteinfos.net\\\/index.php\\\/2026\\\/09\\\/01\\\/kasumbalesa-rentree-scolaire-le-sous-proved-benoit-tshisambu-appelle-a-limplication-des-parents-et-enseignants\\\/\",\"name\":\"Kasumbalesa : Rentr\u00e9e scolaire, le Sous-Proved Beno\u00eet TSHISAMBU appelle \u00e0 l\u2019implication des parents et enseignants. - Gazette Info\",\"isPartOf\":{\"@id\":\"https:\\\/\\\/gazetteinfos.net\\\/#website\"},\"primaryImageOfPage\":{\"@id\":\"https:\\\/\\\/gazetteinfos.net\\\/index.php\\\/2026\\\/09\\\/01\\\/kasumbalesa-rentree-scolaire-le-sous-proved-benoit-tshisambu-appelle-a-limplication-des-parents-et-enseignants\\\/#primaryimage\"},\"image\":{\"@id\":\"https:\\\/\\\/gazetteinfos.net\\\/index.php\\\/2026\\\/09\\\/01\\\/kasumbalesa-rentree-scolaire-le-sous-proved-benoit-tshisambu-appelle-a-limplication-des-parents-et-enseignants\\\/#primaryimage\"},\"thumbnailUrl\":\"https:\\\/\\\/gazetteinfos.net\\\/wp-content\\\/uploads\\\/2026\\\/09\\\/IMG-20260901-WA0000.jpg\",\"datePublished\":\"2026-09-01T02:51:13+00:00\",\"dateModified\":\"2026-09-01T02:51:16+00:00\",\"breadcrumb\":{\"@id\":\"https:\\\/\\\/gazetteinfos.net\\\/index.php\\\/2026\\\/09\\\/01\\\/kasumbalesa-rentree-scolaire-le-sous-proved-benoit-tshisambu-appelle-a-limplication-des-parents-et-enseignants\\\/#breadcrumb\"},\"inLanguage\":\"fr-FR\",\"potentialAction\":[{\"@type\":\"ReadAction\",\"target\":[\"https:\\\/\\\/gazetteinfos.net\\\/index.php\\\/2026\\\/09\\\/01\\\/kasumbalesa-rentree-scolaire-le-sous-proved-benoit-tshisambu-appelle-a-limplication-des-parents-et-enseignants\\\/\"]}]},{\"@type\":\"ImageObject\",\"inLanguage\":\"fr-FR\",\"@id\":\"https:\\\/\\\/gazetteinfos.net\\\/index.php\\\/2026\\\/09\\\/01\\\/kasumbalesa-rentree-scolaire-le-sous-proved-benoit-tshisambu-appelle-a-limplication-des-parents-et-enseignants\\\/#primaryimage\",\"url\":\"https:\\\/\\\/gazetteinfos.net\\\/wp-content\\\/uploads\\\/2026\\\/09\\\/IMG-20260901-WA0000.jpg\",\"contentUrl\":\"https:\\\/\\\/gazetteinfos.net\\\/wp-content\\\/uploads\\\/2026\\\/09\\\/IMG-20260901-WA0000.jpg\",\"width\":1080,\"height\":621},{\"@type\":\"BreadcrumbList\",\"@id\":\"https:\\\/\\\/gazetteinfos.net\\\/index.php\\\/2026\\\/09\\\/01\\\/kasumbalesa-rentree-scolaire-le-sous-proved-benoit-tshisambu-appelle-a-limplication-des-parents-et-enseignants\\\/#breadcrumb\",\"itemListElement\":[{\"@type\":\"ListItem\",\"position\":1,\"name\":\"Home\",\"item\":\"https:\\\/\\\/gazetteinfos.net\\\/index.php\\\/accueil\\\/?lang=fr\"},{\"@type\":\"ListItem\",\"position\":2,\"name\":\"Kasumbalesa : Rentr\u00e9e scolaire, le Sous-Proved Beno\u00eet TSHISAMBU appelle \u00e0 l\u2019implication des parents et enseignants.\"}]},{\"@type\":\"WebSite\",\"@id\":\"https:\\\/\\\/gazetteinfos.net\\\/#website\",\"url\":\"https:\\\/\\\/gazetteinfos.net\\\/\",\"name\":\"Gazette Info\",\"description\":\"L&#039;actualit\u00e9 au galop du cheval.\",\"publisher\":{\"@id\":\"https:\\\/\\\/gazetteinfos.net\\\/#organization\"},\"potentialAction\":[{\"@type\":\"SearchAction\",\"target\":{\"@type\":\"EntryPoint\",\"urlTemplate\":\"https:\\\/\\\/gazetteinfos.net\\\/?s={search_term_string}\"},\"query-input\":{\"@type\":\"PropertyValueSpecification\",\"valueRequired\":true,\"valueName\":\"search_term_string\"}}],\"inLanguage\":\"fr-FR\"},{\"@type\":\"Organization\",\"@id\":\"https:\\\/\\\/gazetteinfos.net\\\/#organization\",\"name\":\"Gazette Info\",\"url\":\"https:\\\/\\\/gazetteinfos.net\\\/\",\"logo\":{\"@type\":\"ImageObject\",\"inLanguage\":\"fr-FR\",\"@id\":\"https:\\\/\\\/gazetteinfos.net\\\/#\\\/schema\\\/logo\\\/image\\\/\",\"url\":\"https:\\\/\\\/gazetteinfos.net\\\/wp-content\\\/uploads\\\/2026\\\/08\\\/gazetteinfos-logo.png\",\"contentUrl\":\"https:\\\/\\\/gazetteinfos.net\\\/wp-content\\\/uploads\\\/2026\\\/08\\\/gazetteinfos-logo.png\",\"width\":1000,\"height\":250,\"caption\":\"Gazette Info\"},\"image\":{\"@id\":\"https:\\\/\\\/gazetteinfos.net\\\/#\\\/schema\\\/logo\\\/image\\\/\"}},{\"@type\":\"Person\",\"@id\":\"https:\\\/\\\/gazetteinfos.net\\\/#\\\/schema\\\/person\\\/d73ae61684083b98fa750c4800983201\",\"name\":\"gazettead2024gmailcom\",\"image\":{\"@type\":\"ImageObject\",\"inLanguage\":\"fr-FR\",\"@id\":\"https:\\\/\\\/secure.gravatar.com\\\/avatar\\\/8048ee0a120df59b2e841e99cd89588ad9a8b630732b434146f25e14cc0a442f?s=96&d=mm&r=g\",\"url\":\"https:\\\/\\\/secure.gravatar.com\\\/avatar\\\/8048ee0a120df59b2e841e99cd89588ad9a8b630732b434146f25e14cc0a442f?s=96&d=mm&r=g\",\"contentUrl\":\"https:\\\/\\\/secure.gravatar.com\\\/avatar\\\/8048ee0a120df59b2e841e99cd89588ad9a8b630732b434146f25e14cc0a442f?s=96&d=mm&r=g\",\"caption\":\"gazettead2024gmailcom\"},\"sameAs\":[\"https:\\\/\\\/gazetteinfos.net\"],\"url\":\"https:\\\/\\\/gazetteinfos.net\\\/index.php\\\/author\\\/gazettead2024gmailcom\\\/\"}]}<\/script>\n<!-- \/ Yoast SEO plugin. -->","yoast_head_json":{"title":"Kasumbalesa : Rentr\u00e9e scolaire, le Sous-Proved Beno\u00eet TSHISAMBU appelle \u00e0 l\u2019implication des parents et enseignants. - Gazette Info","robots":{"index":"index","follow":"follow","max-snippet":"max-snippet:-1","max-image-preview":"max-image-preview:large","max-video-preview":"max-video-preview:-1"},"canonical":"https:\/\/gazetteinfos.net\/index.php\/2026\/09\/01\/kasumbalesa-rentree-scolaire-le-sous-proved-benoit-tshisambu-appelle-a-limplication-des-parents-et-enseignants\/","og_locale":"fr_FR","og_type":"article","og_title":"Kasumbalesa : Rentr\u00e9e scolaire, le Sous-Proved Beno\u00eet TSHISAMBU appelle \u00e0 l\u2019implication des parents et enseignants. - Gazette Info","og_description":"Les \u00e9l\u00e8ves du cycle Primaire et secondaire sont attendus au retour de classe ce Mardi 01 septembre sur l\u2019ensemble du territoire national. \u200e\u200eDans la ville fronti\u00e8re de\u2026","og_url":"https:\/\/gazetteinfos.net\/index.php\/2026\/09\/01\/kasumbalesa-rentree-scolaire-le-sous-proved-benoit-tshisambu-appelle-a-limplication-des-parents-et-enseignants\/","og_site_name":"Gazette Info","article_published_time":"2026-09-01T02:51:13+00:00","article_modified_time":"2026-09-01T02:51:16+00:00","og_image":[{"width":1080,"height":621,"url":"https:\/\/gazetteinfos.net\/wp-content\/uploads\/2026\/09\/IMG-20260901-WA0000.jpg","type":"image\/jpeg"}],"author":"gazettead2024gmailcom","twitter_card":"summary_large_image","twitter_misc":{"\u00c9crit par":"gazettead2024gmailcom","Dur\u00e9e de lecture estim\u00e9e":"1 minute"},"schema":{"@context":"https:\/\/schema.org","@graph":[{"@type":"Article","@id":"https:\/\/gazetteinfos.net\/index.php\/2026\/09\/01\/kasumbalesa-rentree-scolaire-le-sous-proved-benoit-tshisambu-appelle-a-limplication-des-parents-et-enseignants\/#article","isPartOf":{"@id":"https:\/\/gazetteinfos.net\/index.php\/2026\/09\/01\/kasumbalesa-rentree-scolaire-le-sous-proved-benoit-tshisambu-appelle-a-limplication-des-parents-et-enseignants\/"},"author":{"name":"gazettead2024gmailcom","@id":"https:\/\/gazetteinfos.net\/#\/schema\/person\/d73ae61684083b98fa750c4800983201"},"headline":"Kasumbalesa : Rentr\u00e9e scolaire, le Sous-Proved Beno\u00eet TSHISAMBU appelle \u00e0 l\u2019implication des parents et enseignants.","datePublished":"2026-09-01T02:51:13+00:00","dateModified":"2026-09-01T02:51:16+00:00","mainEntityOfPage":{"@id":"https:\/\/gazetteinfos.net\/index.php\/2026\/09\/01\/kasumbalesa-rentree-scolaire-le-sous-proved-benoit-tshisambu-appelle-a-limplication-des-parents-et-enseignants\/"},"wordCount":158,"commentCount":0,"publisher":{"@id":"https:\/\/gazetteinfos.net\/#organization"},"image":{"@id":"https:\/\/gazetteinfos.net\/index.php\/2026\/09\/01\/kasumbalesa-rentree-scolaire-le-sous-proved-benoit-tshisambu-appelle-a-limplication-des-parents-et-enseignants\/#primaryimage"},"thumbnailUrl":"https:\/\/gazetteinfos.net\/wp-content\/uploads\/2026\/09\/IMG-20260901-WA0000.jpg","articleSection":["Social"],"inLanguage":"fr-FR","potentialAction":[{"@type":"CommentAction","name":"Comment","target":["https:\/\/gazetteinfos.net\/index.php\/2026\/09\/01\/kasumbalesa-rentree-scolaire-le-sous-proved-benoit-tshisambu-appelle-a-limplication-des-parents-et-enseignants\/#respond"]}]},{"@type":"WebPage","@id":"https:\/\/gazetteinfos.net\/index.php\/2026\/09\/01\/kasumbalesa-rentree-scolaire-le-sous-proved-benoit-tshisambu-appelle-a-limplication-des-parents-et-enseignants\/","url":"https:\/\/gazetteinfos.net\/index.php\/2026\/09\/01\/kasumbalesa-rentree-scolaire-le-sous-proved-benoit-tshisambu-appelle-a-limplication-des-parents-et-enseignants\/","name":"Kasumbalesa : Rentr\u00e9e scolaire, le Sous-Proved Beno\u00eet TSHISAMBU appelle \u00e0 l\u2019implication des parents et enseignants. - Gazette Info","isPartOf":{"@id":"https:\/\/gazetteinfos.net\/#website"},"primaryImageOfPage":{"@id":"https:\/\/gazetteinfos.net\/index.php\/2026\/09\/01\/kasumbalesa-rentree-scolaire-le-sous-proved-benoit-tshisambu-appelle-a-limplication-des-parents-et-enseignants\/#primaryimage"},"image":{"@id":"https:\/\/gazetteinfos.net\/index.php\/2026\/09\/01\/kasumbalesa-rentree-scolaire-le-sous-proved-benoit-tshisambu-appelle-a-limplication-des-parents-et-enseignants\/#primaryimage"},"thumbnailUrl":"https:\/\/gazetteinfos.net\/wp-content\/uploads\/2026\/09\/IMG-20260901-WA0000.jpg","datePublished":"2026-09-01T02:51:13+00:00","dateModified":"2026-09-01T02:51:16+00:00","breadcrumb":{"@id":"https:\/\/gazetteinfos.net\/index.php\/2026\/09\/01\/kasumbalesa-rentree-scolaire-le-sous-proved-benoit-tshisambu-appelle-a-limplication-des-parents-et-enseignants\/#breadcrumb"},"inLanguage":"fr-FR","potentialAction":[{"@type":"ReadAction","target":["https:\/\/gazetteinfos.net\/index.php\/2026\/09\/01\/kasumbalesa-rentree-scolaire-le-sous-proved-benoit-tshisambu-appelle-a-limplication-des-parents-et-enseignants\/"]}]},{"@type":"ImageObject","inLanguage":"fr-FR","@id":"https:\/\/gazetteinfos.net\/index.php\/2026\/09\/01\/kasumbalesa-rentree-scolaire-le-sous-proved-benoit-tshisambu-appelle-a-limplication-des-parents-et-enseignants\/#primaryimage","url":"https:\/\/gazetteinfos.net\/wp-content\/uploads\/2026\/09\/IMG-20260901-WA0000.jpg","contentUrl":"https:\/\/gazetteinfos.net\/wp-content\/uploads\/2026\/09\/IMG-20260901-WA0000.jpg","width":1080,"height":621},{"@type":"BreadcrumbList","@id":"https:\/\/gazetteinfos.net\/index.php\/2026\/09\/01\/kasumbalesa-rentree-scolaire-le-sous-proved-benoit-tshisambu-appelle-a-limplication-des-parents-et-enseignants\/#breadcrumb","itemListElement":[{"@type":"ListItem","position":1,"name":"Home","item":"https:\/\/gazetteinfos.net\/index.php\/accueil\/?lang=fr"},{"@type":"ListItem","position":2,"name":"Kasumbalesa : Rentr\u00e9e scolaire, le Sous-Proved Beno\u00eet TSHISAMBU appelle \u00e0 l\u2019implication des parents et enseignants."}]},{"@type":"WebSite","@id":"https:\/\/gazetteinfos.net\/#website","url":"https:\/\/gazetteinfos.net\/","name":"Gazette Info","description":"L&#039;actualit\u00e9 au galop du cheval.","publisher":{"@id":"https:\/\/gazetteinfos.net\/#organization"},"potentialAction":[{"@type":"SearchAction","target":{"@type":"EntryPoint","urlTemplate":"https:\/\/gazetteinfos.net\/?s={search_term_string}"},"query-input":{"@type":"PropertyValueSpecification","valueRequired":true,"valueName":"search_term_string"}}],"inLanguage":"fr-FR"},{"@type":"Organization","@id":"https:\/\/gazetteinfos.net\/#organization","name":"Gazette Info","url":"https:\/\/gazetteinfos.net\/","logo":{"@type":"ImageObject","inLanguage":"fr-FR","@id":"https:\/\/gazetteinfos.net\/#\/schema\/logo\/image\/","url":"https:\/\/gazetteinfos.net\/wp-content\/uploads\/2026\/08\/gazetteinfos-logo.png","contentUrl":"https:\/\/gazetteinfos.net\/wp-content\/uploads\/2026\/08\/gazetteinfos-logo.png","width":1000,"height":250,"caption":"Gazette Info"},"image":{"@id":"https:\/\/gazetteinfos.net\/#\/schema\/logo\/image\/"}},{"@type":"Person","@id":"https:\/\/gazetteinfos.net\/#\/schema\/person\/d73ae61684083b98fa750c4800983201","name":"gazettead2024gmailcom","image":{"@type":"ImageObject","inLanguage":"fr-FR","@id":"https:\/\/secure.gravatar.com\/avatar\/8048ee0a120df59b2e841e99cd89588ad9a8b630732b434146f25e14cc0a442f?s=96&d=mm&r=g","url":"https:\/\/secure.gravatar.com\/avatar\/8048ee0a120df59b2e841e99cd89588ad9a8b630732b434146f25e14cc0a442f?s=96&d=mm&r=g","contentUrl":"https:\/\/secure.gravatar.com\/avatar\/8048ee0a120df59b2e841e99cd89588ad9a8b630732b434146f25e14cc0a442f?s=96&d=mm&r=g","caption":"gazettead2024gmailcom"},"sameAs":["https:\/\/gazetteinfos.net"],"url":"https:\/\/gazetteinfos.net\/index.php\/author\/gazettead2024gmailcom\/"}]}},"_links":{"self":[{"href":"https:\/\/gazetteinfos.net\/index.php\/wp-json\/wp\/v2\/posts\/308","targetHints":{"allow":["GET"]}}],"collection":[{"href":"https:\/\/gazetteinfos.net\/index.php\/wp-json\/wp\/v2\/posts"}],"about":[{"href":"https:\/\/gazetteinfos.net\/index.php\/wp-json\/wp\/v2\/types\/post"}],"author":[{"embeddable":true,"href":"https:\/\/gazetteinfos.net\/index.php\/wp-json\/wp\/v2\/users\/1"}],"replies":[{"embeddable":true,"href":"https:\/\/gazetteinfos.net\/index.php\/wp-json\/wp\/v2\/comments?post=308"}],"version-history":[{"count":1,"href":"https:\/\/gazetteinfos.net\/index.php\/wp-json\/wp\/v2\/posts\/308\/revisions"}],"predecessor-version":[{"id":310,"href":"https:\/\/gazetteinfos.net\/index.php\/wp-json\/wp\/v2\/posts\/308\/revisions\/310"}],"wp:featuredmedia":[{"embeddable":true,"href":"https:\/\/gazetteinfos.net\/index.php\/wp-json\/wp\/v2\/media\/309"}],"wp:attachment":[{"href":"https:\/\/gazetteinfos.net\/index.php\/wp-json\/wp\/v2\/media?parent=308"}],"wp:term":[{"taxonomy":"category","embeddable":true,"href":"https:\/\/gazetteinfos.net\/index.php\/wp-json\/wp\/v2\/categories?post=308"},{"taxonomy":"post_tag","embeddable":true,"href":"https:\/\/gazetteinfos.net\/index.php\/wp-json\/wp\/v2\/tags?post=308"},{"taxonomy":"gi_province","embeddable":true,"href":"https:\/\/gazetteinfos.net\/index.php\/wp-json\/wp\/v2\/gi_province?post=308"}],"curies":[{"name":"wp","href":"https:\/\/api.w.org\/{rel}","templated":true}]}}