{"id":304,"date":"2026-09-01T04:40:23","date_gmt":"2026-09-01T02:40:23","guid":{"rendered":"https:\/\/gazetteinfos.net\/?p=304"},"modified":"2026-09-01T04:45:44","modified_gmt":"2026-09-01T02:45:44","slug":"necrologie-carlyto-lassa-grande-voix-de-la-rumba-congolaise-sestdentites","status":"publish","type":"post","link":"https:\/\/gazetteinfos.net\/index.php\/2026\/09\/01\/necrologie-carlyto-lassa-grande-voix-de-la-rumba-congolaise-sestdentites\/","title":{"rendered":"N\u00c9CROLOGIE : Carlyto Lassa, grande voix de la rumba congolaise, s\u2019est \u00e9teint"},"content":{"rendered":"\n<p class=\"wp-block-paragraph\">Kinshasa \u2014 La musique congolaise est en deuil. Charles Ndombasi Lassa, connu du grand public sous le nom de Carlyto Lassa, est d\u00e9c\u00e9d\u00e9, laissant derri\u00e8re lui une carri\u00e8re riche et une empreinte durable dans l\u2019histoire de la rumba congolaise.\u200e\u200eN\u00e9 en 1961, Carlyto Lassa s\u2019\u00e9tait impos\u00e9 au fil des ann\u00e9es comme l\u2019une des voix remarquables de la sc\u00e8ne musicale congolaise.<\/p>\n\n\n\n<p class=\"wp-block-paragraph\"> Son parcours l\u2019avait notamment conduit au sein du Tout Puissant OK Jazz et de l\u2019orchestre Choc Stars, o\u00f9 il a \u00e9volu\u00e9 aux c\u00f4t\u00e9s de figures embl\u00e9matiques telles que Ben Nyamabo et Defao.\u200e\u200eAu cours de sa carri\u00e8re, l\u2019artiste a \u00e9galement eu le privil\u00e8ge de collaborer ou de partager la sc\u00e8ne et les studios avec plusieurs grandes l\u00e9gendes de la musique congolaise, parmi lesquelles Franco Luambo, Lutumba Simaro, Debaba, Koffi Olomid\u00e9, Mayaula Mayoni et Madilu System. Une trajectoire qui t\u00e9moigne de sa place dans plusieurs g\u00e9n\u00e9rations de la rumba.<\/p>\n\n\n\n<p class=\"wp-block-paragraph\"><strong><em>\u200e\u200eDe la rumba au Gospel\u200e\u200e<\/em><\/strong><\/p>\n\n\n\n<p class=\"wp-block-paragraph\">Vers la fin des ann\u00e9es 1990, Carlyto Lassa op\u00e8re un tournant important dans sa vie artistique et personnelle en choisissant de consacrer davantage son parcours \u00e0 la foi chr\u00e9tienne.\u200e\u200eEn 2001, il publie \u00ab Reconnaissance \u00bb, son unique album enti\u00e8rement consacr\u00e9 au Gospel. L\u2019\u0153uvre rencontre un \u00e9cho important aupr\u00e8s du public congolais et au-del\u00e0 des fronti\u00e8res. Plusieurs chansons, notamment \u00ab Mwana Na Mpate \u00bb, \u00ab Reconnaissance \u00bb et \u00ab Bolingo \u00bb, restent associ\u00e9es \u00e0 cette p\u00e9riode marquante de son parcours.\u200e\u200eCette transition vers la musique chr\u00e9tienne n\u2019a toutefois pas effac\u00e9 l\u2019h\u00e9ritage laiss\u00e9 par ses ann\u00e9es consacr\u00e9es \u00e0 la rumba. Carlyto Lassa demeure ainsi li\u00e9 \u00e0 une \u00e9poque o\u00f9 les grands orchestres congolais constituaient de v\u00e9ritables \u00e9coles de formation pour plusieurs g\u00e9n\u00e9rations de musiciens.<\/p>\n\n\n\n<p class=\"wp-block-paragraph\"><strong><em>\u200e\u200eUn retour \u00e0 Kinshasa avant sa disparition<\/em><\/strong><\/p>\n\n\n\n<p class=\"wp-block-paragraph\">\u200e\u200eApr\u00e8s avoir v\u00e9cu plus de deux d\u00e9cennies en France, l\u2019artiste \u00e9tait r\u00e9cemment revenu \u00e0 Kinshasa, sa ville, o\u00f9 il a pass\u00e9 ses derniers moments.\u200e\u200eSa disparition constitue une nouvelle perte pour la musique congolaise, qui voit s\u2019\u00e9teindre l\u2019une de ses voix issues de la grande tradition de la rumba et du Gospel.\u200e\u200e<\/p>\n\n\n\n<p class=\"wp-block-paragraph\">\u00c0 travers son parcours, Carlyto Lassa laisse le souvenir d\u2019un artiste ayant travers\u00e9 plusieurs univers musicaux, de la rumba aux sonorit\u00e9s chr\u00e9tiennes, tout en conservant une identit\u00e9 vocale et artistique qui lui \u00e9tait propre.\u200e\u200e<\/p>\n\n\n\n<p class=\"wp-block-paragraph\"><strong>Denis BABI WA MULUMBA<\/strong> <\/p>\n","protected":false},"excerpt":{"rendered":"<p>Kinshasa \u2014 La musique congolaise est en deuil. Charles Ndombasi Lassa, connu du grand public sous le nom de Carlyto Lassa, est d\u00e9c\u00e9d\u00e9, laissant derri\u00e8re lui une\u2026<\/p>\n","protected":false},"author":1,"featured_media":306,"comment_status":"open","ping_status":"open","sticky":false,"template":"","format":"standard","meta":{"footnotes":""},"categories":[2],"tags":[],"gi_province":[16],"class_list":["post-304","post","type-post","status-publish","format-standard","has-post-thumbnail","hentry","category-actualite","gi_province-kinshasa"],"yoast_head":"<!-- This site is optimized with the Yoast SEO plugin v28.3 - https:\/\/yoast.com\/product\/yoast-seo-wordpress\/ -->\n<title>N\u00c9CROLOGIE : Carlyto Lassa, grande voix de la rumba congolaise, s\u2019est \u00e9teint - Gazette Info<\/title>\n<meta name=\"robots\" content=\"index, follow, max-snippet:-1, max-image-preview:large, max-video-preview:-1\" \/>\n<link rel=\"canonical\" href=\"https:\/\/gazetteinfos.net\/index.php\/2026\/09\/01\/necrologie-carlyto-lassa-grande-voix-de-la-rumba-congolaise-sestdentites\/\" \/>\n<meta property=\"og:locale\" content=\"fr_FR\" \/>\n<meta property=\"og:type\" content=\"article\" \/>\n<meta property=\"og:title\" content=\"N\u00c9CROLOGIE : Carlyto Lassa, grande voix de la rumba congolaise, s\u2019est \u00e9teint - Gazette Info\" \/>\n<meta property=\"og:description\" content=\"Kinshasa \u2014 La musique congolaise est en deuil. Charles Ndombasi Lassa, connu du grand public sous le nom de Carlyto Lassa, est d\u00e9c\u00e9d\u00e9, laissant derri\u00e8re lui une\u2026\" \/>\n<meta property=\"og:url\" content=\"https:\/\/gazetteinfos.net\/index.php\/2026\/09\/01\/necrologie-carlyto-lassa-grande-voix-de-la-rumba-congolaise-sestdentites\/\" \/>\n<meta property=\"og:site_name\" content=\"Gazette Info\" \/>\n<meta property=\"article:published_time\" content=\"2026-09-01T02:40:23+00:00\" \/>\n<meta property=\"article:modified_time\" content=\"2026-09-01T02:45:44+00:00\" \/>\n<meta property=\"og:image\" content=\"https:\/\/gazetteinfos.net\/wp-content\/uploads\/2026\/09\/1788229735782.jpg\" \/>\n\t<meta property=\"og:image:width\" content=\"720\" \/>\n\t<meta property=\"og:image:height\" content=\"396\" \/>\n\t<meta property=\"og:image:type\" content=\"image\/jpeg\" \/>\n<meta name=\"author\" content=\"gazettead2024gmailcom\" \/>\n<meta name=\"twitter:card\" content=\"summary_large_image\" \/>\n<meta name=\"twitter:label1\" content=\"\u00c9crit par\" \/>\n\t<meta name=\"twitter:data1\" content=\"gazettead2024gmailcom\" \/>\n\t<meta name=\"twitter:label2\" content=\"Dur\u00e9e de lecture estim\u00e9e\" \/>\n\t<meta name=\"twitter:data2\" content=\"3 minutes\" \/>\n<script type=\"application\/ld+json\" class=\"yoast-schema-graph\">{\"@context\":\"https:\\\/\\\/schema.org\",\"@graph\":[{\"@type\":\"Article\",\"@id\":\"https:\\\/\\\/gazetteinfos.net\\\/index.php\\\/2026\\\/09\\\/01\\\/necrologie-carlyto-lassa-grande-voix-de-la-rumba-congolaise-sestdentites\\\/#article\",\"isPartOf\":{\"@id\":\"https:\\\/\\\/gazetteinfos.net\\\/index.php\\\/2026\\\/09\\\/01\\\/necrologie-carlyto-lassa-grande-voix-de-la-rumba-congolaise-sestdentites\\\/\"},\"author\":{\"name\":\"gazettead2024gmailcom\",\"@id\":\"https:\\\/\\\/gazetteinfos.net\\\/#\\\/schema\\\/person\\\/d73ae61684083b98fa750c4800983201\"},\"headline\":\"N\u00c9CROLOGIE : Carlyto Lassa, grande voix de la rumba congolaise, s\u2019est \u00e9teint\",\"datePublished\":\"2026-09-01T02:40:23+00:00\",\"dateModified\":\"2026-09-01T02:45:44+00:00\",\"mainEntityOfPage\":{\"@id\":\"https:\\\/\\\/gazetteinfos.net\\\/index.php\\\/2026\\\/09\\\/01\\\/necrologie-carlyto-lassa-grande-voix-de-la-rumba-congolaise-sestdentites\\\/\"},\"wordCount\":417,\"commentCount\":0,\"publisher\":{\"@id\":\"https:\\\/\\\/gazetteinfos.net\\\/#organization\"},\"image\":{\"@id\":\"https:\\\/\\\/gazetteinfos.net\\\/index.php\\\/2026\\\/09\\\/01\\\/necrologie-carlyto-lassa-grande-voix-de-la-rumba-congolaise-sestdentites\\\/#primaryimage\"},\"thumbnailUrl\":\"https:\\\/\\\/gazetteinfos.net\\\/wp-content\\\/uploads\\\/2026\\\/09\\\/1788229735782.jpg\",\"articleSection\":[\"Actualit\u00e9\"],\"inLanguage\":\"fr-FR\",\"potentialAction\":[{\"@type\":\"CommentAction\",\"name\":\"Comment\",\"target\":[\"https:\\\/\\\/gazetteinfos.net\\\/index.php\\\/2026\\\/09\\\/01\\\/necrologie-carlyto-lassa-grande-voix-de-la-rumba-congolaise-sestdentites\\\/#respond\"]}]},{\"@type\":\"WebPage\",\"@id\":\"https:\\\/\\\/gazetteinfos.net\\\/index.php\\\/2026\\\/09\\\/01\\\/necrologie-carlyto-lassa-grande-voix-de-la-rumba-congolaise-sestdentites\\\/\",\"url\":\"https:\\\/\\\/gazetteinfos.net\\\/index.php\\\/2026\\\/09\\\/01\\\/necrologie-carlyto-lassa-grande-voix-de-la-rumba-congolaise-sestdentites\\\/\",\"name\":\"N\u00c9CROLOGIE : Carlyto Lassa, grande voix de la rumba congolaise, s\u2019est \u00e9teint - Gazette Info\",\"isPartOf\":{\"@id\":\"https:\\\/\\\/gazetteinfos.net\\\/#website\"},\"primaryImageOfPage\":{\"@id\":\"https:\\\/\\\/gazetteinfos.net\\\/index.php\\\/2026\\\/09\\\/01\\\/necrologie-carlyto-lassa-grande-voix-de-la-rumba-congolaise-sestdentites\\\/#primaryimage\"},\"image\":{\"@id\":\"https:\\\/\\\/gazetteinfos.net\\\/index.php\\\/2026\\\/09\\\/01\\\/necrologie-carlyto-lassa-grande-voix-de-la-rumba-congolaise-sestdentites\\\/#primaryimage\"},\"thumbnailUrl\":\"https:\\\/\\\/gazetteinfos.net\\\/wp-content\\\/uploads\\\/2026\\\/09\\\/1788229735782.jpg\",\"datePublished\":\"2026-09-01T02:40:23+00:00\",\"dateModified\":\"2026-09-01T02:45:44+00:00\",\"breadcrumb\":{\"@id\":\"https:\\\/\\\/gazetteinfos.net\\\/index.php\\\/2026\\\/09\\\/01\\\/necrologie-carlyto-lassa-grande-voix-de-la-rumba-congolaise-sestdentites\\\/#breadcrumb\"},\"inLanguage\":\"fr-FR\",\"potentialAction\":[{\"@type\":\"ReadAction\",\"target\":[\"https:\\\/\\\/gazetteinfos.net\\\/index.php\\\/2026\\\/09\\\/01\\\/necrologie-carlyto-lassa-grande-voix-de-la-rumba-congolaise-sestdentites\\\/\"]}]},{\"@type\":\"ImageObject\",\"inLanguage\":\"fr-FR\",\"@id\":\"https:\\\/\\\/gazetteinfos.net\\\/index.php\\\/2026\\\/09\\\/01\\\/necrologie-carlyto-lassa-grande-voix-de-la-rumba-congolaise-sestdentites\\\/#primaryimage\",\"url\":\"https:\\\/\\\/gazetteinfos.net\\\/wp-content\\\/uploads\\\/2026\\\/09\\\/1788229735782.jpg\",\"contentUrl\":\"https:\\\/\\\/gazetteinfos.net\\\/wp-content\\\/uploads\\\/2026\\\/09\\\/1788229735782.jpg\",\"width\":720,\"height\":396},{\"@type\":\"BreadcrumbList\",\"@id\":\"https:\\\/\\\/gazetteinfos.net\\\/index.php\\\/2026\\\/09\\\/01\\\/necrologie-carlyto-lassa-grande-voix-de-la-rumba-congolaise-sestdentites\\\/#breadcrumb\",\"itemListElement\":[{\"@type\":\"ListItem\",\"position\":1,\"name\":\"Home\",\"item\":\"https:\\\/\\\/gazetteinfos.net\\\/index.php\\\/accueil\\\/?lang=fr\"},{\"@type\":\"ListItem\",\"position\":2,\"name\":\"N\u00c9CROLOGIE : Carlyto Lassa, grande voix de la rumba congolaise, s\u2019est \u00e9teint\"}]},{\"@type\":\"WebSite\",\"@id\":\"https:\\\/\\\/gazetteinfos.net\\\/#website\",\"url\":\"https:\\\/\\\/gazetteinfos.net\\\/\",\"name\":\"Gazette Info\",\"description\":\"L&#039;actualit\u00e9 au galop du cheval.\",\"publisher\":{\"@id\":\"https:\\\/\\\/gazetteinfos.net\\\/#organization\"},\"potentialAction\":[{\"@type\":\"SearchAction\",\"target\":{\"@type\":\"EntryPoint\",\"urlTemplate\":\"https:\\\/\\\/gazetteinfos.net\\\/?s={search_term_string}\"},\"query-input\":{\"@type\":\"PropertyValueSpecification\",\"valueRequired\":true,\"valueName\":\"search_term_string\"}}],\"inLanguage\":\"fr-FR\"},{\"@type\":\"Organization\",\"@id\":\"https:\\\/\\\/gazetteinfos.net\\\/#organization\",\"name\":\"Gazette Info\",\"url\":\"https:\\\/\\\/gazetteinfos.net\\\/\",\"logo\":{\"@type\":\"ImageObject\",\"inLanguage\":\"fr-FR\",\"@id\":\"https:\\\/\\\/gazetteinfos.net\\\/#\\\/schema\\\/logo\\\/image\\\/\",\"url\":\"https:\\\/\\\/gazetteinfos.net\\\/wp-content\\\/uploads\\\/2026\\\/08\\\/gazetteinfos-logo.png\",\"contentUrl\":\"https:\\\/\\\/gazetteinfos.net\\\/wp-content\\\/uploads\\\/2026\\\/08\\\/gazetteinfos-logo.png\",\"width\":1000,\"height\":250,\"caption\":\"Gazette Info\"},\"image\":{\"@id\":\"https:\\\/\\\/gazetteinfos.net\\\/#\\\/schema\\\/logo\\\/image\\\/\"}},{\"@type\":\"Person\",\"@id\":\"https:\\\/\\\/gazetteinfos.net\\\/#\\\/schema\\\/person\\\/d73ae61684083b98fa750c4800983201\",\"name\":\"gazettead2024gmailcom\",\"image\":{\"@type\":\"ImageObject\",\"inLanguage\":\"fr-FR\",\"@id\":\"https:\\\/\\\/secure.gravatar.com\\\/avatar\\\/8048ee0a120df59b2e841e99cd89588ad9a8b630732b434146f25e14cc0a442f?s=96&d=mm&r=g\",\"url\":\"https:\\\/\\\/secure.gravatar.com\\\/avatar\\\/8048ee0a120df59b2e841e99cd89588ad9a8b630732b434146f25e14cc0a442f?s=96&d=mm&r=g\",\"contentUrl\":\"https:\\\/\\\/secure.gravatar.com\\\/avatar\\\/8048ee0a120df59b2e841e99cd89588ad9a8b630732b434146f25e14cc0a442f?s=96&d=mm&r=g\",\"caption\":\"gazettead2024gmailcom\"},\"sameAs\":[\"https:\\\/\\\/gazetteinfos.net\"],\"url\":\"https:\\\/\\\/gazetteinfos.net\\\/index.php\\\/author\\\/gazettead2024gmailcom\\\/\"}]}<\/script>\n<!-- \/ Yoast SEO plugin. -->","yoast_head_json":{"title":"N\u00c9CROLOGIE : Carlyto Lassa, grande voix de la rumba congolaise, s\u2019est \u00e9teint - Gazette Info","robots":{"index":"index","follow":"follow","max-snippet":"max-snippet:-1","max-image-preview":"max-image-preview:large","max-video-preview":"max-video-preview:-1"},"canonical":"https:\/\/gazetteinfos.net\/index.php\/2026\/09\/01\/necrologie-carlyto-lassa-grande-voix-de-la-rumba-congolaise-sestdentites\/","og_locale":"fr_FR","og_type":"article","og_title":"N\u00c9CROLOGIE : Carlyto Lassa, grande voix de la rumba congolaise, s\u2019est \u00e9teint - Gazette Info","og_description":"Kinshasa \u2014 La musique congolaise est en deuil. Charles Ndombasi Lassa, connu du grand public sous le nom de Carlyto Lassa, est d\u00e9c\u00e9d\u00e9, laissant derri\u00e8re lui une\u2026","og_url":"https:\/\/gazetteinfos.net\/index.php\/2026\/09\/01\/necrologie-carlyto-lassa-grande-voix-de-la-rumba-congolaise-sestdentites\/","og_site_name":"Gazette Info","article_published_time":"2026-09-01T02:40:23+00:00","article_modified_time":"2026-09-01T02:45:44+00:00","og_image":[{"width":720,"height":396,"url":"https:\/\/gazetteinfos.net\/wp-content\/uploads\/2026\/09\/1788229735782.jpg","type":"image\/jpeg"}],"author":"gazettead2024gmailcom","twitter_card":"summary_large_image","twitter_misc":{"\u00c9crit par":"gazettead2024gmailcom","Dur\u00e9e de lecture estim\u00e9e":"3 minutes"},"schema":{"@context":"https:\/\/schema.org","@graph":[{"@type":"Article","@id":"https:\/\/gazetteinfos.net\/index.php\/2026\/09\/01\/necrologie-carlyto-lassa-grande-voix-de-la-rumba-congolaise-sestdentites\/#article","isPartOf":{"@id":"https:\/\/gazetteinfos.net\/index.php\/2026\/09\/01\/necrologie-carlyto-lassa-grande-voix-de-la-rumba-congolaise-sestdentites\/"},"author":{"name":"gazettead2024gmailcom","@id":"https:\/\/gazetteinfos.net\/#\/schema\/person\/d73ae61684083b98fa750c4800983201"},"headline":"N\u00c9CROLOGIE : Carlyto Lassa, grande voix de la rumba congolaise, s\u2019est \u00e9teint","datePublished":"2026-09-01T02:40:23+00:00","dateModified":"2026-09-01T02:45:44+00:00","mainEntityOfPage":{"@id":"https:\/\/gazetteinfos.net\/index.php\/2026\/09\/01\/necrologie-carlyto-lassa-grande-voix-de-la-rumba-congolaise-sestdentites\/"},"wordCount":417,"commentCount":0,"publisher":{"@id":"https:\/\/gazetteinfos.net\/#organization"},"image":{"@id":"https:\/\/gazetteinfos.net\/index.php\/2026\/09\/01\/necrologie-carlyto-lassa-grande-voix-de-la-rumba-congolaise-sestdentites\/#primaryimage"},"thumbnailUrl":"https:\/\/gazetteinfos.net\/wp-content\/uploads\/2026\/09\/1788229735782.jpg","articleSection":["Actualit\u00e9"],"inLanguage":"fr-FR","potentialAction":[{"@type":"CommentAction","name":"Comment","target":["https:\/\/gazetteinfos.net\/index.php\/2026\/09\/01\/necrologie-carlyto-lassa-grande-voix-de-la-rumba-congolaise-sestdentites\/#respond"]}]},{"@type":"WebPage","@id":"https:\/\/gazetteinfos.net\/index.php\/2026\/09\/01\/necrologie-carlyto-lassa-grande-voix-de-la-rumba-congolaise-sestdentites\/","url":"https:\/\/gazetteinfos.net\/index.php\/2026\/09\/01\/necrologie-carlyto-lassa-grande-voix-de-la-rumba-congolaise-sestdentites\/","name":"N\u00c9CROLOGIE : Carlyto Lassa, grande voix de la rumba congolaise, s\u2019est \u00e9teint - Gazette Info","isPartOf":{"@id":"https:\/\/gazetteinfos.net\/#website"},"primaryImageOfPage":{"@id":"https:\/\/gazetteinfos.net\/index.php\/2026\/09\/01\/necrologie-carlyto-lassa-grande-voix-de-la-rumba-congolaise-sestdentites\/#primaryimage"},"image":{"@id":"https:\/\/gazetteinfos.net\/index.php\/2026\/09\/01\/necrologie-carlyto-lassa-grande-voix-de-la-rumba-congolaise-sestdentites\/#primaryimage"},"thumbnailUrl":"https:\/\/gazetteinfos.net\/wp-content\/uploads\/2026\/09\/1788229735782.jpg","datePublished":"2026-09-01T02:40:23+00:00","dateModified":"2026-09-01T02:45:44+00:00","breadcrumb":{"@id":"https:\/\/gazetteinfos.net\/index.php\/2026\/09\/01\/necrologie-carlyto-lassa-grande-voix-de-la-rumba-congolaise-sestdentites\/#breadcrumb"},"inLanguage":"fr-FR","potentialAction":[{"@type":"ReadAction","target":["https:\/\/gazetteinfos.net\/index.php\/2026\/09\/01\/necrologie-carlyto-lassa-grande-voix-de-la-rumba-congolaise-sestdentites\/"]}]},{"@type":"ImageObject","inLanguage":"fr-FR","@id":"https:\/\/gazetteinfos.net\/index.php\/2026\/09\/01\/necrologie-carlyto-lassa-grande-voix-de-la-rumba-congolaise-sestdentites\/#primaryimage","url":"https:\/\/gazetteinfos.net\/wp-content\/uploads\/2026\/09\/1788229735782.jpg","contentUrl":"https:\/\/gazetteinfos.net\/wp-content\/uploads\/2026\/09\/1788229735782.jpg","width":720,"height":396},{"@type":"BreadcrumbList","@id":"https:\/\/gazetteinfos.net\/index.php\/2026\/09\/01\/necrologie-carlyto-lassa-grande-voix-de-la-rumba-congolaise-sestdentites\/#breadcrumb","itemListElement":[{"@type":"ListItem","position":1,"name":"Home","item":"https:\/\/gazetteinfos.net\/index.php\/accueil\/?lang=fr"},{"@type":"ListItem","position":2,"name":"N\u00c9CROLOGIE : Carlyto Lassa, grande voix de la rumba congolaise, s\u2019est \u00e9teint"}]},{"@type":"WebSite","@id":"https:\/\/gazetteinfos.net\/#website","url":"https:\/\/gazetteinfos.net\/","name":"Gazette Info","description":"L&#039;actualit\u00e9 au galop du cheval.","publisher":{"@id":"https:\/\/gazetteinfos.net\/#organization"},"potentialAction":[{"@type":"SearchAction","target":{"@type":"EntryPoint","urlTemplate":"https:\/\/gazetteinfos.net\/?s={search_term_string}"},"query-input":{"@type":"PropertyValueSpecification","valueRequired":true,"valueName":"search_term_string"}}],"inLanguage":"fr-FR"},{"@type":"Organization","@id":"https:\/\/gazetteinfos.net\/#organization","name":"Gazette Info","url":"https:\/\/gazetteinfos.net\/","logo":{"@type":"ImageObject","inLanguage":"fr-FR","@id":"https:\/\/gazetteinfos.net\/#\/schema\/logo\/image\/","url":"https:\/\/gazetteinfos.net\/wp-content\/uploads\/2026\/08\/gazetteinfos-logo.png","contentUrl":"https:\/\/gazetteinfos.net\/wp-content\/uploads\/2026\/08\/gazetteinfos-logo.png","width":1000,"height":250,"caption":"Gazette Info"},"image":{"@id":"https:\/\/gazetteinfos.net\/#\/schema\/logo\/image\/"}},{"@type":"Person","@id":"https:\/\/gazetteinfos.net\/#\/schema\/person\/d73ae61684083b98fa750c4800983201","name":"gazettead2024gmailcom","image":{"@type":"ImageObject","inLanguage":"fr-FR","@id":"https:\/\/secure.gravatar.com\/avatar\/8048ee0a120df59b2e841e99cd89588ad9a8b630732b434146f25e14cc0a442f?s=96&d=mm&r=g","url":"https:\/\/secure.gravatar.com\/avatar\/8048ee0a120df59b2e841e99cd89588ad9a8b630732b434146f25e14cc0a442f?s=96&d=mm&r=g","contentUrl":"https:\/\/secure.gravatar.com\/avatar\/8048ee0a120df59b2e841e99cd89588ad9a8b630732b434146f25e14cc0a442f?s=96&d=mm&r=g","caption":"gazettead2024gmailcom"},"sameAs":["https:\/\/gazetteinfos.net"],"url":"https:\/\/gazetteinfos.net\/index.php\/author\/gazettead2024gmailcom\/"}]}},"_links":{"self":[{"href":"https:\/\/gazetteinfos.net\/index.php\/wp-json\/wp\/v2\/posts\/304","targetHints":{"allow":["GET"]}}],"collection":[{"href":"https:\/\/gazetteinfos.net\/index.php\/wp-json\/wp\/v2\/posts"}],"about":[{"href":"https:\/\/gazetteinfos.net\/index.php\/wp-json\/wp\/v2\/types\/post"}],"author":[{"embeddable":true,"href":"https:\/\/gazetteinfos.net\/index.php\/wp-json\/wp\/v2\/users\/1"}],"replies":[{"embeddable":true,"href":"https:\/\/gazetteinfos.net\/index.php\/wp-json\/wp\/v2\/comments?post=304"}],"version-history":[{"count":2,"href":"https:\/\/gazetteinfos.net\/index.php\/wp-json\/wp\/v2\/posts\/304\/revisions"}],"predecessor-version":[{"id":307,"href":"https:\/\/gazetteinfos.net\/index.php\/wp-json\/wp\/v2\/posts\/304\/revisions\/307"}],"wp:featuredmedia":[{"embeddable":true,"href":"https:\/\/gazetteinfos.net\/index.php\/wp-json\/wp\/v2\/media\/306"}],"wp:attachment":[{"href":"https:\/\/gazetteinfos.net\/index.php\/wp-json\/wp\/v2\/media?parent=304"}],"wp:term":[{"taxonomy":"category","embeddable":true,"href":"https:\/\/gazetteinfos.net\/index.php\/wp-json\/wp\/v2\/categories?post=304"},{"taxonomy":"post_tag","embeddable":true,"href":"https:\/\/gazetteinfos.net\/index.php\/wp-json\/wp\/v2\/tags?post=304"},{"taxonomy":"gi_province","embeddable":true,"href":"https:\/\/gazetteinfos.net\/index.php\/wp-json\/wp\/v2\/gi_province?post=304"}],"curies":[{"name":"wp","href":"https:\/\/api.w.org\/{rel}","templated":true}]}}