{"id":301,"date":"2026-09-01T04:24:03","date_gmt":"2026-09-01T02:24:03","guid":{"rendered":"https:\/\/gazetteinfos.net\/?p=301"},"modified":"2026-09-01T04:24:06","modified_gmt":"2026-09-01T02:24:06","slug":"felix-tshisekedi-en-israel-pour-renforcer-les-relations-entre-kinshasa-et-tel-aviv","status":"publish","type":"post","link":"https:\/\/gazetteinfos.net\/index.php\/2026\/09\/01\/felix-tshisekedi-en-israel-pour-renforcer-les-relations-entre-kinshasa-et-tel-aviv\/","title":{"rendered":"F\u00e9lix Tshisekedi en Isra\u00ebl pour renforcer les relations entre Kinshasa et Tel-Aviv\u200e"},"content":{"rendered":"\n<p class=\"wp-block-paragraph\">J\u00e9rusalem \u2014 Le Pr\u00e9sident de la R\u00e9publique d\u00e9mocratique du Congo, F\u00e9lix-Antoine Tshisekedi Tshilombo, est arriv\u00e9 ce lundi 31 ao\u00fbt en Isra\u00ebl pour une visite de travail, \u00e0 l\u2019invitation de son homologue isra\u00e9lien Isaac Herzog.\u200e\u200eAu cours de ce d\u00e9placement, le Chef de l\u2019\u00c9tat congolais doit s\u2019entretenir \u00e0 J\u00e9rusalem avec le Pr\u00e9sident Isaac Herzog ainsi qu\u2019avec le Premier ministre Benjamin Netanyahou. <\/p>\n\n\n\n<p class=\"wp-block-paragraph\">Ces rencontres devraient permettre aux deux parties d\u2019examiner les perspectives de coop\u00e9ration entre la RDC et Isra\u00ebl et d\u2019identifier de nouveaux domaines de partenariat.\u200e\u200eAu c\u0153ur des \u00e9changes figurent plusieurs secteurs consid\u00e9r\u00e9s comme strat\u00e9giques pour le d\u00e9veloppement de la R\u00e9publique d\u00e9mocratique du Congo. Il s\u2019agit notamment de la s\u00e9curit\u00e9, de la d\u00e9fense, de l\u2019agriculture, des infrastructures, de l\u2019\u00e9nergie et des hautes technologies.\u200e\u200e<\/p>\n\n\n\n<p class=\"wp-block-paragraph\">Pour Kinshasa, ces domaines rev\u00eatent une importance particuli\u00e8re dans la perspective de consolider les capacit\u00e9s nationales, de soutenir la croissance \u00e9conomique et de renforcer la souverainet\u00e9 du pays. La coop\u00e9ration avec Isra\u00ebl pourrait ainsi contribuer au partage d\u2019expertise et \u00e0 la mise en place de partenariats dans des secteurs prioritaires.\u200e\u200eCe d\u00e9placement constitue le deuxi\u00e8me voyage officiel de F\u00e9lix Tshisekedi en Isra\u00ebl, apr\u00e8s celui effectu\u00e9 en 2021.<\/p>\n\n\n\n<p class=\"wp-block-paragraph\"> Il intervient dans un contexte marqu\u00e9 par un rapprochement accru entre les deux pays.\u200e\u200eCette dynamique diplomatique a notamment \u00e9t\u00e9 renforc\u00e9e par la visite du Pr\u00e9sident isra\u00e9lien Isaac Herzog en R\u00e9publique d\u00e9mocratique du Congo, le 11 novembre 2025. Cette venue avait constitu\u00e9 une \u00e9tape importante dans le d\u00e9veloppement des relations bilat\u00e9rales entre Kinshasa et Tel-Aviv.\u200e<\/p>\n\n\n\n<p class=\"wp-block-paragraph\"><strong><em>R\u00e9daction<\/em><\/strong> <\/p>\n","protected":false},"excerpt":{"rendered":"<p>J\u00e9rusalem \u2014 Le Pr\u00e9sident de la R\u00e9publique d\u00e9mocratique du Congo, F\u00e9lix-Antoine Tshisekedi Tshilombo, est arriv\u00e9 ce lundi 31 ao\u00fbt en Isra\u00ebl pour une visite de travail, \u00e0\u2026<\/p>\n","protected":false},"author":1,"featured_media":302,"comment_status":"open","ping_status":"open","sticky":false,"template":"","format":"standard","meta":{"footnotes":""},"categories":[2],"tags":[],"gi_province":[16],"class_list":["post-301","post","type-post","status-publish","format-standard","has-post-thumbnail","hentry","category-actualite","gi_province-kinshasa"],"yoast_head":"<!-- This site is optimized with the Yoast SEO plugin v28.3 - https:\/\/yoast.com\/product\/yoast-seo-wordpress\/ -->\n<title>F\u00e9lix Tshisekedi en Isra\u00ebl pour renforcer les relations entre Kinshasa et Tel-Aviv\u200e - Gazette Info<\/title>\n<meta name=\"robots\" content=\"index, follow, max-snippet:-1, max-image-preview:large, max-video-preview:-1\" \/>\n<link rel=\"canonical\" href=\"https:\/\/gazetteinfos.net\/index.php\/2026\/09\/01\/felix-tshisekedi-en-israel-pour-renforcer-les-relations-entre-kinshasa-et-tel-aviv\/\" \/>\n<meta property=\"og:locale\" content=\"fr_FR\" \/>\n<meta property=\"og:type\" content=\"article\" \/>\n<meta property=\"og:title\" content=\"F\u00e9lix Tshisekedi en Isra\u00ebl pour renforcer les relations entre Kinshasa et Tel-Aviv\u200e - Gazette Info\" \/>\n<meta property=\"og:description\" content=\"J\u00e9rusalem \u2014 Le Pr\u00e9sident de la R\u00e9publique d\u00e9mocratique du Congo, F\u00e9lix-Antoine Tshisekedi Tshilombo, est arriv\u00e9 ce lundi 31 ao\u00fbt en Isra\u00ebl pour une visite de travail, \u00e0\u2026\" \/>\n<meta property=\"og:url\" content=\"https:\/\/gazetteinfos.net\/index.php\/2026\/09\/01\/felix-tshisekedi-en-israel-pour-renforcer-les-relations-entre-kinshasa-et-tel-aviv\/\" \/>\n<meta property=\"og:site_name\" content=\"Gazette Info\" \/>\n<meta property=\"article:published_time\" content=\"2026-09-01T02:24:03+00:00\" \/>\n<meta property=\"article:modified_time\" content=\"2026-09-01T02:24:06+00:00\" \/>\n<meta property=\"og:image\" content=\"https:\/\/gazetteinfos.net\/wp-content\/uploads\/2026\/09\/1788229008463.jpg\" \/>\n\t<meta property=\"og:image:width\" content=\"720\" \/>\n\t<meta property=\"og:image:height\" content=\"479\" \/>\n\t<meta property=\"og:image:type\" content=\"image\/jpeg\" \/>\n<meta name=\"author\" content=\"gazettead2024gmailcom\" \/>\n<meta name=\"twitter:card\" content=\"summary_large_image\" \/>\n<meta name=\"twitter:label1\" content=\"\u00c9crit par\" \/>\n\t<meta name=\"twitter:data1\" content=\"gazettead2024gmailcom\" \/>\n\t<meta name=\"twitter:label2\" content=\"Dur\u00e9e de lecture estim\u00e9e\" \/>\n\t<meta name=\"twitter:data2\" content=\"2 minutes\" \/>\n<script type=\"application\/ld+json\" class=\"yoast-schema-graph\">{\"@context\":\"https:\\\/\\\/schema.org\",\"@graph\":[{\"@type\":\"Article\",\"@id\":\"https:\\\/\\\/gazetteinfos.net\\\/index.php\\\/2026\\\/09\\\/01\\\/felix-tshisekedi-en-israel-pour-renforcer-les-relations-entre-kinshasa-et-tel-aviv\\\/#article\",\"isPartOf\":{\"@id\":\"https:\\\/\\\/gazetteinfos.net\\\/index.php\\\/2026\\\/09\\\/01\\\/felix-tshisekedi-en-israel-pour-renforcer-les-relations-entre-kinshasa-et-tel-aviv\\\/\"},\"author\":{\"name\":\"gazettead2024gmailcom\",\"@id\":\"https:\\\/\\\/gazetteinfos.net\\\/#\\\/schema\\\/person\\\/d73ae61684083b98fa750c4800983201\"},\"headline\":\"F\u00e9lix Tshisekedi en Isra\u00ebl pour renforcer les relations entre Kinshasa et Tel-Aviv\u200e\",\"datePublished\":\"2026-09-01T02:24:03+00:00\",\"dateModified\":\"2026-09-01T02:24:06+00:00\",\"mainEntityOfPage\":{\"@id\":\"https:\\\/\\\/gazetteinfos.net\\\/index.php\\\/2026\\\/09\\\/01\\\/felix-tshisekedi-en-israel-pour-renforcer-les-relations-entre-kinshasa-et-tel-aviv\\\/\"},\"wordCount\":301,\"commentCount\":0,\"publisher\":{\"@id\":\"https:\\\/\\\/gazetteinfos.net\\\/#organization\"},\"image\":{\"@id\":\"https:\\\/\\\/gazetteinfos.net\\\/index.php\\\/2026\\\/09\\\/01\\\/felix-tshisekedi-en-israel-pour-renforcer-les-relations-entre-kinshasa-et-tel-aviv\\\/#primaryimage\"},\"thumbnailUrl\":\"https:\\\/\\\/gazetteinfos.net\\\/wp-content\\\/uploads\\\/2026\\\/09\\\/1788229008463.jpg\",\"articleSection\":[\"Actualit\u00e9\"],\"inLanguage\":\"fr-FR\",\"potentialAction\":[{\"@type\":\"CommentAction\",\"name\":\"Comment\",\"target\":[\"https:\\\/\\\/gazetteinfos.net\\\/index.php\\\/2026\\\/09\\\/01\\\/felix-tshisekedi-en-israel-pour-renforcer-les-relations-entre-kinshasa-et-tel-aviv\\\/#respond\"]}]},{\"@type\":\"WebPage\",\"@id\":\"https:\\\/\\\/gazetteinfos.net\\\/index.php\\\/2026\\\/09\\\/01\\\/felix-tshisekedi-en-israel-pour-renforcer-les-relations-entre-kinshasa-et-tel-aviv\\\/\",\"url\":\"https:\\\/\\\/gazetteinfos.net\\\/index.php\\\/2026\\\/09\\\/01\\\/felix-tshisekedi-en-israel-pour-renforcer-les-relations-entre-kinshasa-et-tel-aviv\\\/\",\"name\":\"F\u00e9lix Tshisekedi en Isra\u00ebl pour renforcer les relations entre Kinshasa et Tel-Aviv\u200e - Gazette Info\",\"isPartOf\":{\"@id\":\"https:\\\/\\\/gazetteinfos.net\\\/#website\"},\"primaryImageOfPage\":{\"@id\":\"https:\\\/\\\/gazetteinfos.net\\\/index.php\\\/2026\\\/09\\\/01\\\/felix-tshisekedi-en-israel-pour-renforcer-les-relations-entre-kinshasa-et-tel-aviv\\\/#primaryimage\"},\"image\":{\"@id\":\"https:\\\/\\\/gazetteinfos.net\\\/index.php\\\/2026\\\/09\\\/01\\\/felix-tshisekedi-en-israel-pour-renforcer-les-relations-entre-kinshasa-et-tel-aviv\\\/#primaryimage\"},\"thumbnailUrl\":\"https:\\\/\\\/gazetteinfos.net\\\/wp-content\\\/uploads\\\/2026\\\/09\\\/1788229008463.jpg\",\"datePublished\":\"2026-09-01T02:24:03+00:00\",\"dateModified\":\"2026-09-01T02:24:06+00:00\",\"breadcrumb\":{\"@id\":\"https:\\\/\\\/gazetteinfos.net\\\/index.php\\\/2026\\\/09\\\/01\\\/felix-tshisekedi-en-israel-pour-renforcer-les-relations-entre-kinshasa-et-tel-aviv\\\/#breadcrumb\"},\"inLanguage\":\"fr-FR\",\"potentialAction\":[{\"@type\":\"ReadAction\",\"target\":[\"https:\\\/\\\/gazetteinfos.net\\\/index.php\\\/2026\\\/09\\\/01\\\/felix-tshisekedi-en-israel-pour-renforcer-les-relations-entre-kinshasa-et-tel-aviv\\\/\"]}]},{\"@type\":\"ImageObject\",\"inLanguage\":\"fr-FR\",\"@id\":\"https:\\\/\\\/gazetteinfos.net\\\/index.php\\\/2026\\\/09\\\/01\\\/felix-tshisekedi-en-israel-pour-renforcer-les-relations-entre-kinshasa-et-tel-aviv\\\/#primaryimage\",\"url\":\"https:\\\/\\\/gazetteinfos.net\\\/wp-content\\\/uploads\\\/2026\\\/09\\\/1788229008463.jpg\",\"contentUrl\":\"https:\\\/\\\/gazetteinfos.net\\\/wp-content\\\/uploads\\\/2026\\\/09\\\/1788229008463.jpg\",\"width\":720,\"height\":479},{\"@type\":\"BreadcrumbList\",\"@id\":\"https:\\\/\\\/gazetteinfos.net\\\/index.php\\\/2026\\\/09\\\/01\\\/felix-tshisekedi-en-israel-pour-renforcer-les-relations-entre-kinshasa-et-tel-aviv\\\/#breadcrumb\",\"itemListElement\":[{\"@type\":\"ListItem\",\"position\":1,\"name\":\"Home\",\"item\":\"https:\\\/\\\/gazetteinfos.net\\\/index.php\\\/accueil\\\/?lang=fr\"},{\"@type\":\"ListItem\",\"position\":2,\"name\":\"F\u00e9lix Tshisekedi en Isra\u00ebl pour renforcer les relations entre Kinshasa et Tel-Aviv\u200e\"}]},{\"@type\":\"WebSite\",\"@id\":\"https:\\\/\\\/gazetteinfos.net\\\/#website\",\"url\":\"https:\\\/\\\/gazetteinfos.net\\\/\",\"name\":\"Gazette Info\",\"description\":\"L&#039;actualit\u00e9 au galop du cheval.\",\"publisher\":{\"@id\":\"https:\\\/\\\/gazetteinfos.net\\\/#organization\"},\"potentialAction\":[{\"@type\":\"SearchAction\",\"target\":{\"@type\":\"EntryPoint\",\"urlTemplate\":\"https:\\\/\\\/gazetteinfos.net\\\/?s={search_term_string}\"},\"query-input\":{\"@type\":\"PropertyValueSpecification\",\"valueRequired\":true,\"valueName\":\"search_term_string\"}}],\"inLanguage\":\"fr-FR\"},{\"@type\":\"Organization\",\"@id\":\"https:\\\/\\\/gazetteinfos.net\\\/#organization\",\"name\":\"Gazette Info\",\"url\":\"https:\\\/\\\/gazetteinfos.net\\\/\",\"logo\":{\"@type\":\"ImageObject\",\"inLanguage\":\"fr-FR\",\"@id\":\"https:\\\/\\\/gazetteinfos.net\\\/#\\\/schema\\\/logo\\\/image\\\/\",\"url\":\"https:\\\/\\\/gazetteinfos.net\\\/wp-content\\\/uploads\\\/2026\\\/08\\\/gazetteinfos-logo.png\",\"contentUrl\":\"https:\\\/\\\/gazetteinfos.net\\\/wp-content\\\/uploads\\\/2026\\\/08\\\/gazetteinfos-logo.png\",\"width\":1000,\"height\":250,\"caption\":\"Gazette Info\"},\"image\":{\"@id\":\"https:\\\/\\\/gazetteinfos.net\\\/#\\\/schema\\\/logo\\\/image\\\/\"}},{\"@type\":\"Person\",\"@id\":\"https:\\\/\\\/gazetteinfos.net\\\/#\\\/schema\\\/person\\\/d73ae61684083b98fa750c4800983201\",\"name\":\"gazettead2024gmailcom\",\"image\":{\"@type\":\"ImageObject\",\"inLanguage\":\"fr-FR\",\"@id\":\"https:\\\/\\\/secure.gravatar.com\\\/avatar\\\/8048ee0a120df59b2e841e99cd89588ad9a8b630732b434146f25e14cc0a442f?s=96&d=mm&r=g\",\"url\":\"https:\\\/\\\/secure.gravatar.com\\\/avatar\\\/8048ee0a120df59b2e841e99cd89588ad9a8b630732b434146f25e14cc0a442f?s=96&d=mm&r=g\",\"contentUrl\":\"https:\\\/\\\/secure.gravatar.com\\\/avatar\\\/8048ee0a120df59b2e841e99cd89588ad9a8b630732b434146f25e14cc0a442f?s=96&d=mm&r=g\",\"caption\":\"gazettead2024gmailcom\"},\"sameAs\":[\"https:\\\/\\\/gazetteinfos.net\"],\"url\":\"https:\\\/\\\/gazetteinfos.net\\\/index.php\\\/author\\\/gazettead2024gmailcom\\\/\"}]}<\/script>\n<!-- \/ Yoast SEO plugin. -->","yoast_head_json":{"title":"F\u00e9lix Tshisekedi en Isra\u00ebl pour renforcer les relations entre Kinshasa et Tel-Aviv\u200e - Gazette Info","robots":{"index":"index","follow":"follow","max-snippet":"max-snippet:-1","max-image-preview":"max-image-preview:large","max-video-preview":"max-video-preview:-1"},"canonical":"https:\/\/gazetteinfos.net\/index.php\/2026\/09\/01\/felix-tshisekedi-en-israel-pour-renforcer-les-relations-entre-kinshasa-et-tel-aviv\/","og_locale":"fr_FR","og_type":"article","og_title":"F\u00e9lix Tshisekedi en Isra\u00ebl pour renforcer les relations entre Kinshasa et Tel-Aviv\u200e - Gazette Info","og_description":"J\u00e9rusalem \u2014 Le Pr\u00e9sident de la R\u00e9publique d\u00e9mocratique du Congo, F\u00e9lix-Antoine Tshisekedi Tshilombo, est arriv\u00e9 ce lundi 31 ao\u00fbt en Isra\u00ebl pour une visite de travail, \u00e0\u2026","og_url":"https:\/\/gazetteinfos.net\/index.php\/2026\/09\/01\/felix-tshisekedi-en-israel-pour-renforcer-les-relations-entre-kinshasa-et-tel-aviv\/","og_site_name":"Gazette Info","article_published_time":"2026-09-01T02:24:03+00:00","article_modified_time":"2026-09-01T02:24:06+00:00","og_image":[{"width":720,"height":479,"url":"https:\/\/gazetteinfos.net\/wp-content\/uploads\/2026\/09\/1788229008463.jpg","type":"image\/jpeg"}],"author":"gazettead2024gmailcom","twitter_card":"summary_large_image","twitter_misc":{"\u00c9crit par":"gazettead2024gmailcom","Dur\u00e9e de lecture estim\u00e9e":"2 minutes"},"schema":{"@context":"https:\/\/schema.org","@graph":[{"@type":"Article","@id":"https:\/\/gazetteinfos.net\/index.php\/2026\/09\/01\/felix-tshisekedi-en-israel-pour-renforcer-les-relations-entre-kinshasa-et-tel-aviv\/#article","isPartOf":{"@id":"https:\/\/gazetteinfos.net\/index.php\/2026\/09\/01\/felix-tshisekedi-en-israel-pour-renforcer-les-relations-entre-kinshasa-et-tel-aviv\/"},"author":{"name":"gazettead2024gmailcom","@id":"https:\/\/gazetteinfos.net\/#\/schema\/person\/d73ae61684083b98fa750c4800983201"},"headline":"F\u00e9lix Tshisekedi en Isra\u00ebl pour renforcer les relations entre Kinshasa et Tel-Aviv\u200e","datePublished":"2026-09-01T02:24:03+00:00","dateModified":"2026-09-01T02:24:06+00:00","mainEntityOfPage":{"@id":"https:\/\/gazetteinfos.net\/index.php\/2026\/09\/01\/felix-tshisekedi-en-israel-pour-renforcer-les-relations-entre-kinshasa-et-tel-aviv\/"},"wordCount":301,"commentCount":0,"publisher":{"@id":"https:\/\/gazetteinfos.net\/#organization"},"image":{"@id":"https:\/\/gazetteinfos.net\/index.php\/2026\/09\/01\/felix-tshisekedi-en-israel-pour-renforcer-les-relations-entre-kinshasa-et-tel-aviv\/#primaryimage"},"thumbnailUrl":"https:\/\/gazetteinfos.net\/wp-content\/uploads\/2026\/09\/1788229008463.jpg","articleSection":["Actualit\u00e9"],"inLanguage":"fr-FR","potentialAction":[{"@type":"CommentAction","name":"Comment","target":["https:\/\/gazetteinfos.net\/index.php\/2026\/09\/01\/felix-tshisekedi-en-israel-pour-renforcer-les-relations-entre-kinshasa-et-tel-aviv\/#respond"]}]},{"@type":"WebPage","@id":"https:\/\/gazetteinfos.net\/index.php\/2026\/09\/01\/felix-tshisekedi-en-israel-pour-renforcer-les-relations-entre-kinshasa-et-tel-aviv\/","url":"https:\/\/gazetteinfos.net\/index.php\/2026\/09\/01\/felix-tshisekedi-en-israel-pour-renforcer-les-relations-entre-kinshasa-et-tel-aviv\/","name":"F\u00e9lix Tshisekedi en Isra\u00ebl pour renforcer les relations entre Kinshasa et Tel-Aviv\u200e - Gazette Info","isPartOf":{"@id":"https:\/\/gazetteinfos.net\/#website"},"primaryImageOfPage":{"@id":"https:\/\/gazetteinfos.net\/index.php\/2026\/09\/01\/felix-tshisekedi-en-israel-pour-renforcer-les-relations-entre-kinshasa-et-tel-aviv\/#primaryimage"},"image":{"@id":"https:\/\/gazetteinfos.net\/index.php\/2026\/09\/01\/felix-tshisekedi-en-israel-pour-renforcer-les-relations-entre-kinshasa-et-tel-aviv\/#primaryimage"},"thumbnailUrl":"https:\/\/gazetteinfos.net\/wp-content\/uploads\/2026\/09\/1788229008463.jpg","datePublished":"2026-09-01T02:24:03+00:00","dateModified":"2026-09-01T02:24:06+00:00","breadcrumb":{"@id":"https:\/\/gazetteinfos.net\/index.php\/2026\/09\/01\/felix-tshisekedi-en-israel-pour-renforcer-les-relations-entre-kinshasa-et-tel-aviv\/#breadcrumb"},"inLanguage":"fr-FR","potentialAction":[{"@type":"ReadAction","target":["https:\/\/gazetteinfos.net\/index.php\/2026\/09\/01\/felix-tshisekedi-en-israel-pour-renforcer-les-relations-entre-kinshasa-et-tel-aviv\/"]}]},{"@type":"ImageObject","inLanguage":"fr-FR","@id":"https:\/\/gazetteinfos.net\/index.php\/2026\/09\/01\/felix-tshisekedi-en-israel-pour-renforcer-les-relations-entre-kinshasa-et-tel-aviv\/#primaryimage","url":"https:\/\/gazetteinfos.net\/wp-content\/uploads\/2026\/09\/1788229008463.jpg","contentUrl":"https:\/\/gazetteinfos.net\/wp-content\/uploads\/2026\/09\/1788229008463.jpg","width":720,"height":479},{"@type":"BreadcrumbList","@id":"https:\/\/gazetteinfos.net\/index.php\/2026\/09\/01\/felix-tshisekedi-en-israel-pour-renforcer-les-relations-entre-kinshasa-et-tel-aviv\/#breadcrumb","itemListElement":[{"@type":"ListItem","position":1,"name":"Home","item":"https:\/\/gazetteinfos.net\/index.php\/accueil\/?lang=fr"},{"@type":"ListItem","position":2,"name":"F\u00e9lix Tshisekedi en Isra\u00ebl pour renforcer les relations entre Kinshasa et Tel-Aviv\u200e"}]},{"@type":"WebSite","@id":"https:\/\/gazetteinfos.net\/#website","url":"https:\/\/gazetteinfos.net\/","name":"Gazette Info","description":"L&#039;actualit\u00e9 au galop du cheval.","publisher":{"@id":"https:\/\/gazetteinfos.net\/#organization"},"potentialAction":[{"@type":"SearchAction","target":{"@type":"EntryPoint","urlTemplate":"https:\/\/gazetteinfos.net\/?s={search_term_string}"},"query-input":{"@type":"PropertyValueSpecification","valueRequired":true,"valueName":"search_term_string"}}],"inLanguage":"fr-FR"},{"@type":"Organization","@id":"https:\/\/gazetteinfos.net\/#organization","name":"Gazette Info","url":"https:\/\/gazetteinfos.net\/","logo":{"@type":"ImageObject","inLanguage":"fr-FR","@id":"https:\/\/gazetteinfos.net\/#\/schema\/logo\/image\/","url":"https:\/\/gazetteinfos.net\/wp-content\/uploads\/2026\/08\/gazetteinfos-logo.png","contentUrl":"https:\/\/gazetteinfos.net\/wp-content\/uploads\/2026\/08\/gazetteinfos-logo.png","width":1000,"height":250,"caption":"Gazette Info"},"image":{"@id":"https:\/\/gazetteinfos.net\/#\/schema\/logo\/image\/"}},{"@type":"Person","@id":"https:\/\/gazetteinfos.net\/#\/schema\/person\/d73ae61684083b98fa750c4800983201","name":"gazettead2024gmailcom","image":{"@type":"ImageObject","inLanguage":"fr-FR","@id":"https:\/\/secure.gravatar.com\/avatar\/8048ee0a120df59b2e841e99cd89588ad9a8b630732b434146f25e14cc0a442f?s=96&d=mm&r=g","url":"https:\/\/secure.gravatar.com\/avatar\/8048ee0a120df59b2e841e99cd89588ad9a8b630732b434146f25e14cc0a442f?s=96&d=mm&r=g","contentUrl":"https:\/\/secure.gravatar.com\/avatar\/8048ee0a120df59b2e841e99cd89588ad9a8b630732b434146f25e14cc0a442f?s=96&d=mm&r=g","caption":"gazettead2024gmailcom"},"sameAs":["https:\/\/gazetteinfos.net"],"url":"https:\/\/gazetteinfos.net\/index.php\/author\/gazettead2024gmailcom\/"}]}},"_links":{"self":[{"href":"https:\/\/gazetteinfos.net\/index.php\/wp-json\/wp\/v2\/posts\/301","targetHints":{"allow":["GET"]}}],"collection":[{"href":"https:\/\/gazetteinfos.net\/index.php\/wp-json\/wp\/v2\/posts"}],"about":[{"href":"https:\/\/gazetteinfos.net\/index.php\/wp-json\/wp\/v2\/types\/post"}],"author":[{"embeddable":true,"href":"https:\/\/gazetteinfos.net\/index.php\/wp-json\/wp\/v2\/users\/1"}],"replies":[{"embeddable":true,"href":"https:\/\/gazetteinfos.net\/index.php\/wp-json\/wp\/v2\/comments?post=301"}],"version-history":[{"count":1,"href":"https:\/\/gazetteinfos.net\/index.php\/wp-json\/wp\/v2\/posts\/301\/revisions"}],"predecessor-version":[{"id":303,"href":"https:\/\/gazetteinfos.net\/index.php\/wp-json\/wp\/v2\/posts\/301\/revisions\/303"}],"wp:featuredmedia":[{"embeddable":true,"href":"https:\/\/gazetteinfos.net\/index.php\/wp-json\/wp\/v2\/media\/302"}],"wp:attachment":[{"href":"https:\/\/gazetteinfos.net\/index.php\/wp-json\/wp\/v2\/media?parent=301"}],"wp:term":[{"taxonomy":"category","embeddable":true,"href":"https:\/\/gazetteinfos.net\/index.php\/wp-json\/wp\/v2\/categories?post=301"},{"taxonomy":"post_tag","embeddable":true,"href":"https:\/\/gazetteinfos.net\/index.php\/wp-json\/wp\/v2\/tags?post=301"},{"taxonomy":"gi_province","embeddable":true,"href":"https:\/\/gazetteinfos.net\/index.php\/wp-json\/wp\/v2\/gi_province?post=301"}],"curies":[{"name":"wp","href":"https:\/\/api.w.org\/{rel}","templated":true}]}}