{"id":297,"date":"2026-08-30T17:32:15","date_gmt":"2026-08-30T15:32:15","guid":{"rendered":"https:\/\/gazetteinfos.net\/?p=297"},"modified":"2026-08-30T17:32:18","modified_gmt":"2026-08-30T15:32:18","slug":"rdc-a-mbuji-mayi-leglise-catholique-rend-hommage-aux-efforts-de-felix-tshisekedi-en-faveur-du-developpement","status":"publish","type":"post","link":"https:\/\/gazetteinfos.net\/index.php\/2026\/08\/30\/rdc-a-mbuji-mayi-leglise-catholique-rend-hommage-aux-efforts-de-felix-tshisekedi-en-faveur-du-developpement\/","title":{"rendered":"RDC : \u00e0 Mbuji-Mayi, l\u2019\u00c9glise catholique rend hommage aux efforts de F\u00e9lix Tshisekedi en faveur du d\u00e9veloppement"},"content":{"rendered":"\n<p class=\"wp-block-paragraph\">Mbuji-Mayi \u2013 Des hommages ont \u00e9t\u00e9 rendus, dimanche, au pr\u00e9sident de la R\u00e9publique d\u00e9mocratique du Congo, F\u00e9lix Tshisekedi, pour ses efforts en faveur de la reconstruction et du d\u00e9veloppement du pays. Ces t\u00e9moignages ont \u00e9t\u00e9 formul\u00e9s \u00e0 l\u2019occasion de la d\u00e9dicace de la Paroisse universitaire Notre-Dame de l\u2019Esp\u00e9rance du dioc\u00e8se de Mbuji-Mayi, chef-lieu de la province du Kasa\u00ef Oriental.\u200e\u200ePrenant la parole lors de cette c\u00e9r\u00e9monie, Mgr Emmanuel-Bernard Kasanda, \u00e9v\u00eaque du dioc\u00e8se de Mbuji-Mayi, a salu\u00e9 l\u2019action men\u00e9e par le chef de l\u2019\u00c9tat au cours de ses sept ann\u00e9es \u00e0 la t\u00eate du pays. Selon lui, cette p\u00e9riode a d\u00e9j\u00e0 laiss\u00e9 une empreinte significative dans le processus de transformation de la RDC.\u200e\u200e\u00ab Votre action, en 7 ans seulement, a d\u00e9j\u00e0 marqu\u00e9 la RDC d\u2019une empreinte inoubliable \u00bb, a d\u00e9clar\u00e9 l\u2019\u00e9v\u00eaque, mettant notamment en avant les diff\u00e9rents projets d\u2019infrastructures engag\u00e9s \u00e0 travers le territoire national.\u200e\u200eParmi les r\u00e9alisations et projets cit\u00e9s figurent le corridor de Banana, pr\u00e9sent\u00e9 comme un axe appel\u00e9 \u00e0 relier Sakania au port en eau profonde de Banana sur plus de 3.300 kilom\u00e8tres.<\/p>\n\n\n\n<p class=\"wp-block-paragraph\"> Mgr Kasanda a \u00e9galement \u00e9voqu\u00e9 la rocade de Kinshasa, destin\u00e9e \u00e0 contribuer \u00e0 l\u2019am\u00e9lioration de la circulation dans la capitale.\u200e\u200eL\u2019\u00e9v\u00eaque a par ailleurs soulign\u00e9 l\u2019importance du corridor Kisangani-Beni-Bunia, qui doit renforcer les connexions entre les provinces de la Tshopo, du Nord-Kivu et de l\u2019Ituri. \u00c0 cette liste s\u2019ajoutent plusieurs projets \u00e0 vocation nationale et transfrontali\u00e8re, notamment l\u2019int\u00e9gration RDC-Ouganda.<\/p>\n\n\n\n<p class=\"wp-block-paragraph\">\u200e\u200eD\u2019autres axes routiers ont \u00e9galement \u00e9t\u00e9 cit\u00e9s, parmi lesquels Mahagi-Bunia, la RN8-RN21 reliant Mbandaka \u00e0 Ingende via Bikoro, ainsi que l\u2019axe Kasumbalesa-Manono. La RN1 Ouest, appel\u00e9e \u00e0 relier Banana \u00e0 Kenge en passant par Kinshasa, figure \u00e9galement parmi les infrastructures mentionn\u00e9es.\u200e\u200e\u00c0 travers ces diff\u00e9rents projets, Mgr Emmanuel-Bernard Kasanda a mis en avant la volont\u00e9 de renforcer les infrastructures routi\u00e8res et de favoriser une meilleure interconnexion des diff\u00e9rentes r\u00e9gions de la RDC.\u200e\u200e<\/p>\n\n\n\n<p class=\"wp-block-paragraph\">La c\u00e9r\u00e9monie de d\u00e9dicace de la Paroisse universitaire Notre-Dame de l\u2019Esp\u00e9rance aura ainsi \u00e9t\u00e9 l\u2019occasion, au-del\u00e0 de sa dimension religieuse, de mettre en lumi\u00e8re les enjeux li\u00e9s \u00e0 la reconstruction du pays et aux investissements dans les infrastructures, consid\u00e9r\u00e9s comme des leviers essentiels du d\u00e9veloppement national.<\/p>\n\n\n\n<p class=\"wp-block-paragraph\">Denis BABI WA MULUMBA <\/p>\n","protected":false},"excerpt":{"rendered":"<p>Mbuji-Mayi \u2013 Des hommages ont \u00e9t\u00e9 rendus, dimanche, au pr\u00e9sident de la R\u00e9publique d\u00e9mocratique du Congo, F\u00e9lix Tshisekedi, pour ses efforts en faveur de la reconstruction et\u2026<\/p>\n","protected":false},"author":1,"featured_media":298,"comment_status":"open","ping_status":"open","sticky":false,"template":"","format":"standard","meta":{"footnotes":""},"categories":[2],"tags":[],"gi_province":[15],"class_list":["post-297","post","type-post","status-publish","format-standard","has-post-thumbnail","hentry","category-actualite","gi_province-kasai-oriental"],"yoast_head":"<!-- This site is optimized with the Yoast SEO plugin v28.3 - https:\/\/yoast.com\/product\/yoast-seo-wordpress\/ -->\n<title>RDC : \u00e0 Mbuji-Mayi, l\u2019\u00c9glise catholique rend hommage aux efforts de F\u00e9lix Tshisekedi en faveur du d\u00e9veloppement - Gazette Info<\/title>\n<meta name=\"robots\" content=\"index, follow, max-snippet:-1, max-image-preview:large, max-video-preview:-1\" \/>\n<link rel=\"canonical\" href=\"https:\/\/gazetteinfos.net\/index.php\/2026\/08\/30\/rdc-a-mbuji-mayi-leglise-catholique-rend-hommage-aux-efforts-de-felix-tshisekedi-en-faveur-du-developpement\/\" \/>\n<meta property=\"og:locale\" content=\"fr_FR\" \/>\n<meta property=\"og:type\" content=\"article\" \/>\n<meta property=\"og:title\" content=\"RDC : \u00e0 Mbuji-Mayi, l\u2019\u00c9glise catholique rend hommage aux efforts de F\u00e9lix Tshisekedi en faveur du d\u00e9veloppement - Gazette Info\" \/>\n<meta property=\"og:description\" content=\"Mbuji-Mayi \u2013 Des hommages ont \u00e9t\u00e9 rendus, dimanche, au pr\u00e9sident de la R\u00e9publique d\u00e9mocratique du Congo, F\u00e9lix Tshisekedi, pour ses efforts en faveur de la reconstruction et\u2026\" \/>\n<meta property=\"og:url\" content=\"https:\/\/gazetteinfos.net\/index.php\/2026\/08\/30\/rdc-a-mbuji-mayi-leglise-catholique-rend-hommage-aux-efforts-de-felix-tshisekedi-en-faveur-du-developpement\/\" \/>\n<meta property=\"og:site_name\" content=\"Gazette Info\" \/>\n<meta property=\"article:published_time\" content=\"2026-08-30T15:32:15+00:00\" \/>\n<meta property=\"article:modified_time\" content=\"2026-08-30T15:32:18+00:00\" \/>\n<meta property=\"og:image\" content=\"https:\/\/gazetteinfos.net\/wp-content\/uploads\/2026\/08\/1788101599954.jpg\" \/>\n\t<meta property=\"og:image:width\" content=\"720\" \/>\n\t<meta property=\"og:image:height\" content=\"434\" \/>\n\t<meta property=\"og:image:type\" content=\"image\/jpeg\" \/>\n<meta name=\"author\" content=\"gazettead2024gmailcom\" \/>\n<meta name=\"twitter:card\" content=\"summary_large_image\" \/>\n<meta name=\"twitter:label1\" content=\"\u00c9crit par\" \/>\n\t<meta name=\"twitter:data1\" content=\"gazettead2024gmailcom\" \/>\n\t<meta name=\"twitter:label2\" content=\"Dur\u00e9e de lecture estim\u00e9e\" \/>\n\t<meta name=\"twitter:data2\" content=\"2 minutes\" \/>\n<script type=\"application\/ld+json\" class=\"yoast-schema-graph\">{\"@context\":\"https:\\\/\\\/schema.org\",\"@graph\":[{\"@type\":\"Article\",\"@id\":\"https:\\\/\\\/gazetteinfos.net\\\/index.php\\\/2026\\\/08\\\/30\\\/rdc-a-mbuji-mayi-leglise-catholique-rend-hommage-aux-efforts-de-felix-tshisekedi-en-faveur-du-developpement\\\/#article\",\"isPartOf\":{\"@id\":\"https:\\\/\\\/gazetteinfos.net\\\/index.php\\\/2026\\\/08\\\/30\\\/rdc-a-mbuji-mayi-leglise-catholique-rend-hommage-aux-efforts-de-felix-tshisekedi-en-faveur-du-developpement\\\/\"},\"author\":{\"name\":\"gazettead2024gmailcom\",\"@id\":\"https:\\\/\\\/gazetteinfos.net\\\/#\\\/schema\\\/person\\\/d73ae61684083b98fa750c4800983201\"},\"headline\":\"RDC : \u00e0 Mbuji-Mayi, l\u2019\u00c9glise catholique rend hommage aux efforts de F\u00e9lix Tshisekedi en faveur du d\u00e9veloppement\",\"datePublished\":\"2026-08-30T15:32:15+00:00\",\"dateModified\":\"2026-08-30T15:32:18+00:00\",\"mainEntityOfPage\":{\"@id\":\"https:\\\/\\\/gazetteinfos.net\\\/index.php\\\/2026\\\/08\\\/30\\\/rdc-a-mbuji-mayi-leglise-catholique-rend-hommage-aux-efforts-de-felix-tshisekedi-en-faveur-du-developpement\\\/\"},\"wordCount\":424,\"commentCount\":0,\"publisher\":{\"@id\":\"https:\\\/\\\/gazetteinfos.net\\\/#organization\"},\"image\":{\"@id\":\"https:\\\/\\\/gazetteinfos.net\\\/index.php\\\/2026\\\/08\\\/30\\\/rdc-a-mbuji-mayi-leglise-catholique-rend-hommage-aux-efforts-de-felix-tshisekedi-en-faveur-du-developpement\\\/#primaryimage\"},\"thumbnailUrl\":\"https:\\\/\\\/gazetteinfos.net\\\/wp-content\\\/uploads\\\/2026\\\/08\\\/1788101599954.jpg\",\"articleSection\":[\"Actualit\u00e9\"],\"inLanguage\":\"fr-FR\",\"potentialAction\":[{\"@type\":\"CommentAction\",\"name\":\"Comment\",\"target\":[\"https:\\\/\\\/gazetteinfos.net\\\/index.php\\\/2026\\\/08\\\/30\\\/rdc-a-mbuji-mayi-leglise-catholique-rend-hommage-aux-efforts-de-felix-tshisekedi-en-faveur-du-developpement\\\/#respond\"]}]},{\"@type\":\"WebPage\",\"@id\":\"https:\\\/\\\/gazetteinfos.net\\\/index.php\\\/2026\\\/08\\\/30\\\/rdc-a-mbuji-mayi-leglise-catholique-rend-hommage-aux-efforts-de-felix-tshisekedi-en-faveur-du-developpement\\\/\",\"url\":\"https:\\\/\\\/gazetteinfos.net\\\/index.php\\\/2026\\\/08\\\/30\\\/rdc-a-mbuji-mayi-leglise-catholique-rend-hommage-aux-efforts-de-felix-tshisekedi-en-faveur-du-developpement\\\/\",\"name\":\"RDC : \u00e0 Mbuji-Mayi, l\u2019\u00c9glise catholique rend hommage aux efforts de F\u00e9lix Tshisekedi en faveur du d\u00e9veloppement - Gazette Info\",\"isPartOf\":{\"@id\":\"https:\\\/\\\/gazetteinfos.net\\\/#website\"},\"primaryImageOfPage\":{\"@id\":\"https:\\\/\\\/gazetteinfos.net\\\/index.php\\\/2026\\\/08\\\/30\\\/rdc-a-mbuji-mayi-leglise-catholique-rend-hommage-aux-efforts-de-felix-tshisekedi-en-faveur-du-developpement\\\/#primaryimage\"},\"image\":{\"@id\":\"https:\\\/\\\/gazetteinfos.net\\\/index.php\\\/2026\\\/08\\\/30\\\/rdc-a-mbuji-mayi-leglise-catholique-rend-hommage-aux-efforts-de-felix-tshisekedi-en-faveur-du-developpement\\\/#primaryimage\"},\"thumbnailUrl\":\"https:\\\/\\\/gazetteinfos.net\\\/wp-content\\\/uploads\\\/2026\\\/08\\\/1788101599954.jpg\",\"datePublished\":\"2026-08-30T15:32:15+00:00\",\"dateModified\":\"2026-08-30T15:32:18+00:00\",\"breadcrumb\":{\"@id\":\"https:\\\/\\\/gazetteinfos.net\\\/index.php\\\/2026\\\/08\\\/30\\\/rdc-a-mbuji-mayi-leglise-catholique-rend-hommage-aux-efforts-de-felix-tshisekedi-en-faveur-du-developpement\\\/#breadcrumb\"},\"inLanguage\":\"fr-FR\",\"potentialAction\":[{\"@type\":\"ReadAction\",\"target\":[\"https:\\\/\\\/gazetteinfos.net\\\/index.php\\\/2026\\\/08\\\/30\\\/rdc-a-mbuji-mayi-leglise-catholique-rend-hommage-aux-efforts-de-felix-tshisekedi-en-faveur-du-developpement\\\/\"]}]},{\"@type\":\"ImageObject\",\"inLanguage\":\"fr-FR\",\"@id\":\"https:\\\/\\\/gazetteinfos.net\\\/index.php\\\/2026\\\/08\\\/30\\\/rdc-a-mbuji-mayi-leglise-catholique-rend-hommage-aux-efforts-de-felix-tshisekedi-en-faveur-du-developpement\\\/#primaryimage\",\"url\":\"https:\\\/\\\/gazetteinfos.net\\\/wp-content\\\/uploads\\\/2026\\\/08\\\/1788101599954.jpg\",\"contentUrl\":\"https:\\\/\\\/gazetteinfos.net\\\/wp-content\\\/uploads\\\/2026\\\/08\\\/1788101599954.jpg\",\"width\":720,\"height\":434},{\"@type\":\"BreadcrumbList\",\"@id\":\"https:\\\/\\\/gazetteinfos.net\\\/index.php\\\/2026\\\/08\\\/30\\\/rdc-a-mbuji-mayi-leglise-catholique-rend-hommage-aux-efforts-de-felix-tshisekedi-en-faveur-du-developpement\\\/#breadcrumb\",\"itemListElement\":[{\"@type\":\"ListItem\",\"position\":1,\"name\":\"Home\",\"item\":\"https:\\\/\\\/gazetteinfos.net\\\/index.php\\\/accueil\\\/?lang=fr\"},{\"@type\":\"ListItem\",\"position\":2,\"name\":\"RDC : \u00e0 Mbuji-Mayi, l\u2019\u00c9glise catholique rend hommage aux efforts de F\u00e9lix Tshisekedi en faveur du d\u00e9veloppement\"}]},{\"@type\":\"WebSite\",\"@id\":\"https:\\\/\\\/gazetteinfos.net\\\/#website\",\"url\":\"https:\\\/\\\/gazetteinfos.net\\\/\",\"name\":\"Gazette Info\",\"description\":\"L&#039;actualit\u00e9 au galop du cheval.\",\"publisher\":{\"@id\":\"https:\\\/\\\/gazetteinfos.net\\\/#organization\"},\"potentialAction\":[{\"@type\":\"SearchAction\",\"target\":{\"@type\":\"EntryPoint\",\"urlTemplate\":\"https:\\\/\\\/gazetteinfos.net\\\/?s={search_term_string}\"},\"query-input\":{\"@type\":\"PropertyValueSpecification\",\"valueRequired\":true,\"valueName\":\"search_term_string\"}}],\"inLanguage\":\"fr-FR\"},{\"@type\":\"Organization\",\"@id\":\"https:\\\/\\\/gazetteinfos.net\\\/#organization\",\"name\":\"Gazette Info\",\"url\":\"https:\\\/\\\/gazetteinfos.net\\\/\",\"logo\":{\"@type\":\"ImageObject\",\"inLanguage\":\"fr-FR\",\"@id\":\"https:\\\/\\\/gazetteinfos.net\\\/#\\\/schema\\\/logo\\\/image\\\/\",\"url\":\"https:\\\/\\\/gazetteinfos.net\\\/wp-content\\\/uploads\\\/2026\\\/08\\\/gazetteinfos-logo.png\",\"contentUrl\":\"https:\\\/\\\/gazetteinfos.net\\\/wp-content\\\/uploads\\\/2026\\\/08\\\/gazetteinfos-logo.png\",\"width\":1000,\"height\":250,\"caption\":\"Gazette Info\"},\"image\":{\"@id\":\"https:\\\/\\\/gazetteinfos.net\\\/#\\\/schema\\\/logo\\\/image\\\/\"}},{\"@type\":\"Person\",\"@id\":\"https:\\\/\\\/gazetteinfos.net\\\/#\\\/schema\\\/person\\\/d73ae61684083b98fa750c4800983201\",\"name\":\"gazettead2024gmailcom\",\"image\":{\"@type\":\"ImageObject\",\"inLanguage\":\"fr-FR\",\"@id\":\"https:\\\/\\\/secure.gravatar.com\\\/avatar\\\/8048ee0a120df59b2e841e99cd89588ad9a8b630732b434146f25e14cc0a442f?s=96&d=mm&r=g\",\"url\":\"https:\\\/\\\/secure.gravatar.com\\\/avatar\\\/8048ee0a120df59b2e841e99cd89588ad9a8b630732b434146f25e14cc0a442f?s=96&d=mm&r=g\",\"contentUrl\":\"https:\\\/\\\/secure.gravatar.com\\\/avatar\\\/8048ee0a120df59b2e841e99cd89588ad9a8b630732b434146f25e14cc0a442f?s=96&d=mm&r=g\",\"caption\":\"gazettead2024gmailcom\"},\"sameAs\":[\"https:\\\/\\\/gazetteinfos.net\"],\"url\":\"https:\\\/\\\/gazetteinfos.net\\\/index.php\\\/author\\\/gazettead2024gmailcom\\\/\"}]}<\/script>\n<!-- \/ Yoast SEO plugin. -->","yoast_head_json":{"title":"RDC : \u00e0 Mbuji-Mayi, l\u2019\u00c9glise catholique rend hommage aux efforts de F\u00e9lix Tshisekedi en faveur du d\u00e9veloppement - Gazette Info","robots":{"index":"index","follow":"follow","max-snippet":"max-snippet:-1","max-image-preview":"max-image-preview:large","max-video-preview":"max-video-preview:-1"},"canonical":"https:\/\/gazetteinfos.net\/index.php\/2026\/08\/30\/rdc-a-mbuji-mayi-leglise-catholique-rend-hommage-aux-efforts-de-felix-tshisekedi-en-faveur-du-developpement\/","og_locale":"fr_FR","og_type":"article","og_title":"RDC : \u00e0 Mbuji-Mayi, l\u2019\u00c9glise catholique rend hommage aux efforts de F\u00e9lix Tshisekedi en faveur du d\u00e9veloppement - Gazette Info","og_description":"Mbuji-Mayi \u2013 Des hommages ont \u00e9t\u00e9 rendus, dimanche, au pr\u00e9sident de la R\u00e9publique d\u00e9mocratique du Congo, F\u00e9lix Tshisekedi, pour ses efforts en faveur de la reconstruction et\u2026","og_url":"https:\/\/gazetteinfos.net\/index.php\/2026\/08\/30\/rdc-a-mbuji-mayi-leglise-catholique-rend-hommage-aux-efforts-de-felix-tshisekedi-en-faveur-du-developpement\/","og_site_name":"Gazette Info","article_published_time":"2026-08-30T15:32:15+00:00","article_modified_time":"2026-08-30T15:32:18+00:00","og_image":[{"width":720,"height":434,"url":"https:\/\/gazetteinfos.net\/wp-content\/uploads\/2026\/08\/1788101599954.jpg","type":"image\/jpeg"}],"author":"gazettead2024gmailcom","twitter_card":"summary_large_image","twitter_misc":{"\u00c9crit par":"gazettead2024gmailcom","Dur\u00e9e de lecture estim\u00e9e":"2 minutes"},"schema":{"@context":"https:\/\/schema.org","@graph":[{"@type":"Article","@id":"https:\/\/gazetteinfos.net\/index.php\/2026\/08\/30\/rdc-a-mbuji-mayi-leglise-catholique-rend-hommage-aux-efforts-de-felix-tshisekedi-en-faveur-du-developpement\/#article","isPartOf":{"@id":"https:\/\/gazetteinfos.net\/index.php\/2026\/08\/30\/rdc-a-mbuji-mayi-leglise-catholique-rend-hommage-aux-efforts-de-felix-tshisekedi-en-faveur-du-developpement\/"},"author":{"name":"gazettead2024gmailcom","@id":"https:\/\/gazetteinfos.net\/#\/schema\/person\/d73ae61684083b98fa750c4800983201"},"headline":"RDC : \u00e0 Mbuji-Mayi, l\u2019\u00c9glise catholique rend hommage aux efforts de F\u00e9lix Tshisekedi en faveur du d\u00e9veloppement","datePublished":"2026-08-30T15:32:15+00:00","dateModified":"2026-08-30T15:32:18+00:00","mainEntityOfPage":{"@id":"https:\/\/gazetteinfos.net\/index.php\/2026\/08\/30\/rdc-a-mbuji-mayi-leglise-catholique-rend-hommage-aux-efforts-de-felix-tshisekedi-en-faveur-du-developpement\/"},"wordCount":424,"commentCount":0,"publisher":{"@id":"https:\/\/gazetteinfos.net\/#organization"},"image":{"@id":"https:\/\/gazetteinfos.net\/index.php\/2026\/08\/30\/rdc-a-mbuji-mayi-leglise-catholique-rend-hommage-aux-efforts-de-felix-tshisekedi-en-faveur-du-developpement\/#primaryimage"},"thumbnailUrl":"https:\/\/gazetteinfos.net\/wp-content\/uploads\/2026\/08\/1788101599954.jpg","articleSection":["Actualit\u00e9"],"inLanguage":"fr-FR","potentialAction":[{"@type":"CommentAction","name":"Comment","target":["https:\/\/gazetteinfos.net\/index.php\/2026\/08\/30\/rdc-a-mbuji-mayi-leglise-catholique-rend-hommage-aux-efforts-de-felix-tshisekedi-en-faveur-du-developpement\/#respond"]}]},{"@type":"WebPage","@id":"https:\/\/gazetteinfos.net\/index.php\/2026\/08\/30\/rdc-a-mbuji-mayi-leglise-catholique-rend-hommage-aux-efforts-de-felix-tshisekedi-en-faveur-du-developpement\/","url":"https:\/\/gazetteinfos.net\/index.php\/2026\/08\/30\/rdc-a-mbuji-mayi-leglise-catholique-rend-hommage-aux-efforts-de-felix-tshisekedi-en-faveur-du-developpement\/","name":"RDC : \u00e0 Mbuji-Mayi, l\u2019\u00c9glise catholique rend hommage aux efforts de F\u00e9lix Tshisekedi en faveur du d\u00e9veloppement - Gazette Info","isPartOf":{"@id":"https:\/\/gazetteinfos.net\/#website"},"primaryImageOfPage":{"@id":"https:\/\/gazetteinfos.net\/index.php\/2026\/08\/30\/rdc-a-mbuji-mayi-leglise-catholique-rend-hommage-aux-efforts-de-felix-tshisekedi-en-faveur-du-developpement\/#primaryimage"},"image":{"@id":"https:\/\/gazetteinfos.net\/index.php\/2026\/08\/30\/rdc-a-mbuji-mayi-leglise-catholique-rend-hommage-aux-efforts-de-felix-tshisekedi-en-faveur-du-developpement\/#primaryimage"},"thumbnailUrl":"https:\/\/gazetteinfos.net\/wp-content\/uploads\/2026\/08\/1788101599954.jpg","datePublished":"2026-08-30T15:32:15+00:00","dateModified":"2026-08-30T15:32:18+00:00","breadcrumb":{"@id":"https:\/\/gazetteinfos.net\/index.php\/2026\/08\/30\/rdc-a-mbuji-mayi-leglise-catholique-rend-hommage-aux-efforts-de-felix-tshisekedi-en-faveur-du-developpement\/#breadcrumb"},"inLanguage":"fr-FR","potentialAction":[{"@type":"ReadAction","target":["https:\/\/gazetteinfos.net\/index.php\/2026\/08\/30\/rdc-a-mbuji-mayi-leglise-catholique-rend-hommage-aux-efforts-de-felix-tshisekedi-en-faveur-du-developpement\/"]}]},{"@type":"ImageObject","inLanguage":"fr-FR","@id":"https:\/\/gazetteinfos.net\/index.php\/2026\/08\/30\/rdc-a-mbuji-mayi-leglise-catholique-rend-hommage-aux-efforts-de-felix-tshisekedi-en-faveur-du-developpement\/#primaryimage","url":"https:\/\/gazetteinfos.net\/wp-content\/uploads\/2026\/08\/1788101599954.jpg","contentUrl":"https:\/\/gazetteinfos.net\/wp-content\/uploads\/2026\/08\/1788101599954.jpg","width":720,"height":434},{"@type":"BreadcrumbList","@id":"https:\/\/gazetteinfos.net\/index.php\/2026\/08\/30\/rdc-a-mbuji-mayi-leglise-catholique-rend-hommage-aux-efforts-de-felix-tshisekedi-en-faveur-du-developpement\/#breadcrumb","itemListElement":[{"@type":"ListItem","position":1,"name":"Home","item":"https:\/\/gazetteinfos.net\/index.php\/accueil\/?lang=fr"},{"@type":"ListItem","position":2,"name":"RDC : \u00e0 Mbuji-Mayi, l\u2019\u00c9glise catholique rend hommage aux efforts de F\u00e9lix Tshisekedi en faveur du d\u00e9veloppement"}]},{"@type":"WebSite","@id":"https:\/\/gazetteinfos.net\/#website","url":"https:\/\/gazetteinfos.net\/","name":"Gazette Info","description":"L&#039;actualit\u00e9 au galop du cheval.","publisher":{"@id":"https:\/\/gazetteinfos.net\/#organization"},"potentialAction":[{"@type":"SearchAction","target":{"@type":"EntryPoint","urlTemplate":"https:\/\/gazetteinfos.net\/?s={search_term_string}"},"query-input":{"@type":"PropertyValueSpecification","valueRequired":true,"valueName":"search_term_string"}}],"inLanguage":"fr-FR"},{"@type":"Organization","@id":"https:\/\/gazetteinfos.net\/#organization","name":"Gazette Info","url":"https:\/\/gazetteinfos.net\/","logo":{"@type":"ImageObject","inLanguage":"fr-FR","@id":"https:\/\/gazetteinfos.net\/#\/schema\/logo\/image\/","url":"https:\/\/gazetteinfos.net\/wp-content\/uploads\/2026\/08\/gazetteinfos-logo.png","contentUrl":"https:\/\/gazetteinfos.net\/wp-content\/uploads\/2026\/08\/gazetteinfos-logo.png","width":1000,"height":250,"caption":"Gazette Info"},"image":{"@id":"https:\/\/gazetteinfos.net\/#\/schema\/logo\/image\/"}},{"@type":"Person","@id":"https:\/\/gazetteinfos.net\/#\/schema\/person\/d73ae61684083b98fa750c4800983201","name":"gazettead2024gmailcom","image":{"@type":"ImageObject","inLanguage":"fr-FR","@id":"https:\/\/secure.gravatar.com\/avatar\/8048ee0a120df59b2e841e99cd89588ad9a8b630732b434146f25e14cc0a442f?s=96&d=mm&r=g","url":"https:\/\/secure.gravatar.com\/avatar\/8048ee0a120df59b2e841e99cd89588ad9a8b630732b434146f25e14cc0a442f?s=96&d=mm&r=g","contentUrl":"https:\/\/secure.gravatar.com\/avatar\/8048ee0a120df59b2e841e99cd89588ad9a8b630732b434146f25e14cc0a442f?s=96&d=mm&r=g","caption":"gazettead2024gmailcom"},"sameAs":["https:\/\/gazetteinfos.net"],"url":"https:\/\/gazetteinfos.net\/index.php\/author\/gazettead2024gmailcom\/"}]}},"_links":{"self":[{"href":"https:\/\/gazetteinfos.net\/index.php\/wp-json\/wp\/v2\/posts\/297","targetHints":{"allow":["GET"]}}],"collection":[{"href":"https:\/\/gazetteinfos.net\/index.php\/wp-json\/wp\/v2\/posts"}],"about":[{"href":"https:\/\/gazetteinfos.net\/index.php\/wp-json\/wp\/v2\/types\/post"}],"author":[{"embeddable":true,"href":"https:\/\/gazetteinfos.net\/index.php\/wp-json\/wp\/v2\/users\/1"}],"replies":[{"embeddable":true,"href":"https:\/\/gazetteinfos.net\/index.php\/wp-json\/wp\/v2\/comments?post=297"}],"version-history":[{"count":1,"href":"https:\/\/gazetteinfos.net\/index.php\/wp-json\/wp\/v2\/posts\/297\/revisions"}],"predecessor-version":[{"id":299,"href":"https:\/\/gazetteinfos.net\/index.php\/wp-json\/wp\/v2\/posts\/297\/revisions\/299"}],"wp:featuredmedia":[{"embeddable":true,"href":"https:\/\/gazetteinfos.net\/index.php\/wp-json\/wp\/v2\/media\/298"}],"wp:attachment":[{"href":"https:\/\/gazetteinfos.net\/index.php\/wp-json\/wp\/v2\/media?parent=297"}],"wp:term":[{"taxonomy":"category","embeddable":true,"href":"https:\/\/gazetteinfos.net\/index.php\/wp-json\/wp\/v2\/categories?post=297"},{"taxonomy":"post_tag","embeddable":true,"href":"https:\/\/gazetteinfos.net\/index.php\/wp-json\/wp\/v2\/tags?post=297"},{"taxonomy":"gi_province","embeddable":true,"href":"https:\/\/gazetteinfos.net\/index.php\/wp-json\/wp\/v2\/gi_province?post=297"}],"curies":[{"name":"wp","href":"https:\/\/api.w.org\/{rel}","templated":true}]}}